{"id":8509,"date":"2015-11-06T11:52:24","date_gmt":"2015-11-06T09:52:24","guid":{"rendered":"http:\/\/sttk.qa.web-veistamo.fi\/sv\/?p=8509"},"modified":"2015-11-20T11:53:18","modified_gmt":"2015-11-20T09:53:18","slug":"silja-paavola-vardaren-har-fortjanat-sin-lon","status":"publish","type":"post","link":"https:\/\/www.sttk.fi\/sv\/2015\/11\/06\/silja-paavola-vardaren-har-fortjanat-sin-lon\/","title":{"rendered":"Silja Paavola: V\u00e5rdaren har f\u00f6rtj\u00e4nat sin l\u00f6n"},"content":{"rendered":"<p>Som ordf\u00f6rande f\u00f6r SuPer \u00e4r jag arg och best\u00f6rt \u00f6ver hur regeringen v\u00e4rdes\u00e4tter v\u00e5rt arbete.\u00a0 Regeringen har i sin vishet beslutat att f\u00f6resl\u00e5 spartalkon som i huvudsak riktar sig mot kvinnobranscher och dessutom mot dem som producerar v\u00e4lf\u00e4rdstj\u00e4nster och deras l\u00f6nekuvert. Det h\u00e4r \u00e4r vackert sagt ett utnyttjande, f\u00f6r m\u00e4nniskorna inom de h\u00e4r branscherna \u00e4r samvetsgranna arbetstagare som s\u00e4tter den v\u00e5rdades, klientens och barnets behov i f\u00f6rgrunden. \u00c4r det s\u00e5 att regeringen r\u00e4knar med dessa arbetstagares etik, eller \u00e4r det regeringens tanke att vi p\u00e5 det h\u00e4r s\u00e4ttet r\u00e4ddar landet fr\u00e5n ekonomiskt tr\u00e5ngm\u00e5l. Ganska sv\u00e5rt att t\u00e4nka sig att h\u00e4r \u00e4r r\u00e4ddningen f\u00f6r situationen i Finland, n\u00e4r m\u00e5let \u00e4r att exporten ska b\u00f6rja l\u00f6pa b\u00e4ttre. Exportens betydelse f\u00f6r ekonomin i sin helhet har ingen n\u00e5gonsin f\u00f6rnekat, men hur man f\u00e5r den att \u00f6ka \u00e4r nog genom att arbeta, inte genom att utarma hush\u00e5llen.<\/p>\n<p>Ta till exempel superiternas hush\u00e5ll, allts\u00e5 vart l\u00f6nen g\u00e5r och hur den p\u00e5verkar samh\u00e4llsekonomin i Finland. L\u00f6nen f\u00f6r en superit \u00e4r ungef\u00e4r 2100\u20132500 euro brutto, s\u00e5 den del som blir kvar i handen g\u00e5r nog ganska j\u00e4mnt ut till att h\u00e5lla den egna ekonomin p\u00e5 f\u00f6tter. S\u00e4kert inte till skrytkonsumtion. Om hush\u00e5llens konsumtion minskar har det direkta \u00e5terverkningar p\u00e5 skatteutfallet. Det \u00e4r i sin tur illa f\u00f6r den kommunala och den statliga ekonomin. Finlands ekonomiska problem h\u00e4rleder sig fr\u00e5n helt andra faktorer \u00e4n v\u00e4lf\u00e4rdsarbetarnas l\u00f6ner. Jag har emellan\u00e5t konstaterat att \u00e4ven om superiterna och de \u00f6vriga som producerar v\u00e4lf\u00e4rdstj\u00e4nster skulle arbeta utan l\u00f6n, skulle det inte generera varor som s\u00e4ljer utomlands.<\/p>\n<p>V\u00e5rdarna \u00e4r genom sitt arbete ekonomiskt produktiva f\u00f6r v\u00e5rt land. Var placerar man barnen, de sjuka och de gamla utan oss, n\u00e4r m\u00e4nniskorna ska g\u00e5 till sitt arbete? Vem sk\u00f6ter dem d\u00e5? Vi kan inte vrida klockorna tillbaka och s\u00e4ga att kvinnorna ska hem och sk\u00f6ta dem som beh\u00f6ver v\u00e5rd. Det h\u00e4r kan inte heller vara regeringens syfte, n\u00e4r de samtidigt betonar att vi m\u00e5ste f\u00e5 flera arbetande. Kvinnorna har varit och kommer att vara en resurs som Finland fortfarande beh\u00f6ver. Det \u00e4r produktivt och helhetsekonomiskt att v\u00e5rda \u00e4ven om det n\u00e4stan uteslutande sker med skattemedel. Utan v\u00e4lf\u00e4rdstj\u00e4nster och \u00f6vrig offentlig verksamhet, dagv\u00e5rd, utbildning, v\u00e5rd eller infra hade vi aldrig f\u00e5tt den uppskattning och st\u00e4llning vi har i v\u00e4rlden.<\/p>\n<p>Verksamhet som genomf\u00f6rs med offentliga pengar f\u00e5r inte utnyttjas som ekonomisk buffert. V\u00e5rt land beh\u00f6ver h\u00f6gklassig verksamhet inom de h\u00e4r branscherna f\u00f6r att vi ska kunna bibeh\u00e5lla v\u00e5rt anseende inom kunnande och v\u00e4lf\u00e4rd ocks\u00e5 i framtiden. V\u00e5rdarna har allts\u00e5 f\u00f6rtj\u00e4nat sin l\u00f6n, likas\u00e5 de l\u00e5nga ledigheterna och de ers\u00e4ttningar som man en g\u00e5ng enades om i st\u00e4llet f\u00f6r l\u00f6neh\u00f6jningar.<\/p>\n<p>Sjukdom f\u00e5r inte heller g\u00f6ras straffbar. En sjukdom \u00e4r inte ett guds straff utan ofta ett anfall av virus eller bakterier p\u00e5 vilket kroppen reagerar. Mot den reaktionen hj\u00e4lper bara vila \u2013 inte arbete, vilket ocks\u00e5 m\u00e5nga experter inom branschen s\u00e4ger.<\/p>\n<p>Trots allt \u00e4r vi kunniga och bra arbetstagare, som beh\u00f6vs.<\/p>\n<p>Silja Paavola, ordf\u00f6rande f\u00f6r SuPer<\/p>\n","protected":false},"excerpt":{"rendered":"Som ordf\u00f6rande f\u00f6r SuPer \u00e4r jag arg och best\u00f6rt \u00f6ver hur regeringen v\u00e4rdes\u00e4tter v\u00e5rt arbete.\u00a0 Regeringen har i&#8230; ","protected":false},"author":3,"featured_media":0,"comment_status":"open","ping_status":"open","sticky":false,"template":"","format":"standard","meta":{"_acf_changed":false,"lead_paragraph":"","footnotes":""},"categories":[190],"subject":[],"class_list":["post-8509","post","type-post","status-publish","format-standard","hentry","category-fackforbunds-meddelande"],"acf":{"lead_paragraph":""},"yoast_head":"<!-- This site is optimized with the Yoast SEO plugin v27.4 - https:\/\/yoast.com\/product\/yoast-seo-wordpress\/ -->\n<title>Silja Paavola: V\u00e5rdaren har f\u00f6rtj\u00e4nat sin l\u00f6n - STTK<\/title>\n<meta name=\"robots\" content=\"index, follow, max-snippet:-1, max-image-preview:large, max-video-preview:-1\" \/>\n<link rel=\"canonical\" href=\"https:\/\/www.sttk.fi\/sv\/2015\/11\/06\/silja-paavola-vardaren-har-fortjanat-sin-lon\/\" \/>\n<meta property=\"og:locale\" content=\"sv_SE\" \/>\n<meta property=\"og:type\" content=\"article\" \/>\n<meta property=\"og:title\" content=\"Silja Paavola: V\u00e5rdaren har f\u00f6rtj\u00e4nat sin l\u00f6n - STTK\" \/>\n<meta property=\"og:description\" content=\"Som ordf\u00f6rande f\u00f6r SuPer \u00e4r jag arg och best\u00f6rt \u00f6ver hur regeringen v\u00e4rdes\u00e4tter v\u00e5rt arbete.\u00a0 Regeringen har i...\" \/>\n<meta property=\"og:url\" content=\"https:\/\/www.sttk.fi\/sv\/2015\/11\/06\/silja-paavola-vardaren-har-fortjanat-sin-lon\/\" \/>\n<meta property=\"og:site_name\" content=\"STTK\" \/>\n<meta property=\"article:publisher\" content=\"https:\/\/www.facebook.com\/#%21%2fKeskusjarjestoSTTK\" \/>\n<meta property=\"article:published_time\" content=\"2015-11-06T09:52:24+00:00\" \/>\n<meta property=\"article:modified_time\" content=\"2015-11-20T09:53:18+00:00\" \/>\n<meta property=\"og:image\" content=\"https:\/\/www.sttk.fi\/wp-content\/uploads\/sites\/2\/2020\/08\/some-logo.png\" \/>\n\t<meta property=\"og:image:width\" content=\"1130\" \/>\n\t<meta property=\"og:image:height\" content=\"682\" \/>\n\t<meta property=\"og:image:type\" content=\"image\/png\" \/>\n<meta name=\"twitter:card\" content=\"summary_large_image\" \/>\n<meta name=\"twitter:creator\" content=\"@STTKMikonkatu\" \/>\n<meta name=\"twitter:site\" content=\"@STTKMikonkatu\" \/>\n<meta name=\"twitter:label1\" content=\"Written by\" \/>\n\t<meta name=\"twitter:data1\" content=\"paka\" \/>\n\t<meta name=\"twitter:label2\" content=\"Est. reading time\" \/>\n\t<meta name=\"twitter:data2\" content=\"3 minuter\" \/>\n<script type=\"application\/ld+json\" class=\"yoast-schema-graph\">{\"@context\":\"https:\\\/\\\/schema.org\",\"@graph\":[{\"@type\":\"Article\",\"@id\":\"https:\\\/\\\/www.sttk.fi\\\/sv\\\/2015\\\/11\\\/06\\\/silja-paavola-vardaren-har-fortjanat-sin-lon\\\/#article\",\"isPartOf\":{\"@id\":\"https:\\\/\\\/www.sttk.fi\\\/sv\\\/2015\\\/11\\\/06\\\/silja-paavola-vardaren-har-fortjanat-sin-lon\\\/\"},\"author\":{\"name\":\"paka\",\"@id\":\"https:\\\/\\\/www.sttk.fi\\\/#\\\/schema\\\/person\\\/58abb54d7b15ed34e29dc4514a5c1210\"},\"headline\":\"Silja Paavola: V\u00e5rdaren har f\u00f6rtj\u00e4nat sin l\u00f6n\",\"datePublished\":\"2015-11-06T09:52:24+00:00\",\"dateModified\":\"2015-11-20T09:53:18+00:00\",\"mainEntityOfPage\":{\"@id\":\"https:\\\/\\\/www.sttk.fi\\\/sv\\\/2015\\\/11\\\/06\\\/silja-paavola-vardaren-har-fortjanat-sin-lon\\\/\"},\"wordCount\":617,\"commentCount\":0,\"publisher\":{\"@id\":\"https:\\\/\\\/www.sttk.fi\\\/#organization\"},\"articleSection\":[\"Fackf\u00f6rbunds meddelande\"],\"inLanguage\":\"sv-SE\",\"potentialAction\":[{\"@type\":\"CommentAction\",\"name\":\"Comment\",\"target\":[\"https:\\\/\\\/www.sttk.fi\\\/sv\\\/2015\\\/11\\\/06\\\/silja-paavola-vardaren-har-fortjanat-sin-lon\\\/#respond\"]}]},{\"@type\":\"WebPage\",\"@id\":\"https:\\\/\\\/www.sttk.fi\\\/sv\\\/2015\\\/11\\\/06\\\/silja-paavola-vardaren-har-fortjanat-sin-lon\\\/\",\"url\":\"https:\\\/\\\/www.sttk.fi\\\/sv\\\/2015\\\/11\\\/06\\\/silja-paavola-vardaren-har-fortjanat-sin-lon\\\/\",\"name\":\"Silja Paavola: V\u00e5rdaren har f\u00f6rtj\u00e4nat sin l\u00f6n - STTK\",\"isPartOf\":{\"@id\":\"https:\\\/\\\/www.sttk.fi\\\/#website\"},\"datePublished\":\"2015-11-06T09:52:24+00:00\",\"dateModified\":\"2015-11-20T09:53:18+00:00\",\"breadcrumb\":{\"@id\":\"https:\\\/\\\/www.sttk.fi\\\/sv\\\/2015\\\/11\\\/06\\\/silja-paavola-vardaren-har-fortjanat-sin-lon\\\/#breadcrumb\"},\"inLanguage\":\"sv-SE\",\"potentialAction\":[{\"@type\":\"ReadAction\",\"target\":[\"https:\\\/\\\/www.sttk.fi\\\/sv\\\/2015\\\/11\\\/06\\\/silja-paavola-vardaren-har-fortjanat-sin-lon\\\/\"]}]},{\"@type\":\"BreadcrumbList\",\"@id\":\"https:\\\/\\\/www.sttk.fi\\\/sv\\\/2015\\\/11\\\/06\\\/silja-paavola-vardaren-har-fortjanat-sin-lon\\\/#breadcrumb\",\"itemListElement\":[{\"@type\":\"ListItem\",\"position\":1,\"name\":\"Home\",\"item\":\"https:\\\/\\\/www.sttk.fi\\\/sv\\\/\"},{\"@type\":\"ListItem\",\"position\":2,\"name\":\"Silja Paavola: V\u00e5rdaren har f\u00f6rtj\u00e4nat sin l\u00f6n\"}]},{\"@type\":\"WebSite\",\"@id\":\"https:\\\/\\\/www.sttk.fi\\\/#website\",\"url\":\"https:\\\/\\\/www.sttk.fi\\\/\",\"name\":\"STTK\",\"description\":\"\",\"publisher\":{\"@id\":\"https:\\\/\\\/www.sttk.fi\\\/#organization\"},\"potentialAction\":[{\"@type\":\"SearchAction\",\"target\":{\"@type\":\"EntryPoint\",\"urlTemplate\":\"https:\\\/\\\/www.sttk.fi\\\/?s={search_term_string}\"},\"query-input\":{\"@type\":\"PropertyValueSpecification\",\"valueRequired\":true,\"valueName\":\"search_term_string\"}}],\"inLanguage\":\"sv-SE\"},{\"@type\":\"Organization\",\"@id\":\"https:\\\/\\\/www.sttk.fi\\\/#organization\",\"name\":\"STTK\",\"url\":\"https:\\\/\\\/www.sttk.fi\\\/\",\"logo\":{\"@type\":\"ImageObject\",\"inLanguage\":\"sv-SE\",\"@id\":\"https:\\\/\\\/www.sttk.fi\\\/#\\\/schema\\\/logo\\\/image\\\/\",\"url\":\"https:\\\/\\\/www.sttk.fi\\\/wp-content\\\/uploads\\\/sites\\\/2\\\/2025\\\/12\\\/vector3.svg\",\"contentUrl\":\"https:\\\/\\\/www.sttk.fi\\\/wp-content\\\/uploads\\\/sites\\\/2\\\/2025\\\/12\\\/vector3.svg\",\"caption\":\"STTK\"},\"image\":{\"@id\":\"https:\\\/\\\/www.sttk.fi\\\/#\\\/schema\\\/logo\\\/image\\\/\"},\"sameAs\":[\"https:\\\/\\\/www.facebook.com\\\/#!\\\/KeskusjarjestoSTTK\",\"https:\\\/\\\/x.com\\\/STTKMikonkatu\",\"http:\\\/\\\/www.youtube.com\\\/user\\\/protoimihenkilot\"]},{\"@type\":\"Person\",\"@id\":\"https:\\\/\\\/www.sttk.fi\\\/#\\\/schema\\\/person\\\/58abb54d7b15ed34e29dc4514a5c1210\",\"name\":\"paka\",\"image\":{\"@type\":\"ImageObject\",\"inLanguage\":\"sv-SE\",\"@id\":\"https:\\\/\\\/secure.gravatar.com\\\/avatar\\\/4475a9b815f64182a53e96cb5d0f5f7720cc03120a202c52530424ca5902a916?s=96&d=mm&r=g\",\"url\":\"https:\\\/\\\/secure.gravatar.com\\\/avatar\\\/4475a9b815f64182a53e96cb5d0f5f7720cc03120a202c52530424ca5902a916?s=96&d=mm&r=g\",\"contentUrl\":\"https:\\\/\\\/secure.gravatar.com\\\/avatar\\\/4475a9b815f64182a53e96cb5d0f5f7720cc03120a202c52530424ca5902a916?s=96&d=mm&r=g\",\"caption\":\"paka\"},\"url\":\"https:\\\/\\\/www.sttk.fi\\\/sv\\\/author\\\/paka\\\/\"}]}<\/script>\n<!-- \/ Yoast SEO plugin. -->","yoast_head_json":{"title":"Silja Paavola: V\u00e5rdaren har f\u00f6rtj\u00e4nat sin l\u00f6n - STTK","robots":{"index":"index","follow":"follow","max-snippet":"max-snippet:-1","max-image-preview":"max-image-preview:large","max-video-preview":"max-video-preview:-1"},"canonical":"https:\/\/www.sttk.fi\/sv\/2015\/11\/06\/silja-paavola-vardaren-har-fortjanat-sin-lon\/","og_locale":"sv_SE","og_type":"article","og_title":"Silja Paavola: V\u00e5rdaren har f\u00f6rtj\u00e4nat sin l\u00f6n - STTK","og_description":"Som ordf\u00f6rande f\u00f6r SuPer \u00e4r jag arg och best\u00f6rt \u00f6ver hur regeringen v\u00e4rdes\u00e4tter v\u00e5rt arbete.\u00a0 Regeringen har i...","og_url":"https:\/\/www.sttk.fi\/sv\/2015\/11\/06\/silja-paavola-vardaren-har-fortjanat-sin-lon\/","og_site_name":"STTK","article_publisher":"https:\/\/www.facebook.com\/#%21%2fKeskusjarjestoSTTK","article_published_time":"2015-11-06T09:52:24+00:00","article_modified_time":"2015-11-20T09:53:18+00:00","og_image":[{"width":1130,"height":682,"url":"https:\/\/www.sttk.fi\/wp-content\/uploads\/sites\/2\/2020\/08\/some-logo.png","type":"image\/png"}],"twitter_card":"summary_large_image","twitter_creator":"@STTKMikonkatu","twitter_site":"@STTKMikonkatu","twitter_misc":{"Written by":"paka","Est. reading time":"3 minuter"},"schema":{"@context":"https:\/\/schema.org","@graph":[{"@type":"Article","@id":"https:\/\/www.sttk.fi\/sv\/2015\/11\/06\/silja-paavola-vardaren-har-fortjanat-sin-lon\/#article","isPartOf":{"@id":"https:\/\/www.sttk.fi\/sv\/2015\/11\/06\/silja-paavola-vardaren-har-fortjanat-sin-lon\/"},"author":{"name":"paka","@id":"https:\/\/www.sttk.fi\/#\/schema\/person\/58abb54d7b15ed34e29dc4514a5c1210"},"headline":"Silja Paavola: V\u00e5rdaren har f\u00f6rtj\u00e4nat sin l\u00f6n","datePublished":"2015-11-06T09:52:24+00:00","dateModified":"2015-11-20T09:53:18+00:00","mainEntityOfPage":{"@id":"https:\/\/www.sttk.fi\/sv\/2015\/11\/06\/silja-paavola-vardaren-har-fortjanat-sin-lon\/"},"wordCount":617,"commentCount":0,"publisher":{"@id":"https:\/\/www.sttk.fi\/#organization"},"articleSection":["Fackf\u00f6rbunds meddelande"],"inLanguage":"sv-SE","potentialAction":[{"@type":"CommentAction","name":"Comment","target":["https:\/\/www.sttk.fi\/sv\/2015\/11\/06\/silja-paavola-vardaren-har-fortjanat-sin-lon\/#respond"]}]},{"@type":"WebPage","@id":"https:\/\/www.sttk.fi\/sv\/2015\/11\/06\/silja-paavola-vardaren-har-fortjanat-sin-lon\/","url":"https:\/\/www.sttk.fi\/sv\/2015\/11\/06\/silja-paavola-vardaren-har-fortjanat-sin-lon\/","name":"Silja Paavola: V\u00e5rdaren har f\u00f6rtj\u00e4nat sin l\u00f6n - STTK","isPartOf":{"@id":"https:\/\/www.sttk.fi\/#website"},"datePublished":"2015-11-06T09:52:24+00:00","dateModified":"2015-11-20T09:53:18+00:00","breadcrumb":{"@id":"https:\/\/www.sttk.fi\/sv\/2015\/11\/06\/silja-paavola-vardaren-har-fortjanat-sin-lon\/#breadcrumb"},"inLanguage":"sv-SE","potentialAction":[{"@type":"ReadAction","target":["https:\/\/www.sttk.fi\/sv\/2015\/11\/06\/silja-paavola-vardaren-har-fortjanat-sin-lon\/"]}]},{"@type":"BreadcrumbList","@id":"https:\/\/www.sttk.fi\/sv\/2015\/11\/06\/silja-paavola-vardaren-har-fortjanat-sin-lon\/#breadcrumb","itemListElement":[{"@type":"ListItem","position":1,"name":"Home","item":"https:\/\/www.sttk.fi\/sv\/"},{"@type":"ListItem","position":2,"name":"Silja Paavola: V\u00e5rdaren har f\u00f6rtj\u00e4nat sin l\u00f6n"}]},{"@type":"WebSite","@id":"https:\/\/www.sttk.fi\/#website","url":"https:\/\/www.sttk.fi\/","name":"STTK","description":"","publisher":{"@id":"https:\/\/www.sttk.fi\/#organization"},"potentialAction":[{"@type":"SearchAction","target":{"@type":"EntryPoint","urlTemplate":"https:\/\/www.sttk.fi\/?s={search_term_string}"},"query-input":{"@type":"PropertyValueSpecification","valueRequired":true,"valueName":"search_term_string"}}],"inLanguage":"sv-SE"},{"@type":"Organization","@id":"https:\/\/www.sttk.fi\/#organization","name":"STTK","url":"https:\/\/www.sttk.fi\/","logo":{"@type":"ImageObject","inLanguage":"sv-SE","@id":"https:\/\/www.sttk.fi\/#\/schema\/logo\/image\/","url":"https:\/\/www.sttk.fi\/wp-content\/uploads\/sites\/2\/2025\/12\/vector3.svg","contentUrl":"https:\/\/www.sttk.fi\/wp-content\/uploads\/sites\/2\/2025\/12\/vector3.svg","caption":"STTK"},"image":{"@id":"https:\/\/www.sttk.fi\/#\/schema\/logo\/image\/"},"sameAs":["https:\/\/www.facebook.com\/#!\/KeskusjarjestoSTTK","https:\/\/x.com\/STTKMikonkatu","http:\/\/www.youtube.com\/user\/protoimihenkilot"]},{"@type":"Person","@id":"https:\/\/www.sttk.fi\/#\/schema\/person\/58abb54d7b15ed34e29dc4514a5c1210","name":"paka","image":{"@type":"ImageObject","inLanguage":"sv-SE","@id":"https:\/\/secure.gravatar.com\/avatar\/4475a9b815f64182a53e96cb5d0f5f7720cc03120a202c52530424ca5902a916?s=96&d=mm&r=g","url":"https:\/\/secure.gravatar.com\/avatar\/4475a9b815f64182a53e96cb5d0f5f7720cc03120a202c52530424ca5902a916?s=96&d=mm&r=g","contentUrl":"https:\/\/secure.gravatar.com\/avatar\/4475a9b815f64182a53e96cb5d0f5f7720cc03120a202c52530424ca5902a916?s=96&d=mm&r=g","caption":"paka"},"url":"https:\/\/www.sttk.fi\/sv\/author\/paka\/"}]}},"_links":{"self":[{"href":"https:\/\/www.sttk.fi\/sv\/wp-json\/wp\/v2\/posts\/8509","targetHints":{"allow":["GET"]}}],"collection":[{"href":"https:\/\/www.sttk.fi\/sv\/wp-json\/wp\/v2\/posts"}],"about":[{"href":"https:\/\/www.sttk.fi\/sv\/wp-json\/wp\/v2\/types\/post"}],"author":[{"embeddable":true,"href":"https:\/\/www.sttk.fi\/sv\/wp-json\/wp\/v2\/users\/3"}],"replies":[{"embeddable":true,"href":"https:\/\/www.sttk.fi\/sv\/wp-json\/wp\/v2\/comments?post=8509"}],"version-history":[{"count":2,"href":"https:\/\/www.sttk.fi\/sv\/wp-json\/wp\/v2\/posts\/8509\/revisions"}],"predecessor-version":[{"id":8511,"href":"https:\/\/www.sttk.fi\/sv\/wp-json\/wp\/v2\/posts\/8509\/revisions\/8511"}],"wp:attachment":[{"href":"https:\/\/www.sttk.fi\/sv\/wp-json\/wp\/v2\/media?parent=8509"}],"wp:term":[{"taxonomy":"category","embeddable":true,"href":"https:\/\/www.sttk.fi\/sv\/wp-json\/wp\/v2\/categories?post=8509"},{"taxonomy":"subject","embeddable":true,"href":"https:\/\/www.sttk.fi\/sv\/wp-json\/wp\/v2\/subject?post=8509"}],"curies":[{"name":"wp","href":"https:\/\/api.w.org\/{rel}","templated":true}]}}