{"id":8507,"date":"2015-11-12T11:51:07","date_gmt":"2015-11-12T09:51:07","guid":{"rendered":"http:\/\/sttk.qa.web-veistamo.fi\/sv\/?p=8507"},"modified":"2015-11-20T11:51:38","modified_gmt":"2015-11-20T09:51:38","slug":"supers-ordforande-paavola-socialservicen-maste-utvecklas-pa-lika-villkor-som-halsovardsservicen","status":"publish","type":"post","link":"https:\/\/www.sttk.fi\/sv\/2015\/11\/12\/supers-ordforande-paavola-socialservicen-maste-utvecklas-pa-lika-villkor-som-halsovardsservicen\/","title":{"rendered":"SuPers ordf\u00f6rande Paavola: Socialservicen m\u00e5ste utvecklas p\u00e5 lika villkor som h\u00e4lsov\u00e5rdsservicen"},"content":{"rendered":"<p>Silja Paavola, som \u00e4r ordf\u00f6rande f\u00f6r Finlands n\u00e4rv\u00e5rdar- och prim\u00e4rsk\u00f6tarf\u00f6rbund, p\u00e5minner om att man i sote-reformen inte enbart ska betona h\u00e4lsov\u00e5rdsservicen, utan att utvecklingen av socialservicen ska v\u00e4ga lika tungt. Med tanke p\u00e5 en lyckad reform \u00e4r det viktigt att man kan trygga basservicen. Enligt Paavola \u00e4r det viktigt att servicen \u00e4ven efter reformen i huvudsak produceras av den offentliga sektorn och att den privata sektorn och tredje sektorn kompletterar den. Kvalitets- och kostnadsj\u00e4mf\u00f6relserna ska vara \u00f6ppna och tillsynen helt\u00e4ckande.<\/p>\n<p>Huvudsyftet med servicestrukturreformen inom social- och h\u00e4lsov\u00e5rden \u00e4r att trygga likv\u00e4rdiga och h\u00f6gklassiga social- och h\u00e4lsov\u00e5rdstj\u00e4nster f\u00f6r alla medborgare. \u2013 15 social- och h\u00e4lsov\u00e5rdsomr\u00e5den samt 18 sj\u00e4lvstyrelseomr\u00e5den verkar vara en riktig sote-soppa, s\u00e4ger Paavola.<\/p>\n<p>SuPer har underst\u00f6tt modellen med fem omr\u00e5den och ansett att den \u00e4r det b\u00e4sta alternativet med tanke p\u00e5 finansieringen. Det \u00e4r naturligtvis bra att man kan minska p\u00e5 antalet ansvariga akt\u00f6rer fr\u00e5n det nuvarande. Det \u00e4r ett steg i r\u00e4tt riktning, men l\u00f6ser inte \u00e4nnu problemen. I reformen f\u00f6ljer man forts\u00e4ttningsvis de tidigare strukturerna och besluten p\u00e5verkas f\u00f6r mycket av politiska maktf\u00f6rh\u00e5llanden.<\/p>\n<p>Det viktigaste m\u00e5let med reformen \u00e4r att integrera social- och h\u00e4lsov\u00e5rdsservicen till en fungerande helhet och slippa splittringen inom socialservicen. Man m\u00e5ste ocks\u00e5 trygga tillg\u00e5ngen p\u00e5 bash\u00e4lsov\u00e5rd. Den specialiserade sjukv\u00e5rden har inte varit det st\u00f6rsta problemet.<\/p>\n<p>Utbildad v\u00e5rdpersonal har en nyckelst\u00e4llning i tryggandet av servicen<br \/>\nBehovet av social- och h\u00e4lsov\u00e5rdstj\u00e4nster \u00f6kar p\u00e5 grund av den \u00e5ldrande befolkningen, liksom \u00e4ven behovet av utbildad v\u00e5rdpersonal. Med strukturella f\u00f6r\u00e4ndringar vill man ocks\u00e5 uppn\u00e5 betydande inbesparingar. Det \u00e4r viktigt att det finns tillr\u00e4ckligt med utbildad v\u00e5rdpersonal och att man inte f\u00f6rs\u00f6ker spara genom att minska p\u00e5 personalen. I produktionen av social- och h\u00e4lsov\u00e5rdsservice har utbildade n\u00e4rv\u00e5rdare och prim\u00e4rsk\u00f6tare en nyckelst\u00e4llning.<\/p>\n<p>SuPer har n\u00e4stan 90 000 medlemmar som \u00e4r utbildade inom social- och h\u00e4lsov\u00e5rden. De arbetar b\u00e5de inom den offentliga och den privata sektorn.<\/p>\n","protected":false},"excerpt":{"rendered":"Silja Paavola, som \u00e4r ordf\u00f6rande f\u00f6r Finlands n\u00e4rv\u00e5rdar- och prim\u00e4rsk\u00f6tarf\u00f6rbund, p\u00e5minner om att man i sote-reformen inte enbart&#8230; ","protected":false},"author":3,"featured_media":0,"comment_status":"open","ping_status":"open","sticky":false,"template":"","format":"standard","meta":{"_acf_changed":false,"lead_paragraph":"","footnotes":""},"categories":[190],"subject":[],"class_list":["post-8507","post","type-post","status-publish","format-standard","hentry","category-fackforbunds-meddelande"],"acf":{"lead_paragraph":""},"yoast_head":"<!-- This site is optimized with the Yoast SEO plugin v27.4 - https:\/\/yoast.com\/product\/yoast-seo-wordpress\/ -->\n<title>SuPers ordf\u00f6rande Paavola: Socialservicen m\u00e5ste utvecklas p\u00e5 lika villkor som h\u00e4lsov\u00e5rdsservicen - STTK<\/title>\n<meta name=\"robots\" content=\"index, follow, max-snippet:-1, max-image-preview:large, max-video-preview:-1\" \/>\n<link rel=\"canonical\" href=\"https:\/\/www.sttk.fi\/sv\/2015\/11\/12\/supers-ordforande-paavola-socialservicen-maste-utvecklas-pa-lika-villkor-som-halsovardsservicen\/\" \/>\n<meta property=\"og:locale\" content=\"sv_SE\" \/>\n<meta property=\"og:type\" content=\"article\" \/>\n<meta property=\"og:title\" content=\"SuPers ordf\u00f6rande Paavola: Socialservicen m\u00e5ste utvecklas p\u00e5 lika villkor som h\u00e4lsov\u00e5rdsservicen - STTK\" \/>\n<meta property=\"og:description\" content=\"Silja Paavola, som \u00e4r ordf\u00f6rande f\u00f6r Finlands n\u00e4rv\u00e5rdar- och prim\u00e4rsk\u00f6tarf\u00f6rbund, p\u00e5minner om att man i sote-reformen inte enbart...\" \/>\n<meta property=\"og:url\" content=\"https:\/\/www.sttk.fi\/sv\/2015\/11\/12\/supers-ordforande-paavola-socialservicen-maste-utvecklas-pa-lika-villkor-som-halsovardsservicen\/\" \/>\n<meta property=\"og:site_name\" content=\"STTK\" \/>\n<meta property=\"article:publisher\" content=\"https:\/\/www.facebook.com\/#%21%2fKeskusjarjestoSTTK\" \/>\n<meta property=\"article:published_time\" content=\"2015-11-12T09:51:07+00:00\" \/>\n<meta property=\"article:modified_time\" content=\"2015-11-20T09:51:38+00:00\" \/>\n<meta property=\"og:image\" content=\"https:\/\/www.sttk.fi\/wp-content\/uploads\/sites\/2\/2020\/08\/some-logo.png\" \/>\n\t<meta property=\"og:image:width\" content=\"1130\" \/>\n\t<meta property=\"og:image:height\" content=\"682\" \/>\n\t<meta property=\"og:image:type\" content=\"image\/png\" \/>\n<meta name=\"twitter:card\" content=\"summary_large_image\" \/>\n<meta name=\"twitter:creator\" content=\"@STTKMikonkatu\" \/>\n<meta name=\"twitter:site\" content=\"@STTKMikonkatu\" \/>\n<meta name=\"twitter:label1\" content=\"Written by\" \/>\n\t<meta name=\"twitter:data1\" content=\"paka\" \/>\n\t<meta name=\"twitter:label2\" content=\"Est. reading time\" \/>\n\t<meta name=\"twitter:data2\" content=\"2 minuter\" \/>\n<script type=\"application\/ld+json\" class=\"yoast-schema-graph\">{\"@context\":\"https:\\\/\\\/schema.org\",\"@graph\":[{\"@type\":\"Article\",\"@id\":\"https:\\\/\\\/www.sttk.fi\\\/sv\\\/2015\\\/11\\\/12\\\/supers-ordforande-paavola-socialservicen-maste-utvecklas-pa-lika-villkor-som-halsovardsservicen\\\/#article\",\"isPartOf\":{\"@id\":\"https:\\\/\\\/www.sttk.fi\\\/sv\\\/2015\\\/11\\\/12\\\/supers-ordforande-paavola-socialservicen-maste-utvecklas-pa-lika-villkor-som-halsovardsservicen\\\/\"},\"author\":{\"name\":\"paka\",\"@id\":\"https:\\\/\\\/www.sttk.fi\\\/#\\\/schema\\\/person\\\/58abb54d7b15ed34e29dc4514a5c1210\"},\"headline\":\"SuPers ordf\u00f6rande Paavola: Socialservicen m\u00e5ste utvecklas p\u00e5 lika villkor som h\u00e4lsov\u00e5rdsservicen\",\"datePublished\":\"2015-11-12T09:51:07+00:00\",\"dateModified\":\"2015-11-20T09:51:38+00:00\",\"mainEntityOfPage\":{\"@id\":\"https:\\\/\\\/www.sttk.fi\\\/sv\\\/2015\\\/11\\\/12\\\/supers-ordforande-paavola-socialservicen-maste-utvecklas-pa-lika-villkor-som-halsovardsservicen\\\/\"},\"wordCount\":388,\"commentCount\":0,\"publisher\":{\"@id\":\"https:\\\/\\\/www.sttk.fi\\\/#organization\"},\"articleSection\":[\"Fackf\u00f6rbunds meddelande\"],\"inLanguage\":\"sv-SE\",\"potentialAction\":[{\"@type\":\"CommentAction\",\"name\":\"Comment\",\"target\":[\"https:\\\/\\\/www.sttk.fi\\\/sv\\\/2015\\\/11\\\/12\\\/supers-ordforande-paavola-socialservicen-maste-utvecklas-pa-lika-villkor-som-halsovardsservicen\\\/#respond\"]}]},{\"@type\":\"WebPage\",\"@id\":\"https:\\\/\\\/www.sttk.fi\\\/sv\\\/2015\\\/11\\\/12\\\/supers-ordforande-paavola-socialservicen-maste-utvecklas-pa-lika-villkor-som-halsovardsservicen\\\/\",\"url\":\"https:\\\/\\\/www.sttk.fi\\\/sv\\\/2015\\\/11\\\/12\\\/supers-ordforande-paavola-socialservicen-maste-utvecklas-pa-lika-villkor-som-halsovardsservicen\\\/\",\"name\":\"SuPers ordf\u00f6rande Paavola: Socialservicen m\u00e5ste utvecklas p\u00e5 lika villkor som h\u00e4lsov\u00e5rdsservicen - STTK\",\"isPartOf\":{\"@id\":\"https:\\\/\\\/www.sttk.fi\\\/#website\"},\"datePublished\":\"2015-11-12T09:51:07+00:00\",\"dateModified\":\"2015-11-20T09:51:38+00:00\",\"breadcrumb\":{\"@id\":\"https:\\\/\\\/www.sttk.fi\\\/sv\\\/2015\\\/11\\\/12\\\/supers-ordforande-paavola-socialservicen-maste-utvecklas-pa-lika-villkor-som-halsovardsservicen\\\/#breadcrumb\"},\"inLanguage\":\"sv-SE\",\"potentialAction\":[{\"@type\":\"ReadAction\",\"target\":[\"https:\\\/\\\/www.sttk.fi\\\/sv\\\/2015\\\/11\\\/12\\\/supers-ordforande-paavola-socialservicen-maste-utvecklas-pa-lika-villkor-som-halsovardsservicen\\\/\"]}]},{\"@type\":\"BreadcrumbList\",\"@id\":\"https:\\\/\\\/www.sttk.fi\\\/sv\\\/2015\\\/11\\\/12\\\/supers-ordforande-paavola-socialservicen-maste-utvecklas-pa-lika-villkor-som-halsovardsservicen\\\/#breadcrumb\",\"itemListElement\":[{\"@type\":\"ListItem\",\"position\":1,\"name\":\"Home\",\"item\":\"https:\\\/\\\/www.sttk.fi\\\/sv\\\/\"},{\"@type\":\"ListItem\",\"position\":2,\"name\":\"SuPers ordf\u00f6rande Paavola: Socialservicen m\u00e5ste utvecklas p\u00e5 lika villkor som h\u00e4lsov\u00e5rdsservicen\"}]},{\"@type\":\"WebSite\",\"@id\":\"https:\\\/\\\/www.sttk.fi\\\/#website\",\"url\":\"https:\\\/\\\/www.sttk.fi\\\/\",\"name\":\"STTK\",\"description\":\"\",\"publisher\":{\"@id\":\"https:\\\/\\\/www.sttk.fi\\\/#organization\"},\"potentialAction\":[{\"@type\":\"SearchAction\",\"target\":{\"@type\":\"EntryPoint\",\"urlTemplate\":\"https:\\\/\\\/www.sttk.fi\\\/?s={search_term_string}\"},\"query-input\":{\"@type\":\"PropertyValueSpecification\",\"valueRequired\":true,\"valueName\":\"search_term_string\"}}],\"inLanguage\":\"sv-SE\"},{\"@type\":\"Organization\",\"@id\":\"https:\\\/\\\/www.sttk.fi\\\/#organization\",\"name\":\"STTK\",\"url\":\"https:\\\/\\\/www.sttk.fi\\\/\",\"logo\":{\"@type\":\"ImageObject\",\"inLanguage\":\"sv-SE\",\"@id\":\"https:\\\/\\\/www.sttk.fi\\\/#\\\/schema\\\/logo\\\/image\\\/\",\"url\":\"https:\\\/\\\/www.sttk.fi\\\/wp-content\\\/uploads\\\/sites\\\/2\\\/2025\\\/12\\\/vector3.svg\",\"contentUrl\":\"https:\\\/\\\/www.sttk.fi\\\/wp-content\\\/uploads\\\/sites\\\/2\\\/2025\\\/12\\\/vector3.svg\",\"caption\":\"STTK\"},\"image\":{\"@id\":\"https:\\\/\\\/www.sttk.fi\\\/#\\\/schema\\\/logo\\\/image\\\/\"},\"sameAs\":[\"https:\\\/\\\/www.facebook.com\\\/#!\\\/KeskusjarjestoSTTK\",\"https:\\\/\\\/x.com\\\/STTKMikonkatu\",\"http:\\\/\\\/www.youtube.com\\\/user\\\/protoimihenkilot\"]},{\"@type\":\"Person\",\"@id\":\"https:\\\/\\\/www.sttk.fi\\\/#\\\/schema\\\/person\\\/58abb54d7b15ed34e29dc4514a5c1210\",\"name\":\"paka\",\"image\":{\"@type\":\"ImageObject\",\"inLanguage\":\"sv-SE\",\"@id\":\"https:\\\/\\\/secure.gravatar.com\\\/avatar\\\/4475a9b815f64182a53e96cb5d0f5f7720cc03120a202c52530424ca5902a916?s=96&d=mm&r=g\",\"url\":\"https:\\\/\\\/secure.gravatar.com\\\/avatar\\\/4475a9b815f64182a53e96cb5d0f5f7720cc03120a202c52530424ca5902a916?s=96&d=mm&r=g\",\"contentUrl\":\"https:\\\/\\\/secure.gravatar.com\\\/avatar\\\/4475a9b815f64182a53e96cb5d0f5f7720cc03120a202c52530424ca5902a916?s=96&d=mm&r=g\",\"caption\":\"paka\"},\"url\":\"https:\\\/\\\/www.sttk.fi\\\/sv\\\/author\\\/paka\\\/\"}]}<\/script>\n<!-- \/ Yoast SEO plugin. -->","yoast_head_json":{"title":"SuPers ordf\u00f6rande Paavola: Socialservicen m\u00e5ste utvecklas p\u00e5 lika villkor som h\u00e4lsov\u00e5rdsservicen - STTK","robots":{"index":"index","follow":"follow","max-snippet":"max-snippet:-1","max-image-preview":"max-image-preview:large","max-video-preview":"max-video-preview:-1"},"canonical":"https:\/\/www.sttk.fi\/sv\/2015\/11\/12\/supers-ordforande-paavola-socialservicen-maste-utvecklas-pa-lika-villkor-som-halsovardsservicen\/","og_locale":"sv_SE","og_type":"article","og_title":"SuPers ordf\u00f6rande Paavola: Socialservicen m\u00e5ste utvecklas p\u00e5 lika villkor som h\u00e4lsov\u00e5rdsservicen - STTK","og_description":"Silja Paavola, som \u00e4r ordf\u00f6rande f\u00f6r Finlands n\u00e4rv\u00e5rdar- och prim\u00e4rsk\u00f6tarf\u00f6rbund, p\u00e5minner om att man i sote-reformen inte enbart...","og_url":"https:\/\/www.sttk.fi\/sv\/2015\/11\/12\/supers-ordforande-paavola-socialservicen-maste-utvecklas-pa-lika-villkor-som-halsovardsservicen\/","og_site_name":"STTK","article_publisher":"https:\/\/www.facebook.com\/#%21%2fKeskusjarjestoSTTK","article_published_time":"2015-11-12T09:51:07+00:00","article_modified_time":"2015-11-20T09:51:38+00:00","og_image":[{"width":1130,"height":682,"url":"https:\/\/www.sttk.fi\/wp-content\/uploads\/sites\/2\/2020\/08\/some-logo.png","type":"image\/png"}],"twitter_card":"summary_large_image","twitter_creator":"@STTKMikonkatu","twitter_site":"@STTKMikonkatu","twitter_misc":{"Written by":"paka","Est. reading time":"2 minuter"},"schema":{"@context":"https:\/\/schema.org","@graph":[{"@type":"Article","@id":"https:\/\/www.sttk.fi\/sv\/2015\/11\/12\/supers-ordforande-paavola-socialservicen-maste-utvecklas-pa-lika-villkor-som-halsovardsservicen\/#article","isPartOf":{"@id":"https:\/\/www.sttk.fi\/sv\/2015\/11\/12\/supers-ordforande-paavola-socialservicen-maste-utvecklas-pa-lika-villkor-som-halsovardsservicen\/"},"author":{"name":"paka","@id":"https:\/\/www.sttk.fi\/#\/schema\/person\/58abb54d7b15ed34e29dc4514a5c1210"},"headline":"SuPers ordf\u00f6rande Paavola: Socialservicen m\u00e5ste utvecklas p\u00e5 lika villkor som h\u00e4lsov\u00e5rdsservicen","datePublished":"2015-11-12T09:51:07+00:00","dateModified":"2015-11-20T09:51:38+00:00","mainEntityOfPage":{"@id":"https:\/\/www.sttk.fi\/sv\/2015\/11\/12\/supers-ordforande-paavola-socialservicen-maste-utvecklas-pa-lika-villkor-som-halsovardsservicen\/"},"wordCount":388,"commentCount":0,"publisher":{"@id":"https:\/\/www.sttk.fi\/#organization"},"articleSection":["Fackf\u00f6rbunds meddelande"],"inLanguage":"sv-SE","potentialAction":[{"@type":"CommentAction","name":"Comment","target":["https:\/\/www.sttk.fi\/sv\/2015\/11\/12\/supers-ordforande-paavola-socialservicen-maste-utvecklas-pa-lika-villkor-som-halsovardsservicen\/#respond"]}]},{"@type":"WebPage","@id":"https:\/\/www.sttk.fi\/sv\/2015\/11\/12\/supers-ordforande-paavola-socialservicen-maste-utvecklas-pa-lika-villkor-som-halsovardsservicen\/","url":"https:\/\/www.sttk.fi\/sv\/2015\/11\/12\/supers-ordforande-paavola-socialservicen-maste-utvecklas-pa-lika-villkor-som-halsovardsservicen\/","name":"SuPers ordf\u00f6rande Paavola: Socialservicen m\u00e5ste utvecklas p\u00e5 lika villkor som h\u00e4lsov\u00e5rdsservicen - STTK","isPartOf":{"@id":"https:\/\/www.sttk.fi\/#website"},"datePublished":"2015-11-12T09:51:07+00:00","dateModified":"2015-11-20T09:51:38+00:00","breadcrumb":{"@id":"https:\/\/www.sttk.fi\/sv\/2015\/11\/12\/supers-ordforande-paavola-socialservicen-maste-utvecklas-pa-lika-villkor-som-halsovardsservicen\/#breadcrumb"},"inLanguage":"sv-SE","potentialAction":[{"@type":"ReadAction","target":["https:\/\/www.sttk.fi\/sv\/2015\/11\/12\/supers-ordforande-paavola-socialservicen-maste-utvecklas-pa-lika-villkor-som-halsovardsservicen\/"]}]},{"@type":"BreadcrumbList","@id":"https:\/\/www.sttk.fi\/sv\/2015\/11\/12\/supers-ordforande-paavola-socialservicen-maste-utvecklas-pa-lika-villkor-som-halsovardsservicen\/#breadcrumb","itemListElement":[{"@type":"ListItem","position":1,"name":"Home","item":"https:\/\/www.sttk.fi\/sv\/"},{"@type":"ListItem","position":2,"name":"SuPers ordf\u00f6rande Paavola: Socialservicen m\u00e5ste utvecklas p\u00e5 lika villkor som h\u00e4lsov\u00e5rdsservicen"}]},{"@type":"WebSite","@id":"https:\/\/www.sttk.fi\/#website","url":"https:\/\/www.sttk.fi\/","name":"STTK","description":"","publisher":{"@id":"https:\/\/www.sttk.fi\/#organization"},"potentialAction":[{"@type":"SearchAction","target":{"@type":"EntryPoint","urlTemplate":"https:\/\/www.sttk.fi\/?s={search_term_string}"},"query-input":{"@type":"PropertyValueSpecification","valueRequired":true,"valueName":"search_term_string"}}],"inLanguage":"sv-SE"},{"@type":"Organization","@id":"https:\/\/www.sttk.fi\/#organization","name":"STTK","url":"https:\/\/www.sttk.fi\/","logo":{"@type":"ImageObject","inLanguage":"sv-SE","@id":"https:\/\/www.sttk.fi\/#\/schema\/logo\/image\/","url":"https:\/\/www.sttk.fi\/wp-content\/uploads\/sites\/2\/2025\/12\/vector3.svg","contentUrl":"https:\/\/www.sttk.fi\/wp-content\/uploads\/sites\/2\/2025\/12\/vector3.svg","caption":"STTK"},"image":{"@id":"https:\/\/www.sttk.fi\/#\/schema\/logo\/image\/"},"sameAs":["https:\/\/www.facebook.com\/#!\/KeskusjarjestoSTTK","https:\/\/x.com\/STTKMikonkatu","http:\/\/www.youtube.com\/user\/protoimihenkilot"]},{"@type":"Person","@id":"https:\/\/www.sttk.fi\/#\/schema\/person\/58abb54d7b15ed34e29dc4514a5c1210","name":"paka","image":{"@type":"ImageObject","inLanguage":"sv-SE","@id":"https:\/\/secure.gravatar.com\/avatar\/4475a9b815f64182a53e96cb5d0f5f7720cc03120a202c52530424ca5902a916?s=96&d=mm&r=g","url":"https:\/\/secure.gravatar.com\/avatar\/4475a9b815f64182a53e96cb5d0f5f7720cc03120a202c52530424ca5902a916?s=96&d=mm&r=g","contentUrl":"https:\/\/secure.gravatar.com\/avatar\/4475a9b815f64182a53e96cb5d0f5f7720cc03120a202c52530424ca5902a916?s=96&d=mm&r=g","caption":"paka"},"url":"https:\/\/www.sttk.fi\/sv\/author\/paka\/"}]}},"_links":{"self":[{"href":"https:\/\/www.sttk.fi\/sv\/wp-json\/wp\/v2\/posts\/8507","targetHints":{"allow":["GET"]}}],"collection":[{"href":"https:\/\/www.sttk.fi\/sv\/wp-json\/wp\/v2\/posts"}],"about":[{"href":"https:\/\/www.sttk.fi\/sv\/wp-json\/wp\/v2\/types\/post"}],"author":[{"embeddable":true,"href":"https:\/\/www.sttk.fi\/sv\/wp-json\/wp\/v2\/users\/3"}],"replies":[{"embeddable":true,"href":"https:\/\/www.sttk.fi\/sv\/wp-json\/wp\/v2\/comments?post=8507"}],"version-history":[{"count":1,"href":"https:\/\/www.sttk.fi\/sv\/wp-json\/wp\/v2\/posts\/8507\/revisions"}],"predecessor-version":[{"id":8508,"href":"https:\/\/www.sttk.fi\/sv\/wp-json\/wp\/v2\/posts\/8507\/revisions\/8508"}],"wp:attachment":[{"href":"https:\/\/www.sttk.fi\/sv\/wp-json\/wp\/v2\/media?parent=8507"}],"wp:term":[{"taxonomy":"category","embeddable":true,"href":"https:\/\/www.sttk.fi\/sv\/wp-json\/wp\/v2\/categories?post=8507"},{"taxonomy":"subject","embeddable":true,"href":"https:\/\/www.sttk.fi\/sv\/wp-json\/wp\/v2\/subject?post=8507"}],"curies":[{"name":"wp","href":"https:\/\/api.w.org\/{rel}","templated":true}]}}