{"id":8505,"date":"2015-10-28T11:49:42","date_gmt":"2015-10-28T09:49:42","guid":{"rendered":"http:\/\/sttk.qa.web-veistamo.fi\/sv\/?p=8505"},"modified":"2015-11-20T11:50:19","modified_gmt":"2015-11-20T09:50:19","slug":"tehy-social-och-halsovardens-yrkesutbildade-ger-inte-efter-mera","status":"publish","type":"post","link":"https:\/\/www.sttk.fi\/sv\/2015\/10\/28\/tehy-social-och-halsovardens-yrkesutbildade-ger-inte-efter-mera\/","title":{"rendered":"Tehy: Social- och h\u00e4lsov\u00e5rdens yrkesutbildade ger inte efter mera"},"content":{"rendered":"<p>Social- och h\u00e4lsov\u00e5rdens fackorganisation Tehy l\u00e4t TNS-Gallup g\u00f6ra en enk\u00e4t i september ang\u00e5ende regeringens nedsk\u00e4rningsf\u00f6rslag och sparplaner (bl.a. sjukskrivningskarens, besk\u00e4rning av semestrar, f\u00f6rl\u00e4ngning av arbetstiden, halvering av semesterpenningen). Med enk\u00e4ten utreddes Tehy-medlemmarnas inst\u00e4llning till spar\u00e5tg\u00e4rderna och hur regeringens planer inverkar p\u00e5 tehyiternas vardag och arbete.<\/p>\n<p>Drygt 70 procent av svararna uppgav att om regeringens nedsk\u00e4rningar genomf\u00f6rs minskar de lusten att flexa med arbetsuppgifterna. Detta g\u00e4ller t.ex. situationer d\u00e5 man p\u00e5 grund av sjukdomsfall m\u00e5ste stanna kvar p\u00e5 jobbet efter arbetsskiftet. \u00d6ver h\u00e4lften av svararna s\u00e4ger att \u00e4ven viljan att delta i f\u00f6rnyandet och utvecklandet av det egna arbetet och branschen minskar om nedsk\u00e4rningarna f\u00f6rverkligas.<\/p>\n<p>\u2013 Jag f\u00f6rundrar mig inte alls \u00f6ver resultaten d\u00e5 social- och h\u00e4lsov\u00e5rdens personal redan nu flexar till det yttersta. En verkligt d\u00e5lig nyhet \u00e4r ocks\u00e5 att personalens intresse att f\u00f6rnya och utveckla \u00e4r i fara att dala. Med tanke p\u00e5 genomf\u00f6randet av v\u00e5rdreformen \u00e4r det katastrofalt om personalens orkande och motivation f\u00f6rst\u00f6rs genom detta kanske slutgiltigt. Och \u00e5tg\u00e4rderna t\u00e4nker man dessutom genomf\u00f6ra med tvingande lagstiftning. Det h\u00e4r g\u00e5r inte, s\u00e4ger Tehys ordf\u00f6rande Rauno Vesivalo.<\/p>\n<p>\u00c4ven lusten att byta till arbete i en helt annan bransch eller utbilda sig till annat skulle enligt enk\u00e4ten \u00f6ka kraftigt. Med tanke p\u00e5 framtiden \u00e4r det ett orov\u00e4ckande resultat att cirka h\u00e4lften av de studerande som deltog i enk\u00e4ten \u00e4r intresserade av att flytta till arbete i branschen utomlands om regeringen genomf\u00f6r sparplanerna.<\/p>\n<p>I enk\u00e4ten fr\u00e5gades dessutom om nedsk\u00e4rningarnas inverkan p\u00e5 tehyiternas eget liv. Av svararna tror 59 % att de d\u00e5 blir tvungna att pruta p\u00e5 sin nuvarande livsstil, dvs. alldeles vardagliga saker, bl.a. mat- och kl\u00e4dink\u00f6p. Inemot 80 % uppgav att de skulle bli tvungna att avst\u00e5 fr\u00e5n st\u00f6rre anskaffningar s\u00e5som reparationer, bilk\u00f6p eller semesterresor. Nedsk\u00e4rningarna, om de genomf\u00f6rs, ser allts\u00e5 ut att inverka direkt p\u00e5 tehyiternas vardagliga konsumtion och den inhemska efterfr\u00e5gan.<\/p>\n<p>I TNS-Gallups enk\u00e4t deltog 502 tehyiter, av vilka 100 var studerande. Telefonintervjuerna genomf\u00f6rdes tiden 21\u201325.9.2015.<\/p>\n<p>Tehy anordnar i dag och i morgon i Helsingfors ett h\u00e4lsopolitiskt seminarium d\u00e4r 180 tehyiter deltar.<\/p>\n<p>Mer information:<\/p>\n<p>Kirsi Markkanen, gsm 040 533 7086<\/p>\n","protected":false},"excerpt":{"rendered":"Social- och h\u00e4lsov\u00e5rdens fackorganisation Tehy l\u00e4t TNS-Gallup g\u00f6ra en enk\u00e4t i september ang\u00e5ende regeringens nedsk\u00e4rningsf\u00f6rslag och sparplaner (bl.a&#8230;. ","protected":false},"author":3,"featured_media":0,"comment_status":"open","ping_status":"open","sticky":false,"template":"","format":"standard","meta":{"_acf_changed":false,"lead_paragraph":"","footnotes":""},"categories":[190],"subject":[],"class_list":["post-8505","post","type-post","status-publish","format-standard","hentry","category-fackforbunds-meddelande"],"acf":{"lead_paragraph":""},"yoast_head":"<!-- This site is optimized with the Yoast SEO plugin v27.4 - https:\/\/yoast.com\/product\/yoast-seo-wordpress\/ -->\n<title>Tehy: Social- och h\u00e4lsov\u00e5rdens yrkesutbildade ger inte efter mera - STTK<\/title>\n<meta name=\"robots\" content=\"index, follow, max-snippet:-1, max-image-preview:large, max-video-preview:-1\" \/>\n<link rel=\"canonical\" href=\"https:\/\/www.sttk.fi\/sv\/2015\/10\/28\/tehy-social-och-halsovardens-yrkesutbildade-ger-inte-efter-mera\/\" \/>\n<meta property=\"og:locale\" content=\"sv_SE\" \/>\n<meta property=\"og:type\" content=\"article\" \/>\n<meta property=\"og:title\" content=\"Tehy: Social- och h\u00e4lsov\u00e5rdens yrkesutbildade ger inte efter mera - STTK\" \/>\n<meta property=\"og:description\" content=\"Social- och h\u00e4lsov\u00e5rdens fackorganisation Tehy l\u00e4t TNS-Gallup g\u00f6ra en enk\u00e4t i september ang\u00e5ende regeringens nedsk\u00e4rningsf\u00f6rslag och sparplaner (bl.a....\" \/>\n<meta property=\"og:url\" content=\"https:\/\/www.sttk.fi\/sv\/2015\/10\/28\/tehy-social-och-halsovardens-yrkesutbildade-ger-inte-efter-mera\/\" \/>\n<meta property=\"og:site_name\" content=\"STTK\" \/>\n<meta property=\"article:publisher\" content=\"https:\/\/www.facebook.com\/#%21%2fKeskusjarjestoSTTK\" \/>\n<meta property=\"article:published_time\" content=\"2015-10-28T09:49:42+00:00\" \/>\n<meta property=\"article:modified_time\" content=\"2015-11-20T09:50:19+00:00\" \/>\n<meta property=\"og:image\" content=\"https:\/\/www.sttk.fi\/wp-content\/uploads\/sites\/2\/2020\/08\/some-logo.png\" \/>\n\t<meta property=\"og:image:width\" content=\"1130\" \/>\n\t<meta property=\"og:image:height\" content=\"682\" \/>\n\t<meta property=\"og:image:type\" content=\"image\/png\" \/>\n<meta name=\"twitter:card\" content=\"summary_large_image\" \/>\n<meta name=\"twitter:creator\" content=\"@STTKMikonkatu\" \/>\n<meta name=\"twitter:site\" content=\"@STTKMikonkatu\" \/>\n<meta name=\"twitter:label1\" content=\"Written by\" \/>\n\t<meta name=\"twitter:data1\" content=\"paka\" \/>\n\t<meta name=\"twitter:label2\" content=\"Est. reading time\" \/>\n\t<meta name=\"twitter:data2\" content=\"2 minuter\" \/>\n<script type=\"application\/ld+json\" class=\"yoast-schema-graph\">{\"@context\":\"https:\\\/\\\/schema.org\",\"@graph\":[{\"@type\":\"Article\",\"@id\":\"https:\\\/\\\/www.sttk.fi\\\/sv\\\/2015\\\/10\\\/28\\\/tehy-social-och-halsovardens-yrkesutbildade-ger-inte-efter-mera\\\/#article\",\"isPartOf\":{\"@id\":\"https:\\\/\\\/www.sttk.fi\\\/sv\\\/2015\\\/10\\\/28\\\/tehy-social-och-halsovardens-yrkesutbildade-ger-inte-efter-mera\\\/\"},\"author\":{\"name\":\"paka\",\"@id\":\"https:\\\/\\\/www.sttk.fi\\\/#\\\/schema\\\/person\\\/58abb54d7b15ed34e29dc4514a5c1210\"},\"headline\":\"Tehy: Social- och h\u00e4lsov\u00e5rdens yrkesutbildade ger inte efter mera\",\"datePublished\":\"2015-10-28T09:49:42+00:00\",\"dateModified\":\"2015-11-20T09:50:19+00:00\",\"mainEntityOfPage\":{\"@id\":\"https:\\\/\\\/www.sttk.fi\\\/sv\\\/2015\\\/10\\\/28\\\/tehy-social-och-halsovardens-yrkesutbildade-ger-inte-efter-mera\\\/\"},\"wordCount\":405,\"commentCount\":0,\"publisher\":{\"@id\":\"https:\\\/\\\/www.sttk.fi\\\/#organization\"},\"articleSection\":[\"Fackf\u00f6rbunds meddelande\"],\"inLanguage\":\"sv-SE\",\"potentialAction\":[{\"@type\":\"CommentAction\",\"name\":\"Comment\",\"target\":[\"https:\\\/\\\/www.sttk.fi\\\/sv\\\/2015\\\/10\\\/28\\\/tehy-social-och-halsovardens-yrkesutbildade-ger-inte-efter-mera\\\/#respond\"]}]},{\"@type\":\"WebPage\",\"@id\":\"https:\\\/\\\/www.sttk.fi\\\/sv\\\/2015\\\/10\\\/28\\\/tehy-social-och-halsovardens-yrkesutbildade-ger-inte-efter-mera\\\/\",\"url\":\"https:\\\/\\\/www.sttk.fi\\\/sv\\\/2015\\\/10\\\/28\\\/tehy-social-och-halsovardens-yrkesutbildade-ger-inte-efter-mera\\\/\",\"name\":\"Tehy: Social- och h\u00e4lsov\u00e5rdens yrkesutbildade ger inte efter mera - STTK\",\"isPartOf\":{\"@id\":\"https:\\\/\\\/www.sttk.fi\\\/#website\"},\"datePublished\":\"2015-10-28T09:49:42+00:00\",\"dateModified\":\"2015-11-20T09:50:19+00:00\",\"breadcrumb\":{\"@id\":\"https:\\\/\\\/www.sttk.fi\\\/sv\\\/2015\\\/10\\\/28\\\/tehy-social-och-halsovardens-yrkesutbildade-ger-inte-efter-mera\\\/#breadcrumb\"},\"inLanguage\":\"sv-SE\",\"potentialAction\":[{\"@type\":\"ReadAction\",\"target\":[\"https:\\\/\\\/www.sttk.fi\\\/sv\\\/2015\\\/10\\\/28\\\/tehy-social-och-halsovardens-yrkesutbildade-ger-inte-efter-mera\\\/\"]}]},{\"@type\":\"BreadcrumbList\",\"@id\":\"https:\\\/\\\/www.sttk.fi\\\/sv\\\/2015\\\/10\\\/28\\\/tehy-social-och-halsovardens-yrkesutbildade-ger-inte-efter-mera\\\/#breadcrumb\",\"itemListElement\":[{\"@type\":\"ListItem\",\"position\":1,\"name\":\"Home\",\"item\":\"https:\\\/\\\/www.sttk.fi\\\/sv\\\/\"},{\"@type\":\"ListItem\",\"position\":2,\"name\":\"Tehy: Social- och h\u00e4lsov\u00e5rdens yrkesutbildade ger inte efter mera\"}]},{\"@type\":\"WebSite\",\"@id\":\"https:\\\/\\\/www.sttk.fi\\\/#website\",\"url\":\"https:\\\/\\\/www.sttk.fi\\\/\",\"name\":\"STTK\",\"description\":\"\",\"publisher\":{\"@id\":\"https:\\\/\\\/www.sttk.fi\\\/#organization\"},\"potentialAction\":[{\"@type\":\"SearchAction\",\"target\":{\"@type\":\"EntryPoint\",\"urlTemplate\":\"https:\\\/\\\/www.sttk.fi\\\/?s={search_term_string}\"},\"query-input\":{\"@type\":\"PropertyValueSpecification\",\"valueRequired\":true,\"valueName\":\"search_term_string\"}}],\"inLanguage\":\"sv-SE\"},{\"@type\":\"Organization\",\"@id\":\"https:\\\/\\\/www.sttk.fi\\\/#organization\",\"name\":\"STTK\",\"url\":\"https:\\\/\\\/www.sttk.fi\\\/\",\"logo\":{\"@type\":\"ImageObject\",\"inLanguage\":\"sv-SE\",\"@id\":\"https:\\\/\\\/www.sttk.fi\\\/#\\\/schema\\\/logo\\\/image\\\/\",\"url\":\"https:\\\/\\\/www.sttk.fi\\\/wp-content\\\/uploads\\\/sites\\\/2\\\/2025\\\/12\\\/vector3.svg\",\"contentUrl\":\"https:\\\/\\\/www.sttk.fi\\\/wp-content\\\/uploads\\\/sites\\\/2\\\/2025\\\/12\\\/vector3.svg\",\"caption\":\"STTK\"},\"image\":{\"@id\":\"https:\\\/\\\/www.sttk.fi\\\/#\\\/schema\\\/logo\\\/image\\\/\"},\"sameAs\":[\"https:\\\/\\\/www.facebook.com\\\/#!\\\/KeskusjarjestoSTTK\",\"https:\\\/\\\/x.com\\\/STTKMikonkatu\",\"http:\\\/\\\/www.youtube.com\\\/user\\\/protoimihenkilot\"]},{\"@type\":\"Person\",\"@id\":\"https:\\\/\\\/www.sttk.fi\\\/#\\\/schema\\\/person\\\/58abb54d7b15ed34e29dc4514a5c1210\",\"name\":\"paka\",\"image\":{\"@type\":\"ImageObject\",\"inLanguage\":\"sv-SE\",\"@id\":\"https:\\\/\\\/secure.gravatar.com\\\/avatar\\\/4475a9b815f64182a53e96cb5d0f5f7720cc03120a202c52530424ca5902a916?s=96&d=mm&r=g\",\"url\":\"https:\\\/\\\/secure.gravatar.com\\\/avatar\\\/4475a9b815f64182a53e96cb5d0f5f7720cc03120a202c52530424ca5902a916?s=96&d=mm&r=g\",\"contentUrl\":\"https:\\\/\\\/secure.gravatar.com\\\/avatar\\\/4475a9b815f64182a53e96cb5d0f5f7720cc03120a202c52530424ca5902a916?s=96&d=mm&r=g\",\"caption\":\"paka\"},\"url\":\"https:\\\/\\\/www.sttk.fi\\\/sv\\\/author\\\/paka\\\/\"}]}<\/script>\n<!-- \/ Yoast SEO plugin. -->","yoast_head_json":{"title":"Tehy: Social- och h\u00e4lsov\u00e5rdens yrkesutbildade ger inte efter mera - STTK","robots":{"index":"index","follow":"follow","max-snippet":"max-snippet:-1","max-image-preview":"max-image-preview:large","max-video-preview":"max-video-preview:-1"},"canonical":"https:\/\/www.sttk.fi\/sv\/2015\/10\/28\/tehy-social-och-halsovardens-yrkesutbildade-ger-inte-efter-mera\/","og_locale":"sv_SE","og_type":"article","og_title":"Tehy: Social- och h\u00e4lsov\u00e5rdens yrkesutbildade ger inte efter mera - STTK","og_description":"Social- och h\u00e4lsov\u00e5rdens fackorganisation Tehy l\u00e4t TNS-Gallup g\u00f6ra en enk\u00e4t i september ang\u00e5ende regeringens nedsk\u00e4rningsf\u00f6rslag och sparplaner (bl.a....","og_url":"https:\/\/www.sttk.fi\/sv\/2015\/10\/28\/tehy-social-och-halsovardens-yrkesutbildade-ger-inte-efter-mera\/","og_site_name":"STTK","article_publisher":"https:\/\/www.facebook.com\/#%21%2fKeskusjarjestoSTTK","article_published_time":"2015-10-28T09:49:42+00:00","article_modified_time":"2015-11-20T09:50:19+00:00","og_image":[{"width":1130,"height":682,"url":"https:\/\/www.sttk.fi\/wp-content\/uploads\/sites\/2\/2020\/08\/some-logo.png","type":"image\/png"}],"twitter_card":"summary_large_image","twitter_creator":"@STTKMikonkatu","twitter_site":"@STTKMikonkatu","twitter_misc":{"Written by":"paka","Est. reading time":"2 minuter"},"schema":{"@context":"https:\/\/schema.org","@graph":[{"@type":"Article","@id":"https:\/\/www.sttk.fi\/sv\/2015\/10\/28\/tehy-social-och-halsovardens-yrkesutbildade-ger-inte-efter-mera\/#article","isPartOf":{"@id":"https:\/\/www.sttk.fi\/sv\/2015\/10\/28\/tehy-social-och-halsovardens-yrkesutbildade-ger-inte-efter-mera\/"},"author":{"name":"paka","@id":"https:\/\/www.sttk.fi\/#\/schema\/person\/58abb54d7b15ed34e29dc4514a5c1210"},"headline":"Tehy: Social- och h\u00e4lsov\u00e5rdens yrkesutbildade ger inte efter mera","datePublished":"2015-10-28T09:49:42+00:00","dateModified":"2015-11-20T09:50:19+00:00","mainEntityOfPage":{"@id":"https:\/\/www.sttk.fi\/sv\/2015\/10\/28\/tehy-social-och-halsovardens-yrkesutbildade-ger-inte-efter-mera\/"},"wordCount":405,"commentCount":0,"publisher":{"@id":"https:\/\/www.sttk.fi\/#organization"},"articleSection":["Fackf\u00f6rbunds meddelande"],"inLanguage":"sv-SE","potentialAction":[{"@type":"CommentAction","name":"Comment","target":["https:\/\/www.sttk.fi\/sv\/2015\/10\/28\/tehy-social-och-halsovardens-yrkesutbildade-ger-inte-efter-mera\/#respond"]}]},{"@type":"WebPage","@id":"https:\/\/www.sttk.fi\/sv\/2015\/10\/28\/tehy-social-och-halsovardens-yrkesutbildade-ger-inte-efter-mera\/","url":"https:\/\/www.sttk.fi\/sv\/2015\/10\/28\/tehy-social-och-halsovardens-yrkesutbildade-ger-inte-efter-mera\/","name":"Tehy: Social- och h\u00e4lsov\u00e5rdens yrkesutbildade ger inte efter mera - STTK","isPartOf":{"@id":"https:\/\/www.sttk.fi\/#website"},"datePublished":"2015-10-28T09:49:42+00:00","dateModified":"2015-11-20T09:50:19+00:00","breadcrumb":{"@id":"https:\/\/www.sttk.fi\/sv\/2015\/10\/28\/tehy-social-och-halsovardens-yrkesutbildade-ger-inte-efter-mera\/#breadcrumb"},"inLanguage":"sv-SE","potentialAction":[{"@type":"ReadAction","target":["https:\/\/www.sttk.fi\/sv\/2015\/10\/28\/tehy-social-och-halsovardens-yrkesutbildade-ger-inte-efter-mera\/"]}]},{"@type":"BreadcrumbList","@id":"https:\/\/www.sttk.fi\/sv\/2015\/10\/28\/tehy-social-och-halsovardens-yrkesutbildade-ger-inte-efter-mera\/#breadcrumb","itemListElement":[{"@type":"ListItem","position":1,"name":"Home","item":"https:\/\/www.sttk.fi\/sv\/"},{"@type":"ListItem","position":2,"name":"Tehy: Social- och h\u00e4lsov\u00e5rdens yrkesutbildade ger inte efter mera"}]},{"@type":"WebSite","@id":"https:\/\/www.sttk.fi\/#website","url":"https:\/\/www.sttk.fi\/","name":"STTK","description":"","publisher":{"@id":"https:\/\/www.sttk.fi\/#organization"},"potentialAction":[{"@type":"SearchAction","target":{"@type":"EntryPoint","urlTemplate":"https:\/\/www.sttk.fi\/?s={search_term_string}"},"query-input":{"@type":"PropertyValueSpecification","valueRequired":true,"valueName":"search_term_string"}}],"inLanguage":"sv-SE"},{"@type":"Organization","@id":"https:\/\/www.sttk.fi\/#organization","name":"STTK","url":"https:\/\/www.sttk.fi\/","logo":{"@type":"ImageObject","inLanguage":"sv-SE","@id":"https:\/\/www.sttk.fi\/#\/schema\/logo\/image\/","url":"https:\/\/www.sttk.fi\/wp-content\/uploads\/sites\/2\/2025\/12\/vector3.svg","contentUrl":"https:\/\/www.sttk.fi\/wp-content\/uploads\/sites\/2\/2025\/12\/vector3.svg","caption":"STTK"},"image":{"@id":"https:\/\/www.sttk.fi\/#\/schema\/logo\/image\/"},"sameAs":["https:\/\/www.facebook.com\/#!\/KeskusjarjestoSTTK","https:\/\/x.com\/STTKMikonkatu","http:\/\/www.youtube.com\/user\/protoimihenkilot"]},{"@type":"Person","@id":"https:\/\/www.sttk.fi\/#\/schema\/person\/58abb54d7b15ed34e29dc4514a5c1210","name":"paka","image":{"@type":"ImageObject","inLanguage":"sv-SE","@id":"https:\/\/secure.gravatar.com\/avatar\/4475a9b815f64182a53e96cb5d0f5f7720cc03120a202c52530424ca5902a916?s=96&d=mm&r=g","url":"https:\/\/secure.gravatar.com\/avatar\/4475a9b815f64182a53e96cb5d0f5f7720cc03120a202c52530424ca5902a916?s=96&d=mm&r=g","contentUrl":"https:\/\/secure.gravatar.com\/avatar\/4475a9b815f64182a53e96cb5d0f5f7720cc03120a202c52530424ca5902a916?s=96&d=mm&r=g","caption":"paka"},"url":"https:\/\/www.sttk.fi\/sv\/author\/paka\/"}]}},"_links":{"self":[{"href":"https:\/\/www.sttk.fi\/sv\/wp-json\/wp\/v2\/posts\/8505","targetHints":{"allow":["GET"]}}],"collection":[{"href":"https:\/\/www.sttk.fi\/sv\/wp-json\/wp\/v2\/posts"}],"about":[{"href":"https:\/\/www.sttk.fi\/sv\/wp-json\/wp\/v2\/types\/post"}],"author":[{"embeddable":true,"href":"https:\/\/www.sttk.fi\/sv\/wp-json\/wp\/v2\/users\/3"}],"replies":[{"embeddable":true,"href":"https:\/\/www.sttk.fi\/sv\/wp-json\/wp\/v2\/comments?post=8505"}],"version-history":[{"count":1,"href":"https:\/\/www.sttk.fi\/sv\/wp-json\/wp\/v2\/posts\/8505\/revisions"}],"predecessor-version":[{"id":8506,"href":"https:\/\/www.sttk.fi\/sv\/wp-json\/wp\/v2\/posts\/8505\/revisions\/8506"}],"wp:attachment":[{"href":"https:\/\/www.sttk.fi\/sv\/wp-json\/wp\/v2\/media?parent=8505"}],"wp:term":[{"taxonomy":"category","embeddable":true,"href":"https:\/\/www.sttk.fi\/sv\/wp-json\/wp\/v2\/categories?post=8505"},{"taxonomy":"subject","embeddable":true,"href":"https:\/\/www.sttk.fi\/sv\/wp-json\/wp\/v2\/subject?post=8505"}],"curies":[{"name":"wp","href":"https:\/\/api.w.org\/{rel}","templated":true}]}}