{"id":8503,"date":"2015-11-09T11:47:00","date_gmt":"2015-11-09T09:47:00","guid":{"rendered":"http:\/\/sttk.qa.web-veistamo.fi\/sv\/?p=8503"},"modified":"2015-11-20T11:48:13","modified_gmt":"2015-11-20T09:48:13","slug":"jyty-regeringen-beslutade-om-en-fortsattning-av-social-och-halsovardsreformen-och-om-sjalvstyrande-omraden","status":"publish","type":"post","link":"https:\/\/www.sttk.fi\/sv\/2015\/11\/09\/jyty-regeringen-beslutade-om-en-fortsattning-av-social-och-halsovardsreformen-och-om-sjalvstyrande-omraden\/","title":{"rendered":"Jyty: Regeringen beslutade om en forts\u00e4ttning av social- och h\u00e4lsov\u00e5rdsreformen och om sj\u00e4lvstyrande omr\u00e5den"},"content":{"rendered":"<p>Regeringen ber\u00e4ttade den 9 november n\u00e4rmare om sina riktlinjer som g\u00e4ller social- och h\u00e4lsov\u00e5rdsreformen och grunderna f\u00f6r omr\u00e5desindelningen. Det inr\u00e4ttas 18 sj\u00e4lvstyrande omr\u00e5den, av vilka 15 sj\u00e4lva ordnar social- och h\u00e4lsov\u00e5rdstj\u00e4nsterna inom omr\u00e5det. Tre andra sj\u00e4lvstyrande omr\u00e5den ordnar sina h\u00e4lso- och sjukv\u00e5rdstj\u00e4nster enligt lagen med st\u00f6d av ett annat sj\u00e4lvstyrande omr\u00e5de. Till de sj\u00e4lvstyrande omr\u00e5dena samlas f\u00f6rutom social- och h\u00e4lsov\u00e5rden \u00e4ven andra uppgifter.<\/p>\n<p>L\u00e4s mer: <a href=\"http:\/\/valtioneuvosto.fi\/sv\/artikeln\/-\/asset_publisher\/hallitus-paatti-sote-uudistuksen-jatkosta-ja-itsehallintoalueista?_101_INSTANCE_LZ3RQQ4vvWXR_groupId=10616\">Regeringens pressmeddelade <\/a><\/p>\n","protected":false},"excerpt":{"rendered":"Regeringen ber\u00e4ttade den 9 november n\u00e4rmare om sina riktlinjer som g\u00e4ller social- och h\u00e4lsov\u00e5rdsreformen och grunderna f\u00f6r omr\u00e5desindelningen&#8230;. ","protected":false},"author":3,"featured_media":0,"comment_status":"open","ping_status":"open","sticky":false,"template":"","format":"standard","meta":{"_acf_changed":false,"lead_paragraph":"","footnotes":""},"categories":[190],"subject":[],"class_list":["post-8503","post","type-post","status-publish","format-standard","hentry","category-fackforbunds-meddelande"],"acf":{"lead_paragraph":""},"yoast_head":"<!-- This site is optimized with the Yoast SEO plugin v27.4 - https:\/\/yoast.com\/product\/yoast-seo-wordpress\/ -->\n<title>Jyty: Regeringen beslutade om en forts\u00e4ttning av social- och h\u00e4lsov\u00e5rdsreformen och om sj\u00e4lvstyrande omr\u00e5den - STTK<\/title>\n<meta name=\"robots\" content=\"index, follow, max-snippet:-1, max-image-preview:large, max-video-preview:-1\" \/>\n<link rel=\"canonical\" href=\"https:\/\/www.sttk.fi\/sv\/2015\/11\/09\/jyty-regeringen-beslutade-om-en-fortsattning-av-social-och-halsovardsreformen-och-om-sjalvstyrande-omraden\/\" \/>\n<meta property=\"og:locale\" content=\"sv_SE\" \/>\n<meta property=\"og:type\" content=\"article\" \/>\n<meta property=\"og:title\" content=\"Jyty: Regeringen beslutade om en forts\u00e4ttning av social- och h\u00e4lsov\u00e5rdsreformen och om sj\u00e4lvstyrande omr\u00e5den - STTK\" \/>\n<meta property=\"og:description\" content=\"Regeringen ber\u00e4ttade den 9 november n\u00e4rmare om sina riktlinjer som g\u00e4ller social- och h\u00e4lsov\u00e5rdsreformen och grunderna f\u00f6r omr\u00e5desindelningen....\" \/>\n<meta property=\"og:url\" content=\"https:\/\/www.sttk.fi\/sv\/2015\/11\/09\/jyty-regeringen-beslutade-om-en-fortsattning-av-social-och-halsovardsreformen-och-om-sjalvstyrande-omraden\/\" \/>\n<meta property=\"og:site_name\" content=\"STTK\" \/>\n<meta property=\"article:publisher\" content=\"https:\/\/www.facebook.com\/#%21%2fKeskusjarjestoSTTK\" \/>\n<meta property=\"article:published_time\" content=\"2015-11-09T09:47:00+00:00\" \/>\n<meta property=\"article:modified_time\" content=\"2015-11-20T09:48:13+00:00\" \/>\n<meta property=\"og:image\" content=\"https:\/\/www.sttk.fi\/wp-content\/uploads\/sites\/2\/2020\/08\/some-logo.png\" \/>\n\t<meta property=\"og:image:width\" content=\"1130\" \/>\n\t<meta property=\"og:image:height\" content=\"682\" \/>\n\t<meta property=\"og:image:type\" content=\"image\/png\" \/>\n<meta name=\"twitter:card\" content=\"summary_large_image\" \/>\n<meta name=\"twitter:creator\" content=\"@STTKMikonkatu\" \/>\n<meta name=\"twitter:site\" content=\"@STTKMikonkatu\" \/>\n<meta name=\"twitter:label1\" content=\"Written by\" \/>\n\t<meta name=\"twitter:data1\" content=\"paka\" \/>\n<script type=\"application\/ld+json\" class=\"yoast-schema-graph\">{\"@context\":\"https:\\\/\\\/schema.org\",\"@graph\":[{\"@type\":\"Article\",\"@id\":\"https:\\\/\\\/www.sttk.fi\\\/sv\\\/2015\\\/11\\\/09\\\/jyty-regeringen-beslutade-om-en-fortsattning-av-social-och-halsovardsreformen-och-om-sjalvstyrande-omraden\\\/#article\",\"isPartOf\":{\"@id\":\"https:\\\/\\\/www.sttk.fi\\\/sv\\\/2015\\\/11\\\/09\\\/jyty-regeringen-beslutade-om-en-fortsattning-av-social-och-halsovardsreformen-och-om-sjalvstyrande-omraden\\\/\"},\"author\":{\"name\":\"paka\",\"@id\":\"https:\\\/\\\/www.sttk.fi\\\/#\\\/schema\\\/person\\\/58abb54d7b15ed34e29dc4514a5c1210\"},\"headline\":\"Jyty: Regeringen beslutade om en forts\u00e4ttning av social- och h\u00e4lsov\u00e5rdsreformen och om sj\u00e4lvstyrande omr\u00e5den\",\"datePublished\":\"2015-11-09T09:47:00+00:00\",\"dateModified\":\"2015-11-20T09:48:13+00:00\",\"mainEntityOfPage\":{\"@id\":\"https:\\\/\\\/www.sttk.fi\\\/sv\\\/2015\\\/11\\\/09\\\/jyty-regeringen-beslutade-om-en-fortsattning-av-social-och-halsovardsreformen-och-om-sjalvstyrande-omraden\\\/\"},\"wordCount\":112,\"commentCount\":0,\"publisher\":{\"@id\":\"https:\\\/\\\/www.sttk.fi\\\/#organization\"},\"articleSection\":[\"Fackf\u00f6rbunds meddelande\"],\"inLanguage\":\"sv-SE\",\"potentialAction\":[{\"@type\":\"CommentAction\",\"name\":\"Comment\",\"target\":[\"https:\\\/\\\/www.sttk.fi\\\/sv\\\/2015\\\/11\\\/09\\\/jyty-regeringen-beslutade-om-en-fortsattning-av-social-och-halsovardsreformen-och-om-sjalvstyrande-omraden\\\/#respond\"]}]},{\"@type\":\"WebPage\",\"@id\":\"https:\\\/\\\/www.sttk.fi\\\/sv\\\/2015\\\/11\\\/09\\\/jyty-regeringen-beslutade-om-en-fortsattning-av-social-och-halsovardsreformen-och-om-sjalvstyrande-omraden\\\/\",\"url\":\"https:\\\/\\\/www.sttk.fi\\\/sv\\\/2015\\\/11\\\/09\\\/jyty-regeringen-beslutade-om-en-fortsattning-av-social-och-halsovardsreformen-och-om-sjalvstyrande-omraden\\\/\",\"name\":\"Jyty: Regeringen beslutade om en forts\u00e4ttning av social- och h\u00e4lsov\u00e5rdsreformen och om sj\u00e4lvstyrande omr\u00e5den - STTK\",\"isPartOf\":{\"@id\":\"https:\\\/\\\/www.sttk.fi\\\/#website\"},\"datePublished\":\"2015-11-09T09:47:00+00:00\",\"dateModified\":\"2015-11-20T09:48:13+00:00\",\"breadcrumb\":{\"@id\":\"https:\\\/\\\/www.sttk.fi\\\/sv\\\/2015\\\/11\\\/09\\\/jyty-regeringen-beslutade-om-en-fortsattning-av-social-och-halsovardsreformen-och-om-sjalvstyrande-omraden\\\/#breadcrumb\"},\"inLanguage\":\"sv-SE\",\"potentialAction\":[{\"@type\":\"ReadAction\",\"target\":[\"https:\\\/\\\/www.sttk.fi\\\/sv\\\/2015\\\/11\\\/09\\\/jyty-regeringen-beslutade-om-en-fortsattning-av-social-och-halsovardsreformen-och-om-sjalvstyrande-omraden\\\/\"]}]},{\"@type\":\"BreadcrumbList\",\"@id\":\"https:\\\/\\\/www.sttk.fi\\\/sv\\\/2015\\\/11\\\/09\\\/jyty-regeringen-beslutade-om-en-fortsattning-av-social-och-halsovardsreformen-och-om-sjalvstyrande-omraden\\\/#breadcrumb\",\"itemListElement\":[{\"@type\":\"ListItem\",\"position\":1,\"name\":\"Home\",\"item\":\"https:\\\/\\\/www.sttk.fi\\\/sv\\\/\"},{\"@type\":\"ListItem\",\"position\":2,\"name\":\"Jyty: Regeringen beslutade om en forts\u00e4ttning av social- och h\u00e4lsov\u00e5rdsreformen och om sj\u00e4lvstyrande omr\u00e5den\"}]},{\"@type\":\"WebSite\",\"@id\":\"https:\\\/\\\/www.sttk.fi\\\/#website\",\"url\":\"https:\\\/\\\/www.sttk.fi\\\/\",\"name\":\"STTK\",\"description\":\"\",\"publisher\":{\"@id\":\"https:\\\/\\\/www.sttk.fi\\\/#organization\"},\"potentialAction\":[{\"@type\":\"SearchAction\",\"target\":{\"@type\":\"EntryPoint\",\"urlTemplate\":\"https:\\\/\\\/www.sttk.fi\\\/?s={search_term_string}\"},\"query-input\":{\"@type\":\"PropertyValueSpecification\",\"valueRequired\":true,\"valueName\":\"search_term_string\"}}],\"inLanguage\":\"sv-SE\"},{\"@type\":\"Organization\",\"@id\":\"https:\\\/\\\/www.sttk.fi\\\/#organization\",\"name\":\"STTK\",\"url\":\"https:\\\/\\\/www.sttk.fi\\\/\",\"logo\":{\"@type\":\"ImageObject\",\"inLanguage\":\"sv-SE\",\"@id\":\"https:\\\/\\\/www.sttk.fi\\\/#\\\/schema\\\/logo\\\/image\\\/\",\"url\":\"https:\\\/\\\/www.sttk.fi\\\/wp-content\\\/uploads\\\/sites\\\/2\\\/2025\\\/12\\\/vector3.svg\",\"contentUrl\":\"https:\\\/\\\/www.sttk.fi\\\/wp-content\\\/uploads\\\/sites\\\/2\\\/2025\\\/12\\\/vector3.svg\",\"caption\":\"STTK\"},\"image\":{\"@id\":\"https:\\\/\\\/www.sttk.fi\\\/#\\\/schema\\\/logo\\\/image\\\/\"},\"sameAs\":[\"https:\\\/\\\/www.facebook.com\\\/#!\\\/KeskusjarjestoSTTK\",\"https:\\\/\\\/x.com\\\/STTKMikonkatu\",\"http:\\\/\\\/www.youtube.com\\\/user\\\/protoimihenkilot\"]},{\"@type\":\"Person\",\"@id\":\"https:\\\/\\\/www.sttk.fi\\\/#\\\/schema\\\/person\\\/58abb54d7b15ed34e29dc4514a5c1210\",\"name\":\"paka\",\"image\":{\"@type\":\"ImageObject\",\"inLanguage\":\"sv-SE\",\"@id\":\"https:\\\/\\\/secure.gravatar.com\\\/avatar\\\/4475a9b815f64182a53e96cb5d0f5f7720cc03120a202c52530424ca5902a916?s=96&d=mm&r=g\",\"url\":\"https:\\\/\\\/secure.gravatar.com\\\/avatar\\\/4475a9b815f64182a53e96cb5d0f5f7720cc03120a202c52530424ca5902a916?s=96&d=mm&r=g\",\"contentUrl\":\"https:\\\/\\\/secure.gravatar.com\\\/avatar\\\/4475a9b815f64182a53e96cb5d0f5f7720cc03120a202c52530424ca5902a916?s=96&d=mm&r=g\",\"caption\":\"paka\"},\"url\":\"https:\\\/\\\/www.sttk.fi\\\/sv\\\/author\\\/paka\\\/\"}]}<\/script>\n<!-- \/ Yoast SEO plugin. -->","yoast_head_json":{"title":"Jyty: Regeringen beslutade om en forts\u00e4ttning av social- och h\u00e4lsov\u00e5rdsreformen och om sj\u00e4lvstyrande omr\u00e5den - STTK","robots":{"index":"index","follow":"follow","max-snippet":"max-snippet:-1","max-image-preview":"max-image-preview:large","max-video-preview":"max-video-preview:-1"},"canonical":"https:\/\/www.sttk.fi\/sv\/2015\/11\/09\/jyty-regeringen-beslutade-om-en-fortsattning-av-social-och-halsovardsreformen-och-om-sjalvstyrande-omraden\/","og_locale":"sv_SE","og_type":"article","og_title":"Jyty: Regeringen beslutade om en forts\u00e4ttning av social- och h\u00e4lsov\u00e5rdsreformen och om sj\u00e4lvstyrande omr\u00e5den - STTK","og_description":"Regeringen ber\u00e4ttade den 9 november n\u00e4rmare om sina riktlinjer som g\u00e4ller social- och h\u00e4lsov\u00e5rdsreformen och grunderna f\u00f6r omr\u00e5desindelningen....","og_url":"https:\/\/www.sttk.fi\/sv\/2015\/11\/09\/jyty-regeringen-beslutade-om-en-fortsattning-av-social-och-halsovardsreformen-och-om-sjalvstyrande-omraden\/","og_site_name":"STTK","article_publisher":"https:\/\/www.facebook.com\/#%21%2fKeskusjarjestoSTTK","article_published_time":"2015-11-09T09:47:00+00:00","article_modified_time":"2015-11-20T09:48:13+00:00","og_image":[{"width":1130,"height":682,"url":"https:\/\/www.sttk.fi\/wp-content\/uploads\/sites\/2\/2020\/08\/some-logo.png","type":"image\/png"}],"twitter_card":"summary_large_image","twitter_creator":"@STTKMikonkatu","twitter_site":"@STTKMikonkatu","twitter_misc":{"Written by":"paka"},"schema":{"@context":"https:\/\/schema.org","@graph":[{"@type":"Article","@id":"https:\/\/www.sttk.fi\/sv\/2015\/11\/09\/jyty-regeringen-beslutade-om-en-fortsattning-av-social-och-halsovardsreformen-och-om-sjalvstyrande-omraden\/#article","isPartOf":{"@id":"https:\/\/www.sttk.fi\/sv\/2015\/11\/09\/jyty-regeringen-beslutade-om-en-fortsattning-av-social-och-halsovardsreformen-och-om-sjalvstyrande-omraden\/"},"author":{"name":"paka","@id":"https:\/\/www.sttk.fi\/#\/schema\/person\/58abb54d7b15ed34e29dc4514a5c1210"},"headline":"Jyty: Regeringen beslutade om en forts\u00e4ttning av social- och h\u00e4lsov\u00e5rdsreformen och om sj\u00e4lvstyrande omr\u00e5den","datePublished":"2015-11-09T09:47:00+00:00","dateModified":"2015-11-20T09:48:13+00:00","mainEntityOfPage":{"@id":"https:\/\/www.sttk.fi\/sv\/2015\/11\/09\/jyty-regeringen-beslutade-om-en-fortsattning-av-social-och-halsovardsreformen-och-om-sjalvstyrande-omraden\/"},"wordCount":112,"commentCount":0,"publisher":{"@id":"https:\/\/www.sttk.fi\/#organization"},"articleSection":["Fackf\u00f6rbunds meddelande"],"inLanguage":"sv-SE","potentialAction":[{"@type":"CommentAction","name":"Comment","target":["https:\/\/www.sttk.fi\/sv\/2015\/11\/09\/jyty-regeringen-beslutade-om-en-fortsattning-av-social-och-halsovardsreformen-och-om-sjalvstyrande-omraden\/#respond"]}]},{"@type":"WebPage","@id":"https:\/\/www.sttk.fi\/sv\/2015\/11\/09\/jyty-regeringen-beslutade-om-en-fortsattning-av-social-och-halsovardsreformen-och-om-sjalvstyrande-omraden\/","url":"https:\/\/www.sttk.fi\/sv\/2015\/11\/09\/jyty-regeringen-beslutade-om-en-fortsattning-av-social-och-halsovardsreformen-och-om-sjalvstyrande-omraden\/","name":"Jyty: Regeringen beslutade om en forts\u00e4ttning av social- och h\u00e4lsov\u00e5rdsreformen och om sj\u00e4lvstyrande omr\u00e5den - STTK","isPartOf":{"@id":"https:\/\/www.sttk.fi\/#website"},"datePublished":"2015-11-09T09:47:00+00:00","dateModified":"2015-11-20T09:48:13+00:00","breadcrumb":{"@id":"https:\/\/www.sttk.fi\/sv\/2015\/11\/09\/jyty-regeringen-beslutade-om-en-fortsattning-av-social-och-halsovardsreformen-och-om-sjalvstyrande-omraden\/#breadcrumb"},"inLanguage":"sv-SE","potentialAction":[{"@type":"ReadAction","target":["https:\/\/www.sttk.fi\/sv\/2015\/11\/09\/jyty-regeringen-beslutade-om-en-fortsattning-av-social-och-halsovardsreformen-och-om-sjalvstyrande-omraden\/"]}]},{"@type":"BreadcrumbList","@id":"https:\/\/www.sttk.fi\/sv\/2015\/11\/09\/jyty-regeringen-beslutade-om-en-fortsattning-av-social-och-halsovardsreformen-och-om-sjalvstyrande-omraden\/#breadcrumb","itemListElement":[{"@type":"ListItem","position":1,"name":"Home","item":"https:\/\/www.sttk.fi\/sv\/"},{"@type":"ListItem","position":2,"name":"Jyty: Regeringen beslutade om en forts\u00e4ttning av social- och h\u00e4lsov\u00e5rdsreformen och om sj\u00e4lvstyrande omr\u00e5den"}]},{"@type":"WebSite","@id":"https:\/\/www.sttk.fi\/#website","url":"https:\/\/www.sttk.fi\/","name":"STTK","description":"","publisher":{"@id":"https:\/\/www.sttk.fi\/#organization"},"potentialAction":[{"@type":"SearchAction","target":{"@type":"EntryPoint","urlTemplate":"https:\/\/www.sttk.fi\/?s={search_term_string}"},"query-input":{"@type":"PropertyValueSpecification","valueRequired":true,"valueName":"search_term_string"}}],"inLanguage":"sv-SE"},{"@type":"Organization","@id":"https:\/\/www.sttk.fi\/#organization","name":"STTK","url":"https:\/\/www.sttk.fi\/","logo":{"@type":"ImageObject","inLanguage":"sv-SE","@id":"https:\/\/www.sttk.fi\/#\/schema\/logo\/image\/","url":"https:\/\/www.sttk.fi\/wp-content\/uploads\/sites\/2\/2025\/12\/vector3.svg","contentUrl":"https:\/\/www.sttk.fi\/wp-content\/uploads\/sites\/2\/2025\/12\/vector3.svg","caption":"STTK"},"image":{"@id":"https:\/\/www.sttk.fi\/#\/schema\/logo\/image\/"},"sameAs":["https:\/\/www.facebook.com\/#!\/KeskusjarjestoSTTK","https:\/\/x.com\/STTKMikonkatu","http:\/\/www.youtube.com\/user\/protoimihenkilot"]},{"@type":"Person","@id":"https:\/\/www.sttk.fi\/#\/schema\/person\/58abb54d7b15ed34e29dc4514a5c1210","name":"paka","image":{"@type":"ImageObject","inLanguage":"sv-SE","@id":"https:\/\/secure.gravatar.com\/avatar\/4475a9b815f64182a53e96cb5d0f5f7720cc03120a202c52530424ca5902a916?s=96&d=mm&r=g","url":"https:\/\/secure.gravatar.com\/avatar\/4475a9b815f64182a53e96cb5d0f5f7720cc03120a202c52530424ca5902a916?s=96&d=mm&r=g","contentUrl":"https:\/\/secure.gravatar.com\/avatar\/4475a9b815f64182a53e96cb5d0f5f7720cc03120a202c52530424ca5902a916?s=96&d=mm&r=g","caption":"paka"},"url":"https:\/\/www.sttk.fi\/sv\/author\/paka\/"}]}},"_links":{"self":[{"href":"https:\/\/www.sttk.fi\/sv\/wp-json\/wp\/v2\/posts\/8503","targetHints":{"allow":["GET"]}}],"collection":[{"href":"https:\/\/www.sttk.fi\/sv\/wp-json\/wp\/v2\/posts"}],"about":[{"href":"https:\/\/www.sttk.fi\/sv\/wp-json\/wp\/v2\/types\/post"}],"author":[{"embeddable":true,"href":"https:\/\/www.sttk.fi\/sv\/wp-json\/wp\/v2\/users\/3"}],"replies":[{"embeddable":true,"href":"https:\/\/www.sttk.fi\/sv\/wp-json\/wp\/v2\/comments?post=8503"}],"version-history":[{"count":1,"href":"https:\/\/www.sttk.fi\/sv\/wp-json\/wp\/v2\/posts\/8503\/revisions"}],"predecessor-version":[{"id":8504,"href":"https:\/\/www.sttk.fi\/sv\/wp-json\/wp\/v2\/posts\/8503\/revisions\/8504"}],"wp:attachment":[{"href":"https:\/\/www.sttk.fi\/sv\/wp-json\/wp\/v2\/media?parent=8503"}],"wp:term":[{"taxonomy":"category","embeddable":true,"href":"https:\/\/www.sttk.fi\/sv\/wp-json\/wp\/v2\/categories?post=8503"},{"taxonomy":"subject","embeddable":true,"href":"https:\/\/www.sttk.fi\/sv\/wp-json\/wp\/v2\/subject?post=8503"}],"curies":[{"name":"wp","href":"https:\/\/api.w.org\/{rel}","templated":true}]}}