{"id":8493,"date":"2015-11-13T11:37:35","date_gmt":"2015-11-13T09:37:35","guid":{"rendered":"http:\/\/sttk.qa.web-veistamo.fi\/sv\/?p=8493"},"modified":"2015-11-20T11:38:50","modified_gmt":"2015-11-20T09:38:50","slug":"wartsilas-samarbetsforhandlingar-var-de-tyngsta-av-alla","status":"publish","type":"post","link":"https:\/\/www.sttk.fi\/sv\/2015\/11\/13\/wartsilas-samarbetsforhandlingar-var-de-tyngsta-av-alla\/","title":{"rendered":"W\u00e4rtsil\u00e4s samarbetsf\u00f6rhandlingar var \u201dde tyngsta av alla\u201d"},"content":{"rendered":"<p>W\u00e4rtsil\u00e4 Marine Solutions s\u00e4ger upp 110 arbetstagare i Vasa. \u2013 Det h\u00e4r var mina sista samarbetsf\u00f6rhandlingar och de tyngsta av alla, s\u00e4ger vice f\u00f6rtroendemannen.<\/p>\n<p>W\u00e4rtsil\u00e4s samarbetsf\u00f6rhandlingar har avslutats. Bolaget s\u00e4ger upp 110 fastanst\u00e4llda arbetstagare vid Marine Solutions-enheten i Vasa. Arbetet tar slut f\u00f6r 25 tj\u00e4nstem\u00e4n.<\/p>\n<p>I antalet ing\u00e5r s\u00e5v\u00e4l de personer som s\u00e4gs upp som de som enligt avtal g\u00e5r i pension.<\/p>\n<p>\u2013 Det h\u00e4r har varit en l\u00e5ng och seg process, vi har f\u00f6rhandlat i \u00e5tta veckor. Det har varit s\u00e5 tung tid att det inte \u00e4r sant. M\u00e4nniskorna har levt i ovetskap sedan sommaren. Eftersom det finns mest personal i Vasa, visste vi att st\u00f6rsta delen s\u00e4gs upp h\u00e4r, ber\u00e4ttar vice f\u00f6rtroendeman <strong>Arja Fors<\/strong>.<\/p>\n<p>Ursprungligen var det f\u00f6retagets m\u00e5l att minska 160 arbetsplatser i Finland, men i f\u00f6rhandlingarna fick man f\u00f6rhandlat antalet ner\u00e5t, d\u00e5 upps\u00e4gningar byttes till permitteringar.<\/p>\n<p>\u2013 Alla som beh\u00e5ller arbetet permitteras f\u00f6r en m\u00e5nad, ber\u00e4ttar vice f\u00f6rtroendeman Fors.<\/p>\n<p>I Marine Solutions-enheten tillverkas fartygsmotorer, styrsystem f\u00f6r fartyg samt propellrar. Efterfr\u00e5gan p\u00e5 dem har minskat p\u00e5 grund av s\u00e4nkt pris p\u00e5 olja.<\/p>\n<h3>F\u00f6rtroendemannens sista samarbetsf\u00f6rhandling<\/h3>\n<p>Arja Fors har arbetat 44 \u00e5r p\u00e5 W\u00e4rtsil\u00e4 och av den tiden har hon 40 \u00e5r varit tj\u00e4nstem\u00e4nnens f\u00f6rtroendeman. Hon blir pensionerad i februari.<\/p>\n<p>\u2013 De h\u00e4r var mina sista samarbetsf\u00f6rhandlingar och de tyngsta av alla. Det g\u00f6r s\u00e5 ont d\u00e5 varenda en \u00e4r bekant.<\/p>\n<p>Upps\u00e4gningsmeddelandena b\u00f6rjar delas ut veckan som inleds m\u00e5ndag 23 november.<\/p>\n<p>Fackf\u00f6rbundet Pros ombudsman <strong>Riku Vesapuisto<\/strong> \u00e4r antr\u00e4ffbar fredag 27 november klockan 10\u201314 i Pros kontor p\u00e5 L\u00e5nggatan i Vasa.<\/p>\n<p><em>Pro Nyheter<br \/>\n\u00d6vers\u00e4ttning Susanne Paetau<\/em><\/p>\n","protected":false},"excerpt":{"rendered":"W\u00e4rtsil\u00e4 Marine Solutions s\u00e4ger upp 110 arbetstagare i Vasa. \u2013 Det h\u00e4r var mina sista samarbetsf\u00f6rhandlingar och de&#8230; ","protected":false},"author":3,"featured_media":0,"comment_status":"open","ping_status":"open","sticky":false,"template":"","format":"standard","meta":{"_acf_changed":false,"lead_paragraph":"","footnotes":""},"categories":[190],"subject":[],"class_list":["post-8493","post","type-post","status-publish","format-standard","hentry","category-fackforbunds-meddelande"],"acf":{"lead_paragraph":""},"yoast_head":"<!-- This site is optimized with the Yoast SEO plugin v27.4 - https:\/\/yoast.com\/product\/yoast-seo-wordpress\/ -->\n<title>W\u00e4rtsil\u00e4s samarbetsf\u00f6rhandlingar var \u201dde tyngsta av alla\u201d - STTK<\/title>\n<meta name=\"robots\" content=\"index, follow, max-snippet:-1, max-image-preview:large, max-video-preview:-1\" \/>\n<link rel=\"canonical\" href=\"https:\/\/www.sttk.fi\/sv\/2015\/11\/13\/wartsilas-samarbetsforhandlingar-var-de-tyngsta-av-alla\/\" \/>\n<meta property=\"og:locale\" content=\"sv_SE\" \/>\n<meta property=\"og:type\" content=\"article\" \/>\n<meta property=\"og:title\" content=\"W\u00e4rtsil\u00e4s samarbetsf\u00f6rhandlingar var \u201dde tyngsta av alla\u201d - STTK\" \/>\n<meta property=\"og:description\" content=\"W\u00e4rtsil\u00e4 Marine Solutions s\u00e4ger upp 110 arbetstagare i Vasa. \u2013 Det h\u00e4r var mina sista samarbetsf\u00f6rhandlingar och de...\" \/>\n<meta property=\"og:url\" content=\"https:\/\/www.sttk.fi\/sv\/2015\/11\/13\/wartsilas-samarbetsforhandlingar-var-de-tyngsta-av-alla\/\" \/>\n<meta property=\"og:site_name\" content=\"STTK\" \/>\n<meta property=\"article:publisher\" content=\"https:\/\/www.facebook.com\/#%21%2fKeskusjarjestoSTTK\" \/>\n<meta property=\"article:published_time\" content=\"2015-11-13T09:37:35+00:00\" \/>\n<meta property=\"article:modified_time\" content=\"2015-11-20T09:38:50+00:00\" \/>\n<meta property=\"og:image\" content=\"https:\/\/www.sttk.fi\/wp-content\/uploads\/sites\/2\/2020\/08\/some-logo.png\" \/>\n\t<meta property=\"og:image:width\" content=\"1130\" \/>\n\t<meta property=\"og:image:height\" content=\"682\" \/>\n\t<meta property=\"og:image:type\" content=\"image\/png\" \/>\n<meta name=\"twitter:card\" content=\"summary_large_image\" \/>\n<meta name=\"twitter:creator\" content=\"@STTKMikonkatu\" \/>\n<meta name=\"twitter:site\" content=\"@STTKMikonkatu\" \/>\n<meta name=\"twitter:label1\" content=\"Written by\" \/>\n\t<meta name=\"twitter:data1\" content=\"paka\" \/>\n\t<meta name=\"twitter:label2\" content=\"Est. reading time\" \/>\n\t<meta name=\"twitter:data2\" content=\"2 minuter\" \/>\n<script type=\"application\/ld+json\" class=\"yoast-schema-graph\">{\"@context\":\"https:\\\/\\\/schema.org\",\"@graph\":[{\"@type\":\"Article\",\"@id\":\"https:\\\/\\\/www.sttk.fi\\\/sv\\\/2015\\\/11\\\/13\\\/wartsilas-samarbetsforhandlingar-var-de-tyngsta-av-alla\\\/#article\",\"isPartOf\":{\"@id\":\"https:\\\/\\\/www.sttk.fi\\\/sv\\\/2015\\\/11\\\/13\\\/wartsilas-samarbetsforhandlingar-var-de-tyngsta-av-alla\\\/\"},\"author\":{\"name\":\"paka\",\"@id\":\"https:\\\/\\\/www.sttk.fi\\\/#\\\/schema\\\/person\\\/58abb54d7b15ed34e29dc4514a5c1210\"},\"headline\":\"W\u00e4rtsil\u00e4s samarbetsf\u00f6rhandlingar var \u201dde tyngsta av alla\u201d\",\"datePublished\":\"2015-11-13T09:37:35+00:00\",\"dateModified\":\"2015-11-20T09:38:50+00:00\",\"mainEntityOfPage\":{\"@id\":\"https:\\\/\\\/www.sttk.fi\\\/sv\\\/2015\\\/11\\\/13\\\/wartsilas-samarbetsforhandlingar-var-de-tyngsta-av-alla\\\/\"},\"wordCount\":312,\"commentCount\":0,\"publisher\":{\"@id\":\"https:\\\/\\\/www.sttk.fi\\\/#organization\"},\"articleSection\":[\"Fackf\u00f6rbunds meddelande\"],\"inLanguage\":\"sv-SE\",\"potentialAction\":[{\"@type\":\"CommentAction\",\"name\":\"Comment\",\"target\":[\"https:\\\/\\\/www.sttk.fi\\\/sv\\\/2015\\\/11\\\/13\\\/wartsilas-samarbetsforhandlingar-var-de-tyngsta-av-alla\\\/#respond\"]}]},{\"@type\":\"WebPage\",\"@id\":\"https:\\\/\\\/www.sttk.fi\\\/sv\\\/2015\\\/11\\\/13\\\/wartsilas-samarbetsforhandlingar-var-de-tyngsta-av-alla\\\/\",\"url\":\"https:\\\/\\\/www.sttk.fi\\\/sv\\\/2015\\\/11\\\/13\\\/wartsilas-samarbetsforhandlingar-var-de-tyngsta-av-alla\\\/\",\"name\":\"W\u00e4rtsil\u00e4s samarbetsf\u00f6rhandlingar var \u201dde tyngsta av alla\u201d - STTK\",\"isPartOf\":{\"@id\":\"https:\\\/\\\/www.sttk.fi\\\/#website\"},\"datePublished\":\"2015-11-13T09:37:35+00:00\",\"dateModified\":\"2015-11-20T09:38:50+00:00\",\"breadcrumb\":{\"@id\":\"https:\\\/\\\/www.sttk.fi\\\/sv\\\/2015\\\/11\\\/13\\\/wartsilas-samarbetsforhandlingar-var-de-tyngsta-av-alla\\\/#breadcrumb\"},\"inLanguage\":\"sv-SE\",\"potentialAction\":[{\"@type\":\"ReadAction\",\"target\":[\"https:\\\/\\\/www.sttk.fi\\\/sv\\\/2015\\\/11\\\/13\\\/wartsilas-samarbetsforhandlingar-var-de-tyngsta-av-alla\\\/\"]}]},{\"@type\":\"BreadcrumbList\",\"@id\":\"https:\\\/\\\/www.sttk.fi\\\/sv\\\/2015\\\/11\\\/13\\\/wartsilas-samarbetsforhandlingar-var-de-tyngsta-av-alla\\\/#breadcrumb\",\"itemListElement\":[{\"@type\":\"ListItem\",\"position\":1,\"name\":\"Home\",\"item\":\"https:\\\/\\\/www.sttk.fi\\\/sv\\\/\"},{\"@type\":\"ListItem\",\"position\":2,\"name\":\"W\u00e4rtsil\u00e4s samarbetsf\u00f6rhandlingar var \u201dde tyngsta av alla\u201d\"}]},{\"@type\":\"WebSite\",\"@id\":\"https:\\\/\\\/www.sttk.fi\\\/#website\",\"url\":\"https:\\\/\\\/www.sttk.fi\\\/\",\"name\":\"STTK\",\"description\":\"\",\"publisher\":{\"@id\":\"https:\\\/\\\/www.sttk.fi\\\/#organization\"},\"potentialAction\":[{\"@type\":\"SearchAction\",\"target\":{\"@type\":\"EntryPoint\",\"urlTemplate\":\"https:\\\/\\\/www.sttk.fi\\\/?s={search_term_string}\"},\"query-input\":{\"@type\":\"PropertyValueSpecification\",\"valueRequired\":true,\"valueName\":\"search_term_string\"}}],\"inLanguage\":\"sv-SE\"},{\"@type\":\"Organization\",\"@id\":\"https:\\\/\\\/www.sttk.fi\\\/#organization\",\"name\":\"STTK\",\"url\":\"https:\\\/\\\/www.sttk.fi\\\/\",\"logo\":{\"@type\":\"ImageObject\",\"inLanguage\":\"sv-SE\",\"@id\":\"https:\\\/\\\/www.sttk.fi\\\/#\\\/schema\\\/logo\\\/image\\\/\",\"url\":\"https:\\\/\\\/www.sttk.fi\\\/wp-content\\\/uploads\\\/sites\\\/2\\\/2025\\\/12\\\/vector3.svg\",\"contentUrl\":\"https:\\\/\\\/www.sttk.fi\\\/wp-content\\\/uploads\\\/sites\\\/2\\\/2025\\\/12\\\/vector3.svg\",\"caption\":\"STTK\"},\"image\":{\"@id\":\"https:\\\/\\\/www.sttk.fi\\\/#\\\/schema\\\/logo\\\/image\\\/\"},\"sameAs\":[\"https:\\\/\\\/www.facebook.com\\\/#!\\\/KeskusjarjestoSTTK\",\"https:\\\/\\\/x.com\\\/STTKMikonkatu\",\"http:\\\/\\\/www.youtube.com\\\/user\\\/protoimihenkilot\"]},{\"@type\":\"Person\",\"@id\":\"https:\\\/\\\/www.sttk.fi\\\/#\\\/schema\\\/person\\\/58abb54d7b15ed34e29dc4514a5c1210\",\"name\":\"paka\",\"image\":{\"@type\":\"ImageObject\",\"inLanguage\":\"sv-SE\",\"@id\":\"https:\\\/\\\/secure.gravatar.com\\\/avatar\\\/4475a9b815f64182a53e96cb5d0f5f7720cc03120a202c52530424ca5902a916?s=96&d=mm&r=g\",\"url\":\"https:\\\/\\\/secure.gravatar.com\\\/avatar\\\/4475a9b815f64182a53e96cb5d0f5f7720cc03120a202c52530424ca5902a916?s=96&d=mm&r=g\",\"contentUrl\":\"https:\\\/\\\/secure.gravatar.com\\\/avatar\\\/4475a9b815f64182a53e96cb5d0f5f7720cc03120a202c52530424ca5902a916?s=96&d=mm&r=g\",\"caption\":\"paka\"},\"url\":\"https:\\\/\\\/www.sttk.fi\\\/sv\\\/author\\\/paka\\\/\"}]}<\/script>\n<!-- \/ Yoast SEO plugin. -->","yoast_head_json":{"title":"W\u00e4rtsil\u00e4s samarbetsf\u00f6rhandlingar var \u201dde tyngsta av alla\u201d - STTK","robots":{"index":"index","follow":"follow","max-snippet":"max-snippet:-1","max-image-preview":"max-image-preview:large","max-video-preview":"max-video-preview:-1"},"canonical":"https:\/\/www.sttk.fi\/sv\/2015\/11\/13\/wartsilas-samarbetsforhandlingar-var-de-tyngsta-av-alla\/","og_locale":"sv_SE","og_type":"article","og_title":"W\u00e4rtsil\u00e4s samarbetsf\u00f6rhandlingar var \u201dde tyngsta av alla\u201d - STTK","og_description":"W\u00e4rtsil\u00e4 Marine Solutions s\u00e4ger upp 110 arbetstagare i Vasa. \u2013 Det h\u00e4r var mina sista samarbetsf\u00f6rhandlingar och de...","og_url":"https:\/\/www.sttk.fi\/sv\/2015\/11\/13\/wartsilas-samarbetsforhandlingar-var-de-tyngsta-av-alla\/","og_site_name":"STTK","article_publisher":"https:\/\/www.facebook.com\/#%21%2fKeskusjarjestoSTTK","article_published_time":"2015-11-13T09:37:35+00:00","article_modified_time":"2015-11-20T09:38:50+00:00","og_image":[{"width":1130,"height":682,"url":"https:\/\/www.sttk.fi\/wp-content\/uploads\/sites\/2\/2020\/08\/some-logo.png","type":"image\/png"}],"twitter_card":"summary_large_image","twitter_creator":"@STTKMikonkatu","twitter_site":"@STTKMikonkatu","twitter_misc":{"Written by":"paka","Est. reading time":"2 minuter"},"schema":{"@context":"https:\/\/schema.org","@graph":[{"@type":"Article","@id":"https:\/\/www.sttk.fi\/sv\/2015\/11\/13\/wartsilas-samarbetsforhandlingar-var-de-tyngsta-av-alla\/#article","isPartOf":{"@id":"https:\/\/www.sttk.fi\/sv\/2015\/11\/13\/wartsilas-samarbetsforhandlingar-var-de-tyngsta-av-alla\/"},"author":{"name":"paka","@id":"https:\/\/www.sttk.fi\/#\/schema\/person\/58abb54d7b15ed34e29dc4514a5c1210"},"headline":"W\u00e4rtsil\u00e4s samarbetsf\u00f6rhandlingar var \u201dde tyngsta av alla\u201d","datePublished":"2015-11-13T09:37:35+00:00","dateModified":"2015-11-20T09:38:50+00:00","mainEntityOfPage":{"@id":"https:\/\/www.sttk.fi\/sv\/2015\/11\/13\/wartsilas-samarbetsforhandlingar-var-de-tyngsta-av-alla\/"},"wordCount":312,"commentCount":0,"publisher":{"@id":"https:\/\/www.sttk.fi\/#organization"},"articleSection":["Fackf\u00f6rbunds meddelande"],"inLanguage":"sv-SE","potentialAction":[{"@type":"CommentAction","name":"Comment","target":["https:\/\/www.sttk.fi\/sv\/2015\/11\/13\/wartsilas-samarbetsforhandlingar-var-de-tyngsta-av-alla\/#respond"]}]},{"@type":"WebPage","@id":"https:\/\/www.sttk.fi\/sv\/2015\/11\/13\/wartsilas-samarbetsforhandlingar-var-de-tyngsta-av-alla\/","url":"https:\/\/www.sttk.fi\/sv\/2015\/11\/13\/wartsilas-samarbetsforhandlingar-var-de-tyngsta-av-alla\/","name":"W\u00e4rtsil\u00e4s samarbetsf\u00f6rhandlingar var \u201dde tyngsta av alla\u201d - STTK","isPartOf":{"@id":"https:\/\/www.sttk.fi\/#website"},"datePublished":"2015-11-13T09:37:35+00:00","dateModified":"2015-11-20T09:38:50+00:00","breadcrumb":{"@id":"https:\/\/www.sttk.fi\/sv\/2015\/11\/13\/wartsilas-samarbetsforhandlingar-var-de-tyngsta-av-alla\/#breadcrumb"},"inLanguage":"sv-SE","potentialAction":[{"@type":"ReadAction","target":["https:\/\/www.sttk.fi\/sv\/2015\/11\/13\/wartsilas-samarbetsforhandlingar-var-de-tyngsta-av-alla\/"]}]},{"@type":"BreadcrumbList","@id":"https:\/\/www.sttk.fi\/sv\/2015\/11\/13\/wartsilas-samarbetsforhandlingar-var-de-tyngsta-av-alla\/#breadcrumb","itemListElement":[{"@type":"ListItem","position":1,"name":"Home","item":"https:\/\/www.sttk.fi\/sv\/"},{"@type":"ListItem","position":2,"name":"W\u00e4rtsil\u00e4s samarbetsf\u00f6rhandlingar var \u201dde tyngsta av alla\u201d"}]},{"@type":"WebSite","@id":"https:\/\/www.sttk.fi\/#website","url":"https:\/\/www.sttk.fi\/","name":"STTK","description":"","publisher":{"@id":"https:\/\/www.sttk.fi\/#organization"},"potentialAction":[{"@type":"SearchAction","target":{"@type":"EntryPoint","urlTemplate":"https:\/\/www.sttk.fi\/?s={search_term_string}"},"query-input":{"@type":"PropertyValueSpecification","valueRequired":true,"valueName":"search_term_string"}}],"inLanguage":"sv-SE"},{"@type":"Organization","@id":"https:\/\/www.sttk.fi\/#organization","name":"STTK","url":"https:\/\/www.sttk.fi\/","logo":{"@type":"ImageObject","inLanguage":"sv-SE","@id":"https:\/\/www.sttk.fi\/#\/schema\/logo\/image\/","url":"https:\/\/www.sttk.fi\/wp-content\/uploads\/sites\/2\/2025\/12\/vector3.svg","contentUrl":"https:\/\/www.sttk.fi\/wp-content\/uploads\/sites\/2\/2025\/12\/vector3.svg","caption":"STTK"},"image":{"@id":"https:\/\/www.sttk.fi\/#\/schema\/logo\/image\/"},"sameAs":["https:\/\/www.facebook.com\/#!\/KeskusjarjestoSTTK","https:\/\/x.com\/STTKMikonkatu","http:\/\/www.youtube.com\/user\/protoimihenkilot"]},{"@type":"Person","@id":"https:\/\/www.sttk.fi\/#\/schema\/person\/58abb54d7b15ed34e29dc4514a5c1210","name":"paka","image":{"@type":"ImageObject","inLanguage":"sv-SE","@id":"https:\/\/secure.gravatar.com\/avatar\/4475a9b815f64182a53e96cb5d0f5f7720cc03120a202c52530424ca5902a916?s=96&d=mm&r=g","url":"https:\/\/secure.gravatar.com\/avatar\/4475a9b815f64182a53e96cb5d0f5f7720cc03120a202c52530424ca5902a916?s=96&d=mm&r=g","contentUrl":"https:\/\/secure.gravatar.com\/avatar\/4475a9b815f64182a53e96cb5d0f5f7720cc03120a202c52530424ca5902a916?s=96&d=mm&r=g","caption":"paka"},"url":"https:\/\/www.sttk.fi\/sv\/author\/paka\/"}]}},"_links":{"self":[{"href":"https:\/\/www.sttk.fi\/sv\/wp-json\/wp\/v2\/posts\/8493","targetHints":{"allow":["GET"]}}],"collection":[{"href":"https:\/\/www.sttk.fi\/sv\/wp-json\/wp\/v2\/posts"}],"about":[{"href":"https:\/\/www.sttk.fi\/sv\/wp-json\/wp\/v2\/types\/post"}],"author":[{"embeddable":true,"href":"https:\/\/www.sttk.fi\/sv\/wp-json\/wp\/v2\/users\/3"}],"replies":[{"embeddable":true,"href":"https:\/\/www.sttk.fi\/sv\/wp-json\/wp\/v2\/comments?post=8493"}],"version-history":[{"count":1,"href":"https:\/\/www.sttk.fi\/sv\/wp-json\/wp\/v2\/posts\/8493\/revisions"}],"predecessor-version":[{"id":8494,"href":"https:\/\/www.sttk.fi\/sv\/wp-json\/wp\/v2\/posts\/8493\/revisions\/8494"}],"wp:attachment":[{"href":"https:\/\/www.sttk.fi\/sv\/wp-json\/wp\/v2\/media?parent=8493"}],"wp:term":[{"taxonomy":"category","embeddable":true,"href":"https:\/\/www.sttk.fi\/sv\/wp-json\/wp\/v2\/categories?post=8493"},{"taxonomy":"subject","embeddable":true,"href":"https:\/\/www.sttk.fi\/sv\/wp-json\/wp\/v2\/subject?post=8493"}],"curies":[{"name":"wp","href":"https:\/\/api.w.org\/{rel}","templated":true}]}}