{"id":7363,"date":"2015-08-28T11:52:01","date_gmt":"2015-08-28T08:52:01","guid":{"rendered":"http:\/\/sttk.qa.web-veistamo.fi\/?p=7363"},"modified":"2015-08-28T11:52:01","modified_gmt":"2015-08-28T08:52:01","slug":"sa-har-andrar-ekonomin-i-karlssons-familj-efter-besluten-i-budgetmanglingen","status":"publish","type":"post","link":"https:\/\/www.sttk.fi\/sv\/2015\/08\/28\/sa-har-andrar-ekonomin-i-karlssons-familj-efter-besluten-i-budgetmanglingen\/","title":{"rendered":"S\u00e5 h\u00e4r \u00e4ndrar ekonomin i Karlssons familj efter besluten i budgetmanglingen"},"content":{"rendered":"<p>I medelinkomstfamiljen Karlsson, d\u00e4r b\u00e5da f\u00f6r\u00e4ldrarna jobbar i STTK-branscher, h\u00e5lls inkomsterna p\u00e5 samma niv\u00e5 2016 som i \u00e5r. \u00c4ven om inkomstbeskattningen s\u00e4nks en aning f\u00f6r sm\u00e5- och medelinkomsttagare, \u00e4ts de \u00f6kade inkomsterna upp i och med nedsk\u00e4rningarna i bostadsl\u00e5nens r\u00e4nteavdrag och f\u00f6r att de indirekta skatterna sk\u00e4rps.<\/p>\n<p>Priserna stiger \u00e5r 2016 i medeltal med 1,2 procent och l\u00f6nerna med 1,1 procent. Att de indirekta skatterna sk\u00e4rps syns i familjen Karlsson bland annat i att fordonsbeskattningen h\u00f6js. Sk\u00e4rpningen av de indirekta skatterna s\u00e4tter ocks\u00e5 fart p\u00e5 inflationen \u00e5r 2016.<\/p>\n<p>Inkomstbeskattningen f\u00f6r en medelinkomsttagare som har en m\u00e5nadsl\u00f6n p\u00e5 3000 euro minskar med ett par tiondels procentenheter till 29,8 %. F\u00f6r personer med l\u00e5ga inkomster minskar inkomstbeskattningen lite mer och f\u00f6r h\u00f6ginkomsttagarna sk\u00e4rps beskattningen en aning j\u00e4mf\u00f6rt med i \u00e5r.<\/p>\n<p>I tabellen nedan har man r\u00e4knat ihop inkomsterna i en medelinkomstfamilj d\u00e4r f\u00f6r\u00e4ldrarna jobbar i STTK-branscher. I familjen ing\u00e5r tv\u00e5 minder\u00e5riga barn. B\u00e5da f\u00f6r\u00e4ldrarna jobbar heltid och f\u00f6r\u00e4ldrarna f\u00f6rv\u00e4rvsinkomster \u00e4r sammanlagt 6 000 euro i m\u00e5naden. I r\u00e4kningen har man tagit i beaktande h\u00f6jningen av l\u00f6nerna, de v\u00e4ntade f\u00f6r\u00e4ndringarna i social- och f\u00f6rs\u00e4kringsavgifterna och \u00e4ndringarna i beskattningen som regeringen fattat beslut om f\u00f6r \u00e5r 2016 i samband med budgetmanglingen. I r\u00e4kningen har man inte tagit i beaktande nedsk\u00e4rningarna i r\u00e4nteavdragen f\u00f6r bostadsl\u00e5n.<\/p>\n<table>\n<tbody>\n<tr>\n<td width=\"259\"><\/td>\n<td width=\"183\">2015<\/td>\n<td width=\"199\">2016<\/td>\n<\/tr>\n<tr>\n<td width=\"259\">Familjens bruttoinkomster, euro\/\u00e5r<\/td>\n<td width=\"183\">75 000<\/td>\n<td width=\"199\">75 825 (+1,1 %)<\/td>\n<\/tr>\n<tr>\n<td width=\"259\">\u2013 varav skatt<\/td>\n<td width=\"183\">23 250 (skatt 30,0 %)<\/td>\n<td width=\"199\">22 595,9 (skatt 29,8 %)<\/td>\n<\/tr>\n<tr>\n<td width=\"259\">Nettoinkomster euro\/\u00e5r<\/td>\n<td width=\"183\">51 750<\/td>\n<td width=\"199\">53 229,2 (+1,4 %)<\/td>\n<\/tr>\n<tr>\n<td width=\"259\">Inflation<\/td>\n<td width=\"183\"><\/td>\n<td width=\"199\">1,2 %<\/td>\n<\/tr>\n<tr>\n<td width=\"259\"><\/td>\n<td width=\"183\"><\/td>\n<td width=\"199\"><\/td>\n<\/tr>\n<tr>\n<td width=\"259\"><strong>F\u00f6r\u00e4ndringar i nettorealinkomsterna <\/strong><\/td>\n<td width=\"183\"><\/td>\n<td width=\"199\"><strong>+ 0,2 % (omkring 100 euro\/\u00e5r)<\/strong><\/td>\n<\/tr>\n<\/tbody>\n<\/table>\n<p><\/p>\n","protected":false},"excerpt":{"rendered":"I medelinkomstfamiljen Karlsson, d\u00e4r b\u00e5da f\u00f6r\u00e4ldrarna jobbar i STTK-branscher, h\u00e5lls inkomsterna p\u00e5 samma niv\u00e5 2016 som i \u00e5r&#8230;. ","protected":false},"author":3,"featured_media":0,"comment_status":"open","ping_status":"open","sticky":false,"template":"","format":"standard","meta":{"_acf_changed":false,"lead_paragraph":"","footnotes":""},"categories":[],"subject":[],"class_list":["post-7363","post","type-post","status-publish","format-standard","hentry"],"acf":{"lead_paragraph":""},"yoast_head":"<!-- This site is optimized with the Yoast SEO plugin v27.4 - https:\/\/yoast.com\/product\/yoast-seo-wordpress\/ -->\n<title>S\u00e5 h\u00e4r \u00e4ndrar ekonomin i Karlssons familj efter besluten i budgetmanglingen - STTK<\/title>\n<meta name=\"robots\" content=\"index, follow, max-snippet:-1, max-image-preview:large, max-video-preview:-1\" \/>\n<link rel=\"canonical\" href=\"https:\/\/www.sttk.fi\/sv\/2015\/08\/28\/sa-har-andrar-ekonomin-i-karlssons-familj-efter-besluten-i-budgetmanglingen\/\" \/>\n<meta property=\"og:locale\" content=\"sv_SE\" \/>\n<meta property=\"og:type\" content=\"article\" \/>\n<meta property=\"og:title\" content=\"S\u00e5 h\u00e4r \u00e4ndrar ekonomin i Karlssons familj efter besluten i budgetmanglingen - STTK\" \/>\n<meta property=\"og:description\" content=\"I medelinkomstfamiljen Karlsson, d\u00e4r b\u00e5da f\u00f6r\u00e4ldrarna jobbar i STTK-branscher, h\u00e5lls inkomsterna p\u00e5 samma niv\u00e5 2016 som i \u00e5r....\" \/>\n<meta property=\"og:url\" content=\"https:\/\/www.sttk.fi\/sv\/2015\/08\/28\/sa-har-andrar-ekonomin-i-karlssons-familj-efter-besluten-i-budgetmanglingen\/\" \/>\n<meta property=\"og:site_name\" content=\"STTK\" \/>\n<meta property=\"article:publisher\" content=\"https:\/\/www.facebook.com\/#%21%2fKeskusjarjestoSTTK\" \/>\n<meta property=\"article:published_time\" content=\"2015-08-28T08:52:01+00:00\" \/>\n<meta property=\"og:image\" content=\"https:\/\/www.sttk.fi\/wp-content\/uploads\/sites\/2\/2020\/08\/some-logo.png\" \/>\n\t<meta property=\"og:image:width\" content=\"1130\" \/>\n\t<meta property=\"og:image:height\" content=\"682\" \/>\n\t<meta property=\"og:image:type\" content=\"image\/png\" \/>\n<meta name=\"twitter:card\" content=\"summary_large_image\" \/>\n<meta name=\"twitter:creator\" content=\"@STTKMikonkatu\" \/>\n<meta name=\"twitter:site\" content=\"@STTKMikonkatu\" \/>\n<meta name=\"twitter:label1\" content=\"Written by\" \/>\n\t<meta name=\"twitter:data1\" content=\"paka\" \/>\n\t<meta name=\"twitter:label2\" content=\"Est. reading time\" \/>\n\t<meta name=\"twitter:data2\" content=\"1 minut\" \/>\n<script type=\"application\/ld+json\" class=\"yoast-schema-graph\">{\"@context\":\"https:\\\/\\\/schema.org\",\"@graph\":[{\"@type\":\"Article\",\"@id\":\"https:\\\/\\\/www.sttk.fi\\\/sv\\\/2015\\\/08\\\/28\\\/sa-har-andrar-ekonomin-i-karlssons-familj-efter-besluten-i-budgetmanglingen\\\/#article\",\"isPartOf\":{\"@id\":\"https:\\\/\\\/www.sttk.fi\\\/sv\\\/2015\\\/08\\\/28\\\/sa-har-andrar-ekonomin-i-karlssons-familj-efter-besluten-i-budgetmanglingen\\\/\"},\"author\":{\"name\":\"paka\",\"@id\":\"https:\\\/\\\/www.sttk.fi\\\/#\\\/schema\\\/person\\\/58abb54d7b15ed34e29dc4514a5c1210\"},\"headline\":\"S\u00e5 h\u00e4r \u00e4ndrar ekonomin i Karlssons familj efter besluten i budgetmanglingen\",\"datePublished\":\"2015-08-28T08:52:01+00:00\",\"mainEntityOfPage\":{\"@id\":\"https:\\\/\\\/www.sttk.fi\\\/sv\\\/2015\\\/08\\\/28\\\/sa-har-andrar-ekonomin-i-karlssons-familj-efter-besluten-i-budgetmanglingen\\\/\"},\"wordCount\":287,\"commentCount\":0,\"publisher\":{\"@id\":\"https:\\\/\\\/www.sttk.fi\\\/#organization\"},\"inLanguage\":\"sv-SE\",\"potentialAction\":[{\"@type\":\"CommentAction\",\"name\":\"Comment\",\"target\":[\"https:\\\/\\\/www.sttk.fi\\\/sv\\\/2015\\\/08\\\/28\\\/sa-har-andrar-ekonomin-i-karlssons-familj-efter-besluten-i-budgetmanglingen\\\/#respond\"]}]},{\"@type\":\"WebPage\",\"@id\":\"https:\\\/\\\/www.sttk.fi\\\/sv\\\/2015\\\/08\\\/28\\\/sa-har-andrar-ekonomin-i-karlssons-familj-efter-besluten-i-budgetmanglingen\\\/\",\"url\":\"https:\\\/\\\/www.sttk.fi\\\/sv\\\/2015\\\/08\\\/28\\\/sa-har-andrar-ekonomin-i-karlssons-familj-efter-besluten-i-budgetmanglingen\\\/\",\"name\":\"S\u00e5 h\u00e4r \u00e4ndrar ekonomin i Karlssons familj efter besluten i budgetmanglingen - STTK\",\"isPartOf\":{\"@id\":\"https:\\\/\\\/www.sttk.fi\\\/#website\"},\"datePublished\":\"2015-08-28T08:52:01+00:00\",\"breadcrumb\":{\"@id\":\"https:\\\/\\\/www.sttk.fi\\\/sv\\\/2015\\\/08\\\/28\\\/sa-har-andrar-ekonomin-i-karlssons-familj-efter-besluten-i-budgetmanglingen\\\/#breadcrumb\"},\"inLanguage\":\"sv-SE\",\"potentialAction\":[{\"@type\":\"ReadAction\",\"target\":[\"https:\\\/\\\/www.sttk.fi\\\/sv\\\/2015\\\/08\\\/28\\\/sa-har-andrar-ekonomin-i-karlssons-familj-efter-besluten-i-budgetmanglingen\\\/\"]}]},{\"@type\":\"BreadcrumbList\",\"@id\":\"https:\\\/\\\/www.sttk.fi\\\/sv\\\/2015\\\/08\\\/28\\\/sa-har-andrar-ekonomin-i-karlssons-familj-efter-besluten-i-budgetmanglingen\\\/#breadcrumb\",\"itemListElement\":[{\"@type\":\"ListItem\",\"position\":1,\"name\":\"Home\",\"item\":\"https:\\\/\\\/www.sttk.fi\\\/sv\\\/\"},{\"@type\":\"ListItem\",\"position\":2,\"name\":\"S\u00e5 h\u00e4r \u00e4ndrar ekonomin i Karlssons familj efter besluten i budgetmanglingen\"}]},{\"@type\":\"WebSite\",\"@id\":\"https:\\\/\\\/www.sttk.fi\\\/#website\",\"url\":\"https:\\\/\\\/www.sttk.fi\\\/\",\"name\":\"STTK\",\"description\":\"\",\"publisher\":{\"@id\":\"https:\\\/\\\/www.sttk.fi\\\/#organization\"},\"potentialAction\":[{\"@type\":\"SearchAction\",\"target\":{\"@type\":\"EntryPoint\",\"urlTemplate\":\"https:\\\/\\\/www.sttk.fi\\\/?s={search_term_string}\"},\"query-input\":{\"@type\":\"PropertyValueSpecification\",\"valueRequired\":true,\"valueName\":\"search_term_string\"}}],\"inLanguage\":\"sv-SE\"},{\"@type\":\"Organization\",\"@id\":\"https:\\\/\\\/www.sttk.fi\\\/#organization\",\"name\":\"STTK\",\"url\":\"https:\\\/\\\/www.sttk.fi\\\/\",\"logo\":{\"@type\":\"ImageObject\",\"inLanguage\":\"sv-SE\",\"@id\":\"https:\\\/\\\/www.sttk.fi\\\/#\\\/schema\\\/logo\\\/image\\\/\",\"url\":\"https:\\\/\\\/www.sttk.fi\\\/wp-content\\\/uploads\\\/sites\\\/2\\\/2025\\\/12\\\/vector3.svg\",\"contentUrl\":\"https:\\\/\\\/www.sttk.fi\\\/wp-content\\\/uploads\\\/sites\\\/2\\\/2025\\\/12\\\/vector3.svg\",\"caption\":\"STTK\"},\"image\":{\"@id\":\"https:\\\/\\\/www.sttk.fi\\\/#\\\/schema\\\/logo\\\/image\\\/\"},\"sameAs\":[\"https:\\\/\\\/www.facebook.com\\\/#!\\\/KeskusjarjestoSTTK\",\"https:\\\/\\\/x.com\\\/STTKMikonkatu\",\"http:\\\/\\\/www.youtube.com\\\/user\\\/protoimihenkilot\"]},{\"@type\":\"Person\",\"@id\":\"https:\\\/\\\/www.sttk.fi\\\/#\\\/schema\\\/person\\\/58abb54d7b15ed34e29dc4514a5c1210\",\"name\":\"paka\",\"image\":{\"@type\":\"ImageObject\",\"inLanguage\":\"sv-SE\",\"@id\":\"https:\\\/\\\/secure.gravatar.com\\\/avatar\\\/4475a9b815f64182a53e96cb5d0f5f7720cc03120a202c52530424ca5902a916?s=96&d=mm&r=g\",\"url\":\"https:\\\/\\\/secure.gravatar.com\\\/avatar\\\/4475a9b815f64182a53e96cb5d0f5f7720cc03120a202c52530424ca5902a916?s=96&d=mm&r=g\",\"contentUrl\":\"https:\\\/\\\/secure.gravatar.com\\\/avatar\\\/4475a9b815f64182a53e96cb5d0f5f7720cc03120a202c52530424ca5902a916?s=96&d=mm&r=g\",\"caption\":\"paka\"},\"url\":\"https:\\\/\\\/www.sttk.fi\\\/sv\\\/author\\\/paka\\\/\"}]}<\/script>\n<!-- \/ Yoast SEO plugin. -->","yoast_head_json":{"title":"S\u00e5 h\u00e4r \u00e4ndrar ekonomin i Karlssons familj efter besluten i budgetmanglingen - STTK","robots":{"index":"index","follow":"follow","max-snippet":"max-snippet:-1","max-image-preview":"max-image-preview:large","max-video-preview":"max-video-preview:-1"},"canonical":"https:\/\/www.sttk.fi\/sv\/2015\/08\/28\/sa-har-andrar-ekonomin-i-karlssons-familj-efter-besluten-i-budgetmanglingen\/","og_locale":"sv_SE","og_type":"article","og_title":"S\u00e5 h\u00e4r \u00e4ndrar ekonomin i Karlssons familj efter besluten i budgetmanglingen - STTK","og_description":"I medelinkomstfamiljen Karlsson, d\u00e4r b\u00e5da f\u00f6r\u00e4ldrarna jobbar i STTK-branscher, h\u00e5lls inkomsterna p\u00e5 samma niv\u00e5 2016 som i \u00e5r....","og_url":"https:\/\/www.sttk.fi\/sv\/2015\/08\/28\/sa-har-andrar-ekonomin-i-karlssons-familj-efter-besluten-i-budgetmanglingen\/","og_site_name":"STTK","article_publisher":"https:\/\/www.facebook.com\/#%21%2fKeskusjarjestoSTTK","article_published_time":"2015-08-28T08:52:01+00:00","og_image":[{"width":1130,"height":682,"url":"https:\/\/www.sttk.fi\/wp-content\/uploads\/sites\/2\/2020\/08\/some-logo.png","type":"image\/png"}],"twitter_card":"summary_large_image","twitter_creator":"@STTKMikonkatu","twitter_site":"@STTKMikonkatu","twitter_misc":{"Written by":"paka","Est. reading time":"1 minut"},"schema":{"@context":"https:\/\/schema.org","@graph":[{"@type":"Article","@id":"https:\/\/www.sttk.fi\/sv\/2015\/08\/28\/sa-har-andrar-ekonomin-i-karlssons-familj-efter-besluten-i-budgetmanglingen\/#article","isPartOf":{"@id":"https:\/\/www.sttk.fi\/sv\/2015\/08\/28\/sa-har-andrar-ekonomin-i-karlssons-familj-efter-besluten-i-budgetmanglingen\/"},"author":{"name":"paka","@id":"https:\/\/www.sttk.fi\/#\/schema\/person\/58abb54d7b15ed34e29dc4514a5c1210"},"headline":"S\u00e5 h\u00e4r \u00e4ndrar ekonomin i Karlssons familj efter besluten i budgetmanglingen","datePublished":"2015-08-28T08:52:01+00:00","mainEntityOfPage":{"@id":"https:\/\/www.sttk.fi\/sv\/2015\/08\/28\/sa-har-andrar-ekonomin-i-karlssons-familj-efter-besluten-i-budgetmanglingen\/"},"wordCount":287,"commentCount":0,"publisher":{"@id":"https:\/\/www.sttk.fi\/#organization"},"inLanguage":"sv-SE","potentialAction":[{"@type":"CommentAction","name":"Comment","target":["https:\/\/www.sttk.fi\/sv\/2015\/08\/28\/sa-har-andrar-ekonomin-i-karlssons-familj-efter-besluten-i-budgetmanglingen\/#respond"]}]},{"@type":"WebPage","@id":"https:\/\/www.sttk.fi\/sv\/2015\/08\/28\/sa-har-andrar-ekonomin-i-karlssons-familj-efter-besluten-i-budgetmanglingen\/","url":"https:\/\/www.sttk.fi\/sv\/2015\/08\/28\/sa-har-andrar-ekonomin-i-karlssons-familj-efter-besluten-i-budgetmanglingen\/","name":"S\u00e5 h\u00e4r \u00e4ndrar ekonomin i Karlssons familj efter besluten i budgetmanglingen - STTK","isPartOf":{"@id":"https:\/\/www.sttk.fi\/#website"},"datePublished":"2015-08-28T08:52:01+00:00","breadcrumb":{"@id":"https:\/\/www.sttk.fi\/sv\/2015\/08\/28\/sa-har-andrar-ekonomin-i-karlssons-familj-efter-besluten-i-budgetmanglingen\/#breadcrumb"},"inLanguage":"sv-SE","potentialAction":[{"@type":"ReadAction","target":["https:\/\/www.sttk.fi\/sv\/2015\/08\/28\/sa-har-andrar-ekonomin-i-karlssons-familj-efter-besluten-i-budgetmanglingen\/"]}]},{"@type":"BreadcrumbList","@id":"https:\/\/www.sttk.fi\/sv\/2015\/08\/28\/sa-har-andrar-ekonomin-i-karlssons-familj-efter-besluten-i-budgetmanglingen\/#breadcrumb","itemListElement":[{"@type":"ListItem","position":1,"name":"Home","item":"https:\/\/www.sttk.fi\/sv\/"},{"@type":"ListItem","position":2,"name":"S\u00e5 h\u00e4r \u00e4ndrar ekonomin i Karlssons familj efter besluten i budgetmanglingen"}]},{"@type":"WebSite","@id":"https:\/\/www.sttk.fi\/#website","url":"https:\/\/www.sttk.fi\/","name":"STTK","description":"","publisher":{"@id":"https:\/\/www.sttk.fi\/#organization"},"potentialAction":[{"@type":"SearchAction","target":{"@type":"EntryPoint","urlTemplate":"https:\/\/www.sttk.fi\/?s={search_term_string}"},"query-input":{"@type":"PropertyValueSpecification","valueRequired":true,"valueName":"search_term_string"}}],"inLanguage":"sv-SE"},{"@type":"Organization","@id":"https:\/\/www.sttk.fi\/#organization","name":"STTK","url":"https:\/\/www.sttk.fi\/","logo":{"@type":"ImageObject","inLanguage":"sv-SE","@id":"https:\/\/www.sttk.fi\/#\/schema\/logo\/image\/","url":"https:\/\/www.sttk.fi\/wp-content\/uploads\/sites\/2\/2025\/12\/vector3.svg","contentUrl":"https:\/\/www.sttk.fi\/wp-content\/uploads\/sites\/2\/2025\/12\/vector3.svg","caption":"STTK"},"image":{"@id":"https:\/\/www.sttk.fi\/#\/schema\/logo\/image\/"},"sameAs":["https:\/\/www.facebook.com\/#!\/KeskusjarjestoSTTK","https:\/\/x.com\/STTKMikonkatu","http:\/\/www.youtube.com\/user\/protoimihenkilot"]},{"@type":"Person","@id":"https:\/\/www.sttk.fi\/#\/schema\/person\/58abb54d7b15ed34e29dc4514a5c1210","name":"paka","image":{"@type":"ImageObject","inLanguage":"sv-SE","@id":"https:\/\/secure.gravatar.com\/avatar\/4475a9b815f64182a53e96cb5d0f5f7720cc03120a202c52530424ca5902a916?s=96&d=mm&r=g","url":"https:\/\/secure.gravatar.com\/avatar\/4475a9b815f64182a53e96cb5d0f5f7720cc03120a202c52530424ca5902a916?s=96&d=mm&r=g","contentUrl":"https:\/\/secure.gravatar.com\/avatar\/4475a9b815f64182a53e96cb5d0f5f7720cc03120a202c52530424ca5902a916?s=96&d=mm&r=g","caption":"paka"},"url":"https:\/\/www.sttk.fi\/sv\/author\/paka\/"}]}},"_links":{"self":[{"href":"https:\/\/www.sttk.fi\/sv\/wp-json\/wp\/v2\/posts\/7363","targetHints":{"allow":["GET"]}}],"collection":[{"href":"https:\/\/www.sttk.fi\/sv\/wp-json\/wp\/v2\/posts"}],"about":[{"href":"https:\/\/www.sttk.fi\/sv\/wp-json\/wp\/v2\/types\/post"}],"author":[{"embeddable":true,"href":"https:\/\/www.sttk.fi\/sv\/wp-json\/wp\/v2\/users\/3"}],"replies":[{"embeddable":true,"href":"https:\/\/www.sttk.fi\/sv\/wp-json\/wp\/v2\/comments?post=7363"}],"version-history":[{"count":1,"href":"https:\/\/www.sttk.fi\/sv\/wp-json\/wp\/v2\/posts\/7363\/revisions"}],"predecessor-version":[{"id":7364,"href":"https:\/\/www.sttk.fi\/sv\/wp-json\/wp\/v2\/posts\/7363\/revisions\/7364"}],"wp:attachment":[{"href":"https:\/\/www.sttk.fi\/sv\/wp-json\/wp\/v2\/media?parent=7363"}],"wp:term":[{"taxonomy":"category","embeddable":true,"href":"https:\/\/www.sttk.fi\/sv\/wp-json\/wp\/v2\/categories?post=7363"},{"taxonomy":"subject","embeddable":true,"href":"https:\/\/www.sttk.fi\/sv\/wp-json\/wp\/v2\/subject?post=7363"}],"curies":[{"name":"wp","href":"https:\/\/api.w.org\/{rel}","templated":true}]}}