{"id":56777,"date":"2026-04-27T10:13:54","date_gmt":"2026-04-27T07:13:54","guid":{"rendered":"https:\/\/www.sttk.fi\/?p=56777"},"modified":"2026-04-27T10:16:12","modified_gmt":"2026-04-27T07:16:12","slug":"nfs-styrelsemote-i-reykjavik-fokus-pa-sakerhet-eu-fragor-arbetsratt-och-den-grona-omstallningen","status":"publish","type":"post","link":"https:\/\/www.sttk.fi\/sv\/2026\/04\/27\/nfs-styrelsemote-i-reykjavik-fokus-pa-sakerhet-eu-fragor-arbetsratt-och-den-grona-omstallningen\/","title":{"rendered":"NFS styrelsem\u00f6te i Reykjavik \u2013 fokus p\u00e5 s\u00e4kerhet, EU-fr\u00e5gor, arbetsr\u00e4tt och den gr\u00f6na omst\u00e4llningen"},"content":{"rendered":"\n<p class=\"lead-paragraph\">P\u00e5 m\u00f6tet f\u00f6rdes bland annat en diskussion med Islands statsminister <strong>Kristr\u00f9n Frostad\u00f3ttir<\/strong> om det geopolitiska och s\u00e4kerhetspolitiska l\u00e4get i Europa och v\u00e4rlden. I samtalet ber\u00f6rdes ocks\u00e5 den p\u00e5g\u00e5ende debatten p\u00e5 Island om en eventuell folkomr\u00f6stning om att inleda f\u00f6rhandlingar om EU-medlemskap.<\/p>\n\n\n\n<p>Styrelsen diskuterade \u00e4ven med Europafacketsvice generalsekreterarae <strong>Claes-Michael St\u00e5hl<\/strong> nordiska prioriteringar i det fackliga samarbetet inom b\u00e5de Europafacket ETUC och v\u00e4rldsfacket ITUC. Fokus l\u00e5g p\u00e5 hur de nordiska organisationerna kan st\u00e4rka sitt gemensamma inflytande p\u00e5 europeisk och global niv\u00e5. P\u00e5 m\u00f6tet presenterades ocks\u00e5 de aktuella l\u00e4get med att till\u00e4mpa EU-domstolens dom fr\u00e5n 2024 i fr\u00e5gan om \u00f6vertidsers\u00e4ttning f\u00f6r visstidsanst\u00e4llda.<\/p>\n\n\n\n<p class=\"lead-paragraph\">NFS styrelse fattade under m\u00f6tet ocks\u00e5 beslut om att skicka ett genemsamt brev till EU-kommissionen f\u00f6r att betona hur viktigt EUs utsl\u00e4ppshandelssystem (ETS) \u00e4r f\u00f6r Europa och f\u00f6r att s\u00e4kerst\u00e4lla en r\u00e4ttvis och framg\u00e5ngsrik gr\u00f6n omst\u00e4llning.<\/p>\n\n\n\n<div class=\"wp-block-buttons is-layout-flex wp-block-buttons-is-layout-flex\">\n<div class=\"wp-block-button\"><a class=\"wp-block-button__link wp-element-button\" href=\"https:\/\/www.sttk.fi\/en\/2026\/04\/27\/nordic-trade-union-position-on-the-eu-emissions-trading-system-ets\/\">L\u00e4s gemensamt brev om ETS (EU Emissions Trading System). (in English)<\/a><\/div>\n<\/div>\n","protected":false},"excerpt":{"rendered":"P\u00e5 m\u00f6tet f\u00f6rdes bland annat en diskussion med Islands statsminister Kristr\u00f9n Frostad\u00f3ttir om det geopolitiska och s\u00e4kerhetspolitiska l\u00e4get&#8230; ","protected":false},"author":3,"featured_media":52935,"comment_status":"closed","ping_status":"closed","sticky":false,"template":"","format":"standard","meta":{"_acf_changed":false,"lead_paragraph":"NFS styrelse sammantr\u00e4dde 22 April i Reykjavik p\u00e5 Island f\u00f6r att diskutera aktuella fackliga fr\u00e5gor. Fr\u00e5n STTK deltog ordf\u00f6rande Else-Mai Kirvesniemi och internationell chef Maria H\u00e4ggman i m\u00f6tet.","footnotes":""},"categories":[132],"subject":[],"class_list":["post-56777","post","type-post","status-publish","format-standard","has-post-thumbnail","hentry","category-nyhet"],"acf":{"lead_paragraph":"NFS styrelse sammantr\u00e4dde 22 April i Reykjavik p\u00e5 Island f\u00f6r att diskutera aktuella fackliga fr\u00e5gor. Fr\u00e5n STTK deltog ordf\u00f6rande Else-Mai Kirvesniemi och internationell chef Maria H\u00e4ggman i m\u00f6tet."},"yoast_head":"<!-- This site is optimized with the Yoast SEO plugin v27.4 - https:\/\/yoast.com\/product\/yoast-seo-wordpress\/ -->\n<title>NFS styrelsem\u00f6te i Reykjavik \u2013 fokus p\u00e5 s\u00e4kerhet, EU-fr\u00e5gor, arbetsr\u00e4tt och den gr\u00f6na omst\u00e4llningen - STTK<\/title>\n<meta name=\"description\" content=\"NFS styrelse sammantr\u00e4dde 22 April i Reykjavik p\u00e5 Island f\u00f6r att diskutera aktuella fackliga fr\u00e5gor.\" \/>\n<meta name=\"robots\" content=\"index, follow, max-snippet:-1, max-image-preview:large, max-video-preview:-1\" \/>\n<link rel=\"canonical\" href=\"https:\/\/www.sttk.fi\/sv\/2026\/04\/27\/nfs-styrelsemote-i-reykjavik-fokus-pa-sakerhet-eu-fragor-arbetsratt-och-den-grona-omstallningen\/\" \/>\n<meta property=\"og:locale\" content=\"sv_SE\" \/>\n<meta property=\"og:type\" content=\"article\" \/>\n<meta property=\"og:title\" content=\"NFS styrelsem\u00f6te i Reykjavik \u2013 fokus p\u00e5 s\u00e4kerhet, EU-fr\u00e5gor, arbetsr\u00e4tt och den gr\u00f6na omst\u00e4llningen - STTK\" \/>\n<meta property=\"og:description\" content=\"NFS styrelse sammantr\u00e4dde 22 April i Reykjavik p\u00e5 Island f\u00f6r att diskutera aktuella fackliga fr\u00e5gor.\" \/>\n<meta property=\"og:url\" content=\"https:\/\/www.sttk.fi\/sv\/2026\/04\/27\/nfs-styrelsemote-i-reykjavik-fokus-pa-sakerhet-eu-fragor-arbetsratt-och-den-grona-omstallningen\/\" \/>\n<meta property=\"og:site_name\" content=\"STTK\" \/>\n<meta property=\"article:publisher\" content=\"https:\/\/www.facebook.com\/#%21%2fKeskusjarjestoSTTK\" \/>\n<meta property=\"article:published_time\" content=\"2026-04-27T07:13:54+00:00\" \/>\n<meta property=\"article:modified_time\" content=\"2026-04-27T07:16:12+00:00\" \/>\n<meta property=\"og:image\" content=\"https:\/\/www.sttk.fi\/wp-content\/uploads\/sites\/2\/2025\/01\/sttk-bristol.jpg\" \/>\n\t<meta property=\"og:image:width\" content=\"1200\" \/>\n\t<meta property=\"og:image:height\" content=\"899\" \/>\n\t<meta property=\"og:image:type\" content=\"image\/jpeg\" \/>\n<meta name=\"twitter:card\" content=\"summary_large_image\" \/>\n<meta name=\"twitter:creator\" content=\"@STTKMikonkatu\" \/>\n<meta name=\"twitter:site\" content=\"@STTKMikonkatu\" \/>\n<meta name=\"twitter:label1\" content=\"Written by\" \/>\n\t<meta name=\"twitter:data1\" content=\"paka\" \/>\n\t<meta name=\"twitter:label2\" content=\"Est. reading time\" \/>\n\t<meta name=\"twitter:data2\" content=\"2 minuter\" \/>\n<script type=\"application\/ld+json\" class=\"yoast-schema-graph\">{\"@context\":\"https:\\\/\\\/schema.org\",\"@graph\":[{\"@type\":\"Article\",\"@id\":\"https:\\\/\\\/www.sttk.fi\\\/sv\\\/2026\\\/04\\\/27\\\/nfs-styrelsemote-i-reykjavik-fokus-pa-sakerhet-eu-fragor-arbetsratt-och-den-grona-omstallningen\\\/#article\",\"isPartOf\":{\"@id\":\"https:\\\/\\\/www.sttk.fi\\\/sv\\\/2026\\\/04\\\/27\\\/nfs-styrelsemote-i-reykjavik-fokus-pa-sakerhet-eu-fragor-arbetsratt-och-den-grona-omstallningen\\\/\"},\"author\":{\"name\":\"paka\",\"@id\":\"https:\\\/\\\/www.sttk.fi\\\/#\\\/schema\\\/person\\\/58abb54d7b15ed34e29dc4514a5c1210\"},\"headline\":\"NFS styrelsem\u00f6te i Reykjavik \u2013 fokus p\u00e5 s\u00e4kerhet, EU-fr\u00e5gor, arbetsr\u00e4tt och den gr\u00f6na omst\u00e4llningen\",\"datePublished\":\"2026-04-27T07:13:54+00:00\",\"dateModified\":\"2026-04-27T07:16:12+00:00\",\"mainEntityOfPage\":{\"@id\":\"https:\\\/\\\/www.sttk.fi\\\/sv\\\/2026\\\/04\\\/27\\\/nfs-styrelsemote-i-reykjavik-fokus-pa-sakerhet-eu-fragor-arbetsratt-och-den-grona-omstallningen\\\/\"},\"wordCount\":201,\"publisher\":{\"@id\":\"https:\\\/\\\/www.sttk.fi\\\/#organization\"},\"image\":{\"@id\":\"https:\\\/\\\/www.sttk.fi\\\/sv\\\/2026\\\/04\\\/27\\\/nfs-styrelsemote-i-reykjavik-fokus-pa-sakerhet-eu-fragor-arbetsratt-och-den-grona-omstallningen\\\/#primaryimage\"},\"thumbnailUrl\":\"https:\\\/\\\/www.sttk.fi\\\/wp-content\\\/uploads\\\/sites\\\/2\\\/2025\\\/01\\\/sttk-bristol.jpg\",\"articleSection\":[\"Nyhet\"],\"inLanguage\":\"sv-SE\"},{\"@type\":\"WebPage\",\"@id\":\"https:\\\/\\\/www.sttk.fi\\\/sv\\\/2026\\\/04\\\/27\\\/nfs-styrelsemote-i-reykjavik-fokus-pa-sakerhet-eu-fragor-arbetsratt-och-den-grona-omstallningen\\\/\",\"url\":\"https:\\\/\\\/www.sttk.fi\\\/sv\\\/2026\\\/04\\\/27\\\/nfs-styrelsemote-i-reykjavik-fokus-pa-sakerhet-eu-fragor-arbetsratt-och-den-grona-omstallningen\\\/\",\"name\":\"NFS styrelsem\u00f6te i Reykjavik \u2013 fokus p\u00e5 s\u00e4kerhet, EU-fr\u00e5gor, arbetsr\u00e4tt och den gr\u00f6na omst\u00e4llningen - STTK\",\"isPartOf\":{\"@id\":\"https:\\\/\\\/www.sttk.fi\\\/#website\"},\"primaryImageOfPage\":{\"@id\":\"https:\\\/\\\/www.sttk.fi\\\/sv\\\/2026\\\/04\\\/27\\\/nfs-styrelsemote-i-reykjavik-fokus-pa-sakerhet-eu-fragor-arbetsratt-och-den-grona-omstallningen\\\/#primaryimage\"},\"image\":{\"@id\":\"https:\\\/\\\/www.sttk.fi\\\/sv\\\/2026\\\/04\\\/27\\\/nfs-styrelsemote-i-reykjavik-fokus-pa-sakerhet-eu-fragor-arbetsratt-och-den-grona-omstallningen\\\/#primaryimage\"},\"thumbnailUrl\":\"https:\\\/\\\/www.sttk.fi\\\/wp-content\\\/uploads\\\/sites\\\/2\\\/2025\\\/01\\\/sttk-bristol.jpg\",\"datePublished\":\"2026-04-27T07:13:54+00:00\",\"dateModified\":\"2026-04-27T07:16:12+00:00\",\"description\":\"NFS styrelse sammantr\u00e4dde 22 April i Reykjavik p\u00e5 Island f\u00f6r att diskutera aktuella fackliga fr\u00e5gor.\",\"breadcrumb\":{\"@id\":\"https:\\\/\\\/www.sttk.fi\\\/sv\\\/2026\\\/04\\\/27\\\/nfs-styrelsemote-i-reykjavik-fokus-pa-sakerhet-eu-fragor-arbetsratt-och-den-grona-omstallningen\\\/#breadcrumb\"},\"inLanguage\":\"sv-SE\",\"potentialAction\":[{\"@type\":\"ReadAction\",\"target\":[\"https:\\\/\\\/www.sttk.fi\\\/sv\\\/2026\\\/04\\\/27\\\/nfs-styrelsemote-i-reykjavik-fokus-pa-sakerhet-eu-fragor-arbetsratt-och-den-grona-omstallningen\\\/\"]}]},{\"@type\":\"ImageObject\",\"inLanguage\":\"sv-SE\",\"@id\":\"https:\\\/\\\/www.sttk.fi\\\/sv\\\/2026\\\/04\\\/27\\\/nfs-styrelsemote-i-reykjavik-fokus-pa-sakerhet-eu-fragor-arbetsratt-och-den-grona-omstallningen\\\/#primaryimage\",\"url\":\"https:\\\/\\\/www.sttk.fi\\\/wp-content\\\/uploads\\\/sites\\\/2\\\/2025\\\/01\\\/sttk-bristol.jpg\",\"contentUrl\":\"https:\\\/\\\/www.sttk.fi\\\/wp-content\\\/uploads\\\/sites\\\/2\\\/2025\\\/01\\\/sttk-bristol.jpg\",\"width\":1200,\"height\":899,\"caption\":\"Kuvituskuvaukset STTK:n viestint\u00e4k\u00e4ytt\u00f6\u00f6n. Kuvausaihe \u2013 Ty\u00f6el\u00e4m\u00e4n tasa-arvo.\"},{\"@type\":\"BreadcrumbList\",\"@id\":\"https:\\\/\\\/www.sttk.fi\\\/sv\\\/2026\\\/04\\\/27\\\/nfs-styrelsemote-i-reykjavik-fokus-pa-sakerhet-eu-fragor-arbetsratt-och-den-grona-omstallningen\\\/#breadcrumb\",\"itemListElement\":[{\"@type\":\"ListItem\",\"position\":1,\"name\":\"Home\",\"item\":\"https:\\\/\\\/www.sttk.fi\\\/sv\\\/\"},{\"@type\":\"ListItem\",\"position\":2,\"name\":\"NFS styrelsem\u00f6te i Reykjavik \u2013 fokus p\u00e5 s\u00e4kerhet, EU-fr\u00e5gor, arbetsr\u00e4tt och den gr\u00f6na omst\u00e4llningen\"}]},{\"@type\":\"WebSite\",\"@id\":\"https:\\\/\\\/www.sttk.fi\\\/#website\",\"url\":\"https:\\\/\\\/www.sttk.fi\\\/\",\"name\":\"STTK\",\"description\":\"\",\"publisher\":{\"@id\":\"https:\\\/\\\/www.sttk.fi\\\/#organization\"},\"potentialAction\":[{\"@type\":\"SearchAction\",\"target\":{\"@type\":\"EntryPoint\",\"urlTemplate\":\"https:\\\/\\\/www.sttk.fi\\\/?s={search_term_string}\"},\"query-input\":{\"@type\":\"PropertyValueSpecification\",\"valueRequired\":true,\"valueName\":\"search_term_string\"}}],\"inLanguage\":\"sv-SE\"},{\"@type\":\"Organization\",\"@id\":\"https:\\\/\\\/www.sttk.fi\\\/#organization\",\"name\":\"STTK\",\"url\":\"https:\\\/\\\/www.sttk.fi\\\/\",\"logo\":{\"@type\":\"ImageObject\",\"inLanguage\":\"sv-SE\",\"@id\":\"https:\\\/\\\/www.sttk.fi\\\/#\\\/schema\\\/logo\\\/image\\\/\",\"url\":\"https:\\\/\\\/www.sttk.fi\\\/wp-content\\\/uploads\\\/sites\\\/2\\\/2025\\\/12\\\/vector3.svg\",\"contentUrl\":\"https:\\\/\\\/www.sttk.fi\\\/wp-content\\\/uploads\\\/sites\\\/2\\\/2025\\\/12\\\/vector3.svg\",\"caption\":\"STTK\"},\"image\":{\"@id\":\"https:\\\/\\\/www.sttk.fi\\\/#\\\/schema\\\/logo\\\/image\\\/\"},\"sameAs\":[\"https:\\\/\\\/www.facebook.com\\\/#!\\\/KeskusjarjestoSTTK\",\"https:\\\/\\\/x.com\\\/STTKMikonkatu\",\"http:\\\/\\\/www.youtube.com\\\/user\\\/protoimihenkilot\"]},{\"@type\":\"Person\",\"@id\":\"https:\\\/\\\/www.sttk.fi\\\/#\\\/schema\\\/person\\\/58abb54d7b15ed34e29dc4514a5c1210\",\"name\":\"paka\",\"image\":{\"@type\":\"ImageObject\",\"inLanguage\":\"sv-SE\",\"@id\":\"https:\\\/\\\/secure.gravatar.com\\\/avatar\\\/4475a9b815f64182a53e96cb5d0f5f7720cc03120a202c52530424ca5902a916?s=96&d=mm&r=g\",\"url\":\"https:\\\/\\\/secure.gravatar.com\\\/avatar\\\/4475a9b815f64182a53e96cb5d0f5f7720cc03120a202c52530424ca5902a916?s=96&d=mm&r=g\",\"contentUrl\":\"https:\\\/\\\/secure.gravatar.com\\\/avatar\\\/4475a9b815f64182a53e96cb5d0f5f7720cc03120a202c52530424ca5902a916?s=96&d=mm&r=g\",\"caption\":\"paka\"},\"url\":\"https:\\\/\\\/www.sttk.fi\\\/sv\\\/author\\\/paka\\\/\"}]}<\/script>\n<!-- \/ Yoast SEO plugin. -->","yoast_head_json":{"title":"NFS styrelsem\u00f6te i Reykjavik \u2013 fokus p\u00e5 s\u00e4kerhet, EU-fr\u00e5gor, arbetsr\u00e4tt och den gr\u00f6na omst\u00e4llningen - STTK","description":"NFS styrelse sammantr\u00e4dde 22 April i Reykjavik p\u00e5 Island f\u00f6r att diskutera aktuella fackliga fr\u00e5gor.","robots":{"index":"index","follow":"follow","max-snippet":"max-snippet:-1","max-image-preview":"max-image-preview:large","max-video-preview":"max-video-preview:-1"},"canonical":"https:\/\/www.sttk.fi\/sv\/2026\/04\/27\/nfs-styrelsemote-i-reykjavik-fokus-pa-sakerhet-eu-fragor-arbetsratt-och-den-grona-omstallningen\/","og_locale":"sv_SE","og_type":"article","og_title":"NFS styrelsem\u00f6te i Reykjavik \u2013 fokus p\u00e5 s\u00e4kerhet, EU-fr\u00e5gor, arbetsr\u00e4tt och den gr\u00f6na omst\u00e4llningen - STTK","og_description":"NFS styrelse sammantr\u00e4dde 22 April i Reykjavik p\u00e5 Island f\u00f6r att diskutera aktuella fackliga fr\u00e5gor.","og_url":"https:\/\/www.sttk.fi\/sv\/2026\/04\/27\/nfs-styrelsemote-i-reykjavik-fokus-pa-sakerhet-eu-fragor-arbetsratt-och-den-grona-omstallningen\/","og_site_name":"STTK","article_publisher":"https:\/\/www.facebook.com\/#%21%2fKeskusjarjestoSTTK","article_published_time":"2026-04-27T07:13:54+00:00","article_modified_time":"2026-04-27T07:16:12+00:00","og_image":[{"width":1200,"height":899,"url":"https:\/\/www.sttk.fi\/wp-content\/uploads\/sites\/2\/2025\/01\/sttk-bristol.jpg","type":"image\/jpeg"}],"twitter_card":"summary_large_image","twitter_creator":"@STTKMikonkatu","twitter_site":"@STTKMikonkatu","twitter_misc":{"Written by":"paka","Est. reading time":"2 minuter"},"schema":{"@context":"https:\/\/schema.org","@graph":[{"@type":"Article","@id":"https:\/\/www.sttk.fi\/sv\/2026\/04\/27\/nfs-styrelsemote-i-reykjavik-fokus-pa-sakerhet-eu-fragor-arbetsratt-och-den-grona-omstallningen\/#article","isPartOf":{"@id":"https:\/\/www.sttk.fi\/sv\/2026\/04\/27\/nfs-styrelsemote-i-reykjavik-fokus-pa-sakerhet-eu-fragor-arbetsratt-och-den-grona-omstallningen\/"},"author":{"name":"paka","@id":"https:\/\/www.sttk.fi\/#\/schema\/person\/58abb54d7b15ed34e29dc4514a5c1210"},"headline":"NFS styrelsem\u00f6te i Reykjavik \u2013 fokus p\u00e5 s\u00e4kerhet, EU-fr\u00e5gor, arbetsr\u00e4tt och den gr\u00f6na omst\u00e4llningen","datePublished":"2026-04-27T07:13:54+00:00","dateModified":"2026-04-27T07:16:12+00:00","mainEntityOfPage":{"@id":"https:\/\/www.sttk.fi\/sv\/2026\/04\/27\/nfs-styrelsemote-i-reykjavik-fokus-pa-sakerhet-eu-fragor-arbetsratt-och-den-grona-omstallningen\/"},"wordCount":201,"publisher":{"@id":"https:\/\/www.sttk.fi\/#organization"},"image":{"@id":"https:\/\/www.sttk.fi\/sv\/2026\/04\/27\/nfs-styrelsemote-i-reykjavik-fokus-pa-sakerhet-eu-fragor-arbetsratt-och-den-grona-omstallningen\/#primaryimage"},"thumbnailUrl":"https:\/\/www.sttk.fi\/wp-content\/uploads\/sites\/2\/2025\/01\/sttk-bristol.jpg","articleSection":["Nyhet"],"inLanguage":"sv-SE"},{"@type":"WebPage","@id":"https:\/\/www.sttk.fi\/sv\/2026\/04\/27\/nfs-styrelsemote-i-reykjavik-fokus-pa-sakerhet-eu-fragor-arbetsratt-och-den-grona-omstallningen\/","url":"https:\/\/www.sttk.fi\/sv\/2026\/04\/27\/nfs-styrelsemote-i-reykjavik-fokus-pa-sakerhet-eu-fragor-arbetsratt-och-den-grona-omstallningen\/","name":"NFS styrelsem\u00f6te i Reykjavik \u2013 fokus p\u00e5 s\u00e4kerhet, EU-fr\u00e5gor, arbetsr\u00e4tt och den gr\u00f6na omst\u00e4llningen - STTK","isPartOf":{"@id":"https:\/\/www.sttk.fi\/#website"},"primaryImageOfPage":{"@id":"https:\/\/www.sttk.fi\/sv\/2026\/04\/27\/nfs-styrelsemote-i-reykjavik-fokus-pa-sakerhet-eu-fragor-arbetsratt-och-den-grona-omstallningen\/#primaryimage"},"image":{"@id":"https:\/\/www.sttk.fi\/sv\/2026\/04\/27\/nfs-styrelsemote-i-reykjavik-fokus-pa-sakerhet-eu-fragor-arbetsratt-och-den-grona-omstallningen\/#primaryimage"},"thumbnailUrl":"https:\/\/www.sttk.fi\/wp-content\/uploads\/sites\/2\/2025\/01\/sttk-bristol.jpg","datePublished":"2026-04-27T07:13:54+00:00","dateModified":"2026-04-27T07:16:12+00:00","description":"NFS styrelse sammantr\u00e4dde 22 April i Reykjavik p\u00e5 Island f\u00f6r att diskutera aktuella fackliga fr\u00e5gor.","breadcrumb":{"@id":"https:\/\/www.sttk.fi\/sv\/2026\/04\/27\/nfs-styrelsemote-i-reykjavik-fokus-pa-sakerhet-eu-fragor-arbetsratt-och-den-grona-omstallningen\/#breadcrumb"},"inLanguage":"sv-SE","potentialAction":[{"@type":"ReadAction","target":["https:\/\/www.sttk.fi\/sv\/2026\/04\/27\/nfs-styrelsemote-i-reykjavik-fokus-pa-sakerhet-eu-fragor-arbetsratt-och-den-grona-omstallningen\/"]}]},{"@type":"ImageObject","inLanguage":"sv-SE","@id":"https:\/\/www.sttk.fi\/sv\/2026\/04\/27\/nfs-styrelsemote-i-reykjavik-fokus-pa-sakerhet-eu-fragor-arbetsratt-och-den-grona-omstallningen\/#primaryimage","url":"https:\/\/www.sttk.fi\/wp-content\/uploads\/sites\/2\/2025\/01\/sttk-bristol.jpg","contentUrl":"https:\/\/www.sttk.fi\/wp-content\/uploads\/sites\/2\/2025\/01\/sttk-bristol.jpg","width":1200,"height":899,"caption":"Kuvituskuvaukset STTK:n viestint\u00e4k\u00e4ytt\u00f6\u00f6n. Kuvausaihe \u2013 Ty\u00f6el\u00e4m\u00e4n tasa-arvo."},{"@type":"BreadcrumbList","@id":"https:\/\/www.sttk.fi\/sv\/2026\/04\/27\/nfs-styrelsemote-i-reykjavik-fokus-pa-sakerhet-eu-fragor-arbetsratt-och-den-grona-omstallningen\/#breadcrumb","itemListElement":[{"@type":"ListItem","position":1,"name":"Home","item":"https:\/\/www.sttk.fi\/sv\/"},{"@type":"ListItem","position":2,"name":"NFS styrelsem\u00f6te i Reykjavik \u2013 fokus p\u00e5 s\u00e4kerhet, EU-fr\u00e5gor, arbetsr\u00e4tt och den gr\u00f6na omst\u00e4llningen"}]},{"@type":"WebSite","@id":"https:\/\/www.sttk.fi\/#website","url":"https:\/\/www.sttk.fi\/","name":"STTK","description":"","publisher":{"@id":"https:\/\/www.sttk.fi\/#organization"},"potentialAction":[{"@type":"SearchAction","target":{"@type":"EntryPoint","urlTemplate":"https:\/\/www.sttk.fi\/?s={search_term_string}"},"query-input":{"@type":"PropertyValueSpecification","valueRequired":true,"valueName":"search_term_string"}}],"inLanguage":"sv-SE"},{"@type":"Organization","@id":"https:\/\/www.sttk.fi\/#organization","name":"STTK","url":"https:\/\/www.sttk.fi\/","logo":{"@type":"ImageObject","inLanguage":"sv-SE","@id":"https:\/\/www.sttk.fi\/#\/schema\/logo\/image\/","url":"https:\/\/www.sttk.fi\/wp-content\/uploads\/sites\/2\/2025\/12\/vector3.svg","contentUrl":"https:\/\/www.sttk.fi\/wp-content\/uploads\/sites\/2\/2025\/12\/vector3.svg","caption":"STTK"},"image":{"@id":"https:\/\/www.sttk.fi\/#\/schema\/logo\/image\/"},"sameAs":["https:\/\/www.facebook.com\/#!\/KeskusjarjestoSTTK","https:\/\/x.com\/STTKMikonkatu","http:\/\/www.youtube.com\/user\/protoimihenkilot"]},{"@type":"Person","@id":"https:\/\/www.sttk.fi\/#\/schema\/person\/58abb54d7b15ed34e29dc4514a5c1210","name":"paka","image":{"@type":"ImageObject","inLanguage":"sv-SE","@id":"https:\/\/secure.gravatar.com\/avatar\/4475a9b815f64182a53e96cb5d0f5f7720cc03120a202c52530424ca5902a916?s=96&d=mm&r=g","url":"https:\/\/secure.gravatar.com\/avatar\/4475a9b815f64182a53e96cb5d0f5f7720cc03120a202c52530424ca5902a916?s=96&d=mm&r=g","contentUrl":"https:\/\/secure.gravatar.com\/avatar\/4475a9b815f64182a53e96cb5d0f5f7720cc03120a202c52530424ca5902a916?s=96&d=mm&r=g","caption":"paka"},"url":"https:\/\/www.sttk.fi\/sv\/author\/paka\/"}]}},"_links":{"self":[{"href":"https:\/\/www.sttk.fi\/sv\/wp-json\/wp\/v2\/posts\/56777","targetHints":{"allow":["GET"]}}],"collection":[{"href":"https:\/\/www.sttk.fi\/sv\/wp-json\/wp\/v2\/posts"}],"about":[{"href":"https:\/\/www.sttk.fi\/sv\/wp-json\/wp\/v2\/types\/post"}],"author":[{"embeddable":true,"href":"https:\/\/www.sttk.fi\/sv\/wp-json\/wp\/v2\/users\/3"}],"replies":[{"embeddable":true,"href":"https:\/\/www.sttk.fi\/sv\/wp-json\/wp\/v2\/comments?post=56777"}],"version-history":[{"count":2,"href":"https:\/\/www.sttk.fi\/sv\/wp-json\/wp\/v2\/posts\/56777\/revisions"}],"predecessor-version":[{"id":56779,"href":"https:\/\/www.sttk.fi\/sv\/wp-json\/wp\/v2\/posts\/56777\/revisions\/56779"}],"wp:featuredmedia":[{"embeddable":true,"href":"https:\/\/www.sttk.fi\/sv\/wp-json\/wp\/v2\/media\/52935"}],"wp:attachment":[{"href":"https:\/\/www.sttk.fi\/sv\/wp-json\/wp\/v2\/media?parent=56777"}],"wp:term":[{"taxonomy":"category","embeddable":true,"href":"https:\/\/www.sttk.fi\/sv\/wp-json\/wp\/v2\/categories?post=56777"},{"taxonomy":"subject","embeddable":true,"href":"https:\/\/www.sttk.fi\/sv\/wp-json\/wp\/v2\/subject?post=56777"}],"curies":[{"name":"wp","href":"https:\/\/api.w.org\/{rel}","templated":true}]}}