{"id":56051,"date":"2026-01-26T09:22:30","date_gmt":"2026-01-26T07:22:30","guid":{"rendered":"https:\/\/www.sttk.fi\/?p=56051"},"modified":"2026-01-26T09:22:30","modified_gmt":"2026-01-26T07:22:30","slug":"supers-inberg-pa-nationella-narvardardagen-den-27-januari-narvardarnas-arbete-bar-upp-finlandarnas-vardag-och-samhallets-funktion","status":"publish","type":"post","link":"https:\/\/www.sttk.fi\/sv\/2026\/01\/26\/supers-inberg-pa-nationella-narvardardagen-den-27-januari-narvardarnas-arbete-bar-upp-finlandarnas-vardag-och-samhallets-funktion\/","title":{"rendered":"SuPers Inberg p\u00e5 Nationella n\u00e4rv\u00e5rdardagen den 27 januari: N\u00e4rv\u00e5rdarnas arbete b\u00e4r upp finl\u00e4ndarnas vardag och samh\u00e4llets funktion"},"content":{"rendered":"\n<p class=\"lead-paragraph\">Den nationella n\u00e4rv\u00e5rdardagen firas tisdagen den 27 januari. Dagen firas p\u00e5 initiativ av SuPer sedan 2009. Syftet med dagen \u00e4r att \u00f6ka medvetenheten om n\u00e4rv\u00e5rdarnas breda arbetsf\u00e4lt och deras betydelse.<\/p>\n\n\n\n<h2 class=\"wp-block-heading\">N\u00e4rv\u00e5rdare \u2013 med hj\u00e4rtat p\u00e5 r\u00e4tt st\u00e4lle<\/h2>\n\n\n\n<p>\u2013 N\u00e4rv\u00e5rdarnas arbete syns konkret i m\u00e4nniskornas v\u00e4lbefinnande och i hela samh\u00e4llets funktionsf\u00f6rm\u00e5ga. Klienter och patienter har r\u00e4tt till en utbildad, kompetent v\u00e5rdare med stark yrkesetik. Anst\u00e4llda inom social- och h\u00e4lsov\u00e5rden samt sm\u00e5barnspedagogiken har i sin tur r\u00e4tt till en kompetent kollega, p\u00e5minner SuPers ordf\u00f6rande <strong>P\u00e4ivi Inberg<\/strong>.<\/p>\n\n\n\n<p>N\u00e4rv\u00e5rdarnas m\u00e5ngsidiga utbildning m\u00f6jligg\u00f6r arbete inom flera sektorer: inom social- och h\u00e4lsov\u00e5rden, sm\u00e5barnspedagogiken, skolor, rehabilitering samt olika handlednings- och omsorgsmilj\u00f6er, d\u00e4r n\u00e4rv\u00e5rdare st\u00f6der och v\u00e5rdar klienter och patienter i olika \u00e5ldrar. Arbetet utf\u00f6rs i varierande milj\u00f6er, som i klientens hem, p\u00e5 daghem och skolor, i boendeserviceenheter samt inom h\u00e4lso- och sjukv\u00e5rdens verksamheter.<\/p>\n\n\n\n<p class=\"lead-paragraph\">\u2013 N\u00e4rv\u00e5rdare fr\u00e4mjar h\u00e4lsa och utveckling samt f\u00f6rb\u00e4ttrar livskvaliteten i situationer d\u00e4r m\u00e4nskligt bem\u00f6tande och f\u00f6rtroende \u00e4r avg\u00f6rande. Arbetet kr\u00e4ver stark yrkeskompetens, goda interaktionsf\u00e4rdigheter, medm\u00e4nsklighet och h\u00f6g yrkesetik, s\u00e4ger <strong>Inberg.<\/strong><\/p>\n\n\n\n<h2 class=\"wp-block-heading\">Arbetet kr\u00e4ver stark yrkeskompetens och yrkesetik<\/h2>\n\n\n\n<p>N\u00e4rv\u00e5rdarens arbete bygger p\u00e5 gedigen yrkesskicklighet, ansvarstagande och h\u00f6g yrkesetik. Att v\u00e4xa in i ett etiskt f\u00f6rh\u00e5llningss\u00e4tt \u00e4r en del av n\u00e4rv\u00e5rdarens professionella utveckling. I sitt arbete m\u00f6ter n\u00e4rv\u00e5rdaren m\u00e4nniskor i olika skeden av livet, ofta i utsatta situationer. Detta f\u00f6ruts\u00e4tter f\u00f6rm\u00e5ga att fatta etiskt h\u00e5llbara beslut och att agera p\u00e5 ett s\u00e4tt som inger f\u00f6rtroende.<\/p>\n\n\n\n<p>De etiska riktlinjerna f\u00f6r n\u00e4rv\u00e5rdare, som utarbetats av SuPer, grundar sig bland annat p\u00e5 rekommendationer fr\u00e5n den nationella etiska delegationen inom social- och h\u00e4lsov\u00e5rden (ETENE). Genom att publicera egna etiska riktlinjer f\u00f6r n\u00e4rv\u00e5rdare har man velat h\u00f6ja yrkets anseende, uppr\u00e4tth\u00e5lla v\u00e4rdediskussionen och utveckla n\u00e4rv\u00e5rdarens arbete.<\/p>\n\n\n\n<p>Till n\u00e4rv\u00e5rdarens etiska principer h\u00f6r bland annat respekt f\u00f6r m\u00e4nniskov\u00e4rdet, klientens sj\u00e4lvbest\u00e4mmander\u00e4tt, r\u00e4ttvisa och j\u00e4mlikhet. Att s\u00e4kerst\u00e4lla klient- och patients\u00e4kerheten \u00e4r k\u00e4rnan i allt arbete och en central del av det professionella ansvaret.<\/p>\n\n\n\n<p>Yrkesgruppens r\u00f6tter str\u00e4cker sig till \u00e5r 1941, d\u00e5 Finlands R\u00f6da Kors grundade hj\u00e4lpsysterorganisationen f\u00f6r att m\u00f6ta det v\u00e4xande behovet av v\u00e5rdarbete. Den nuvarande n\u00e4rv\u00e5rdarutbildningen inleddes 1993 och n\u00e4rv\u00e5rdarna har vuxit till en av Finlands st\u00f6rsta yrkesgrupper.<\/p>\n\n\n\n<p><em><strong>SuPer \u00e4r Finlands st\u00f6rsta fackf\u00f6rbund f\u00f6r yrkesutbildade inom social- och h\u00e4lsov\u00e5rden samt v\u00e5rdare inom sm\u00e5barnspedagogiken.<\/strong><\/em><strong>Ytterligare information:<\/strong><br>P\u00e4ivi Inberg, ordf\u00f6rande<br>Tfn 040 705 9115<\/p>\n","protected":false},"excerpt":{"rendered":"Den nationella n\u00e4rv\u00e5rdardagen firas tisdagen den 27 januari. Dagen firas p\u00e5 initiativ av SuPer sedan 2009. Syftet med&#8230; ","protected":false},"author":3,"featured_media":0,"comment_status":"closed","ping_status":"closed","sticky":false,"template":"","format":"standard","meta":{"_acf_changed":false,"lead_paragraph":"\u2013 N\u00e4rv\u00e5rdarna \u00e4r grundpelare i det finl\u00e4ndska v\u00e4lf\u00e4rdssamh\u00e4llet och deras arbete omfattar m\u00e4nniskor i alla \u00e5ldrar och livsskeden, s\u00e4ger SuPers ordf\u00f6rande P\u00e4ivi Inberg. N\u00e4rv\u00e5rdarnas arbete och kompetens m\u00f6jligg\u00f6r medborgarnas deltagande i arbetslivet och att samh\u00e4llets vardag fungerar.","footnotes":""},"categories":[190],"subject":[],"class_list":["post-56051","post","type-post","status-publish","format-standard","hentry","category-fackforbunds-meddelande"],"acf":{"lead_paragraph":"\u2013 N\u00e4rv\u00e5rdarna \u00e4r grundpelare i det finl\u00e4ndska v\u00e4lf\u00e4rdssamh\u00e4llet och deras arbete omfattar m\u00e4nniskor i alla \u00e5ldrar och livsskeden, s\u00e4ger SuPers ordf\u00f6rande P\u00e4ivi Inberg. N\u00e4rv\u00e5rdarnas arbete och kompetens m\u00f6jligg\u00f6r medborgarnas deltagande i arbetslivet och att samh\u00e4llets vardag fungerar."},"yoast_head":"<!-- This site is optimized with the Yoast SEO plugin v27.4 - https:\/\/yoast.com\/product\/yoast-seo-wordpress\/ -->\n<title>SuPers Inberg p\u00e5 Nationella n\u00e4rv\u00e5rdardagen den 27 januari: N\u00e4rv\u00e5rdarnas arbete b\u00e4r upp finl\u00e4ndarnas vardag och samh\u00e4llets funktion - STTK<\/title>\n<meta name=\"robots\" content=\"index, follow, max-snippet:-1, max-image-preview:large, max-video-preview:-1\" \/>\n<link rel=\"canonical\" href=\"https:\/\/www.sttk.fi\/sv\/2026\/01\/26\/supers-inberg-pa-nationella-narvardardagen-den-27-januari-narvardarnas-arbete-bar-upp-finlandarnas-vardag-och-samhallets-funktion\/\" \/>\n<meta property=\"og:locale\" content=\"sv_SE\" \/>\n<meta property=\"og:type\" content=\"article\" \/>\n<meta property=\"og:title\" content=\"SuPers Inberg p\u00e5 Nationella n\u00e4rv\u00e5rdardagen den 27 januari: N\u00e4rv\u00e5rdarnas arbete b\u00e4r upp finl\u00e4ndarnas vardag och samh\u00e4llets funktion - STTK\" \/>\n<meta property=\"og:description\" content=\"Den nationella n\u00e4rv\u00e5rdardagen firas tisdagen den 27 januari. Dagen firas p\u00e5 initiativ av SuPer sedan 2009. Syftet med...\" \/>\n<meta property=\"og:url\" content=\"https:\/\/www.sttk.fi\/sv\/2026\/01\/26\/supers-inberg-pa-nationella-narvardardagen-den-27-januari-narvardarnas-arbete-bar-upp-finlandarnas-vardag-och-samhallets-funktion\/\" \/>\n<meta property=\"og:site_name\" content=\"STTK\" \/>\n<meta property=\"article:publisher\" content=\"https:\/\/www.facebook.com\/#%21%2fKeskusjarjestoSTTK\" \/>\n<meta property=\"article:published_time\" content=\"2026-01-26T07:22:30+00:00\" \/>\n<meta property=\"og:image\" content=\"https:\/\/www.sttk.fi\/wp-content\/uploads\/sites\/2\/2013\/10\/super_sv.jpg\" \/>\n\t<meta property=\"og:image:width\" content=\"1130\" \/>\n\t<meta property=\"og:image:height\" content=\"682\" \/>\n\t<meta property=\"og:image:type\" content=\"image\/png\" \/>\n<meta name=\"twitter:card\" content=\"summary_large_image\" \/>\n<meta name=\"twitter:creator\" content=\"@STTKMikonkatu\" \/>\n<meta name=\"twitter:site\" content=\"@STTKMikonkatu\" \/>\n<meta name=\"twitter:label1\" content=\"Written by\" \/>\n\t<meta name=\"twitter:data1\" content=\"paka\" \/>\n\t<meta name=\"twitter:label2\" content=\"Est. reading time\" \/>\n\t<meta name=\"twitter:data2\" content=\"3 minuter\" \/>\n<script type=\"application\/ld+json\" class=\"yoast-schema-graph\">{\"@context\":\"https:\\\/\\\/schema.org\",\"@graph\":[{\"@type\":\"Article\",\"@id\":\"https:\\\/\\\/www.sttk.fi\\\/sv\\\/2026\\\/01\\\/26\\\/supers-inberg-pa-nationella-narvardardagen-den-27-januari-narvardarnas-arbete-bar-upp-finlandarnas-vardag-och-samhallets-funktion\\\/#article\",\"isPartOf\":{\"@id\":\"https:\\\/\\\/www.sttk.fi\\\/sv\\\/2026\\\/01\\\/26\\\/supers-inberg-pa-nationella-narvardardagen-den-27-januari-narvardarnas-arbete-bar-upp-finlandarnas-vardag-och-samhallets-funktion\\\/\"},\"author\":{\"name\":\"paka\",\"@id\":\"https:\\\/\\\/www.sttk.fi\\\/#\\\/schema\\\/person\\\/58abb54d7b15ed34e29dc4514a5c1210\"},\"headline\":\"SuPers Inberg p\u00e5 Nationella n\u00e4rv\u00e5rdardagen den 27 januari: N\u00e4rv\u00e5rdarnas arbete b\u00e4r upp finl\u00e4ndarnas vardag och samh\u00e4llets funktion\",\"datePublished\":\"2026-01-26T07:22:30+00:00\",\"mainEntityOfPage\":{\"@id\":\"https:\\\/\\\/www.sttk.fi\\\/sv\\\/2026\\\/01\\\/26\\\/supers-inberg-pa-nationella-narvardardagen-den-27-januari-narvardarnas-arbete-bar-upp-finlandarnas-vardag-och-samhallets-funktion\\\/\"},\"wordCount\":512,\"publisher\":{\"@id\":\"https:\\\/\\\/www.sttk.fi\\\/#organization\"},\"articleSection\":[\"Fackf\u00f6rbunds meddelande\"],\"inLanguage\":\"sv-SE\"},{\"@type\":\"WebPage\",\"@id\":\"https:\\\/\\\/www.sttk.fi\\\/sv\\\/2026\\\/01\\\/26\\\/supers-inberg-pa-nationella-narvardardagen-den-27-januari-narvardarnas-arbete-bar-upp-finlandarnas-vardag-och-samhallets-funktion\\\/\",\"url\":\"https:\\\/\\\/www.sttk.fi\\\/sv\\\/2026\\\/01\\\/26\\\/supers-inberg-pa-nationella-narvardardagen-den-27-januari-narvardarnas-arbete-bar-upp-finlandarnas-vardag-och-samhallets-funktion\\\/\",\"name\":\"SuPers Inberg p\u00e5 Nationella n\u00e4rv\u00e5rdardagen den 27 januari: N\u00e4rv\u00e5rdarnas arbete b\u00e4r upp finl\u00e4ndarnas vardag och samh\u00e4llets funktion - STTK\",\"isPartOf\":{\"@id\":\"https:\\\/\\\/www.sttk.fi\\\/#website\"},\"datePublished\":\"2026-01-26T07:22:30+00:00\",\"breadcrumb\":{\"@id\":\"https:\\\/\\\/www.sttk.fi\\\/sv\\\/2026\\\/01\\\/26\\\/supers-inberg-pa-nationella-narvardardagen-den-27-januari-narvardarnas-arbete-bar-upp-finlandarnas-vardag-och-samhallets-funktion\\\/#breadcrumb\"},\"inLanguage\":\"sv-SE\",\"potentialAction\":[{\"@type\":\"ReadAction\",\"target\":[\"https:\\\/\\\/www.sttk.fi\\\/sv\\\/2026\\\/01\\\/26\\\/supers-inberg-pa-nationella-narvardardagen-den-27-januari-narvardarnas-arbete-bar-upp-finlandarnas-vardag-och-samhallets-funktion\\\/\"]}]},{\"@type\":\"BreadcrumbList\",\"@id\":\"https:\\\/\\\/www.sttk.fi\\\/sv\\\/2026\\\/01\\\/26\\\/supers-inberg-pa-nationella-narvardardagen-den-27-januari-narvardarnas-arbete-bar-upp-finlandarnas-vardag-och-samhallets-funktion\\\/#breadcrumb\",\"itemListElement\":[{\"@type\":\"ListItem\",\"position\":1,\"name\":\"Home\",\"item\":\"https:\\\/\\\/www.sttk.fi\\\/sv\\\/\"},{\"@type\":\"ListItem\",\"position\":2,\"name\":\"SuPers Inberg p\u00e5 Nationella n\u00e4rv\u00e5rdardagen den 27 januari: N\u00e4rv\u00e5rdarnas arbete b\u00e4r upp finl\u00e4ndarnas vardag och samh\u00e4llets funktion\"}]},{\"@type\":\"WebSite\",\"@id\":\"https:\\\/\\\/www.sttk.fi\\\/#website\",\"url\":\"https:\\\/\\\/www.sttk.fi\\\/\",\"name\":\"STTK\",\"description\":\"\",\"publisher\":{\"@id\":\"https:\\\/\\\/www.sttk.fi\\\/#organization\"},\"potentialAction\":[{\"@type\":\"SearchAction\",\"target\":{\"@type\":\"EntryPoint\",\"urlTemplate\":\"https:\\\/\\\/www.sttk.fi\\\/?s={search_term_string}\"},\"query-input\":{\"@type\":\"PropertyValueSpecification\",\"valueRequired\":true,\"valueName\":\"search_term_string\"}}],\"inLanguage\":\"sv-SE\"},{\"@type\":\"Organization\",\"@id\":\"https:\\\/\\\/www.sttk.fi\\\/#organization\",\"name\":\"STTK\",\"url\":\"https:\\\/\\\/www.sttk.fi\\\/\",\"logo\":{\"@type\":\"ImageObject\",\"inLanguage\":\"sv-SE\",\"@id\":\"https:\\\/\\\/www.sttk.fi\\\/#\\\/schema\\\/logo\\\/image\\\/\",\"url\":\"https:\\\/\\\/www.sttk.fi\\\/wp-content\\\/uploads\\\/sites\\\/2\\\/2025\\\/12\\\/vector3.svg\",\"contentUrl\":\"https:\\\/\\\/www.sttk.fi\\\/wp-content\\\/uploads\\\/sites\\\/2\\\/2025\\\/12\\\/vector3.svg\",\"caption\":\"STTK\"},\"image\":{\"@id\":\"https:\\\/\\\/www.sttk.fi\\\/#\\\/schema\\\/logo\\\/image\\\/\"},\"sameAs\":[\"https:\\\/\\\/www.facebook.com\\\/#!\\\/KeskusjarjestoSTTK\",\"https:\\\/\\\/x.com\\\/STTKMikonkatu\",\"http:\\\/\\\/www.youtube.com\\\/user\\\/protoimihenkilot\"]},{\"@type\":\"Person\",\"@id\":\"https:\\\/\\\/www.sttk.fi\\\/#\\\/schema\\\/person\\\/58abb54d7b15ed34e29dc4514a5c1210\",\"name\":\"paka\",\"image\":{\"@type\":\"ImageObject\",\"inLanguage\":\"sv-SE\",\"@id\":\"https:\\\/\\\/secure.gravatar.com\\\/avatar\\\/4475a9b815f64182a53e96cb5d0f5f7720cc03120a202c52530424ca5902a916?s=96&d=mm&r=g\",\"url\":\"https:\\\/\\\/secure.gravatar.com\\\/avatar\\\/4475a9b815f64182a53e96cb5d0f5f7720cc03120a202c52530424ca5902a916?s=96&d=mm&r=g\",\"contentUrl\":\"https:\\\/\\\/secure.gravatar.com\\\/avatar\\\/4475a9b815f64182a53e96cb5d0f5f7720cc03120a202c52530424ca5902a916?s=96&d=mm&r=g\",\"caption\":\"paka\"},\"url\":\"https:\\\/\\\/www.sttk.fi\\\/sv\\\/author\\\/paka\\\/\"}]}<\/script>\n<!-- \/ Yoast SEO plugin. -->","yoast_head_json":{"title":"SuPers Inberg p\u00e5 Nationella n\u00e4rv\u00e5rdardagen den 27 januari: N\u00e4rv\u00e5rdarnas arbete b\u00e4r upp finl\u00e4ndarnas vardag och samh\u00e4llets funktion - STTK","robots":{"index":"index","follow":"follow","max-snippet":"max-snippet:-1","max-image-preview":"max-image-preview:large","max-video-preview":"max-video-preview:-1"},"canonical":"https:\/\/www.sttk.fi\/sv\/2026\/01\/26\/supers-inberg-pa-nationella-narvardardagen-den-27-januari-narvardarnas-arbete-bar-upp-finlandarnas-vardag-och-samhallets-funktion\/","og_locale":"sv_SE","og_type":"article","og_title":"SuPers Inberg p\u00e5 Nationella n\u00e4rv\u00e5rdardagen den 27 januari: N\u00e4rv\u00e5rdarnas arbete b\u00e4r upp finl\u00e4ndarnas vardag och samh\u00e4llets funktion - STTK","og_description":"Den nationella n\u00e4rv\u00e5rdardagen firas tisdagen den 27 januari. Dagen firas p\u00e5 initiativ av SuPer sedan 2009. Syftet med...","og_url":"https:\/\/www.sttk.fi\/sv\/2026\/01\/26\/supers-inberg-pa-nationella-narvardardagen-den-27-januari-narvardarnas-arbete-bar-upp-finlandarnas-vardag-och-samhallets-funktion\/","og_site_name":"STTK","article_publisher":"https:\/\/www.facebook.com\/#%21%2fKeskusjarjestoSTTK","article_published_time":"2026-01-26T07:22:30+00:00","og_image":[{"width":1130,"height":682,"url":"https:\/\/www.sttk.fi\/wp-content\/uploads\/sites\/2\/2013\/10\/super_sv.jpg","type":"image\/png"}],"twitter_card":"summary_large_image","twitter_creator":"@STTKMikonkatu","twitter_site":"@STTKMikonkatu","twitter_misc":{"Written by":"paka","Est. reading time":"3 minuter"},"schema":{"@context":"https:\/\/schema.org","@graph":[{"@type":"Article","@id":"https:\/\/www.sttk.fi\/sv\/2026\/01\/26\/supers-inberg-pa-nationella-narvardardagen-den-27-januari-narvardarnas-arbete-bar-upp-finlandarnas-vardag-och-samhallets-funktion\/#article","isPartOf":{"@id":"https:\/\/www.sttk.fi\/sv\/2026\/01\/26\/supers-inberg-pa-nationella-narvardardagen-den-27-januari-narvardarnas-arbete-bar-upp-finlandarnas-vardag-och-samhallets-funktion\/"},"author":{"name":"paka","@id":"https:\/\/www.sttk.fi\/#\/schema\/person\/58abb54d7b15ed34e29dc4514a5c1210"},"headline":"SuPers Inberg p\u00e5 Nationella n\u00e4rv\u00e5rdardagen den 27 januari: N\u00e4rv\u00e5rdarnas arbete b\u00e4r upp finl\u00e4ndarnas vardag och samh\u00e4llets funktion","datePublished":"2026-01-26T07:22:30+00:00","mainEntityOfPage":{"@id":"https:\/\/www.sttk.fi\/sv\/2026\/01\/26\/supers-inberg-pa-nationella-narvardardagen-den-27-januari-narvardarnas-arbete-bar-upp-finlandarnas-vardag-och-samhallets-funktion\/"},"wordCount":512,"publisher":{"@id":"https:\/\/www.sttk.fi\/#organization"},"articleSection":["Fackf\u00f6rbunds meddelande"],"inLanguage":"sv-SE"},{"@type":"WebPage","@id":"https:\/\/www.sttk.fi\/sv\/2026\/01\/26\/supers-inberg-pa-nationella-narvardardagen-den-27-januari-narvardarnas-arbete-bar-upp-finlandarnas-vardag-och-samhallets-funktion\/","url":"https:\/\/www.sttk.fi\/sv\/2026\/01\/26\/supers-inberg-pa-nationella-narvardardagen-den-27-januari-narvardarnas-arbete-bar-upp-finlandarnas-vardag-och-samhallets-funktion\/","name":"SuPers Inberg p\u00e5 Nationella n\u00e4rv\u00e5rdardagen den 27 januari: N\u00e4rv\u00e5rdarnas arbete b\u00e4r upp finl\u00e4ndarnas vardag och samh\u00e4llets funktion - STTK","isPartOf":{"@id":"https:\/\/www.sttk.fi\/#website"},"datePublished":"2026-01-26T07:22:30+00:00","breadcrumb":{"@id":"https:\/\/www.sttk.fi\/sv\/2026\/01\/26\/supers-inberg-pa-nationella-narvardardagen-den-27-januari-narvardarnas-arbete-bar-upp-finlandarnas-vardag-och-samhallets-funktion\/#breadcrumb"},"inLanguage":"sv-SE","potentialAction":[{"@type":"ReadAction","target":["https:\/\/www.sttk.fi\/sv\/2026\/01\/26\/supers-inberg-pa-nationella-narvardardagen-den-27-januari-narvardarnas-arbete-bar-upp-finlandarnas-vardag-och-samhallets-funktion\/"]}]},{"@type":"BreadcrumbList","@id":"https:\/\/www.sttk.fi\/sv\/2026\/01\/26\/supers-inberg-pa-nationella-narvardardagen-den-27-januari-narvardarnas-arbete-bar-upp-finlandarnas-vardag-och-samhallets-funktion\/#breadcrumb","itemListElement":[{"@type":"ListItem","position":1,"name":"Home","item":"https:\/\/www.sttk.fi\/sv\/"},{"@type":"ListItem","position":2,"name":"SuPers Inberg p\u00e5 Nationella n\u00e4rv\u00e5rdardagen den 27 januari: N\u00e4rv\u00e5rdarnas arbete b\u00e4r upp finl\u00e4ndarnas vardag och samh\u00e4llets funktion"}]},{"@type":"WebSite","@id":"https:\/\/www.sttk.fi\/#website","url":"https:\/\/www.sttk.fi\/","name":"STTK","description":"","publisher":{"@id":"https:\/\/www.sttk.fi\/#organization"},"potentialAction":[{"@type":"SearchAction","target":{"@type":"EntryPoint","urlTemplate":"https:\/\/www.sttk.fi\/?s={search_term_string}"},"query-input":{"@type":"PropertyValueSpecification","valueRequired":true,"valueName":"search_term_string"}}],"inLanguage":"sv-SE"},{"@type":"Organization","@id":"https:\/\/www.sttk.fi\/#organization","name":"STTK","url":"https:\/\/www.sttk.fi\/","logo":{"@type":"ImageObject","inLanguage":"sv-SE","@id":"https:\/\/www.sttk.fi\/#\/schema\/logo\/image\/","url":"https:\/\/www.sttk.fi\/wp-content\/uploads\/sites\/2\/2025\/12\/vector3.svg","contentUrl":"https:\/\/www.sttk.fi\/wp-content\/uploads\/sites\/2\/2025\/12\/vector3.svg","caption":"STTK"},"image":{"@id":"https:\/\/www.sttk.fi\/#\/schema\/logo\/image\/"},"sameAs":["https:\/\/www.facebook.com\/#!\/KeskusjarjestoSTTK","https:\/\/x.com\/STTKMikonkatu","http:\/\/www.youtube.com\/user\/protoimihenkilot"]},{"@type":"Person","@id":"https:\/\/www.sttk.fi\/#\/schema\/person\/58abb54d7b15ed34e29dc4514a5c1210","name":"paka","image":{"@type":"ImageObject","inLanguage":"sv-SE","@id":"https:\/\/secure.gravatar.com\/avatar\/4475a9b815f64182a53e96cb5d0f5f7720cc03120a202c52530424ca5902a916?s=96&d=mm&r=g","url":"https:\/\/secure.gravatar.com\/avatar\/4475a9b815f64182a53e96cb5d0f5f7720cc03120a202c52530424ca5902a916?s=96&d=mm&r=g","contentUrl":"https:\/\/secure.gravatar.com\/avatar\/4475a9b815f64182a53e96cb5d0f5f7720cc03120a202c52530424ca5902a916?s=96&d=mm&r=g","caption":"paka"},"url":"https:\/\/www.sttk.fi\/sv\/author\/paka\/"}]}},"_links":{"self":[{"href":"https:\/\/www.sttk.fi\/sv\/wp-json\/wp\/v2\/posts\/56051","targetHints":{"allow":["GET"]}}],"collection":[{"href":"https:\/\/www.sttk.fi\/sv\/wp-json\/wp\/v2\/posts"}],"about":[{"href":"https:\/\/www.sttk.fi\/sv\/wp-json\/wp\/v2\/types\/post"}],"author":[{"embeddable":true,"href":"https:\/\/www.sttk.fi\/sv\/wp-json\/wp\/v2\/users\/3"}],"replies":[{"embeddable":true,"href":"https:\/\/www.sttk.fi\/sv\/wp-json\/wp\/v2\/comments?post=56051"}],"version-history":[{"count":1,"href":"https:\/\/www.sttk.fi\/sv\/wp-json\/wp\/v2\/posts\/56051\/revisions"}],"predecessor-version":[{"id":56052,"href":"https:\/\/www.sttk.fi\/sv\/wp-json\/wp\/v2\/posts\/56051\/revisions\/56052"}],"wp:attachment":[{"href":"https:\/\/www.sttk.fi\/sv\/wp-json\/wp\/v2\/media?parent=56051"}],"wp:term":[{"taxonomy":"category","embeddable":true,"href":"https:\/\/www.sttk.fi\/sv\/wp-json\/wp\/v2\/categories?post=56051"},{"taxonomy":"subject","embeddable":true,"href":"https:\/\/www.sttk.fi\/sv\/wp-json\/wp\/v2\/subject?post=56051"}],"curies":[{"name":"wp","href":"https:\/\/api.w.org\/{rel}","templated":true}]}}