{"id":55083,"date":"2025-10-16T10:23:40","date_gmt":"2025-10-16T07:23:40","guid":{"rendered":"https:\/\/www.sttk.fi\/?p=55083"},"modified":"2025-10-16T10:23:41","modified_gmt":"2025-10-16T07:23:41","slug":"sttks-styrelse-valfardsomradena-fokuserar-mer-pa-att-stavja-kostnaderna-an-pa-medborgarnas-behov-av-tjanster","status":"publish","type":"post","link":"https:\/\/www.sttk.fi\/sv\/2025\/10\/16\/sttks-styrelse-valfardsomradena-fokuserar-mer-pa-att-stavja-kostnaderna-an-pa-medborgarnas-behov-av-tjanster\/","title":{"rendered":"STTK:s styrelse: V\u00e4lf\u00e4rdsomr\u00e5dena fokuserar mer p\u00e5 att st\u00e4vja kostnaderna \u00e4n p\u00e5 medborgarnas behov av tj\u00e4nster "},"content":{"rendered":"\n<p class=\"lead-paragraph\">Det egentliga syftet med social- och h\u00e4lsov\u00e5rdsreformen var att skapa h\u00f6gklassiga och j\u00e4mlika social-, h\u00e4lsov\u00e5rds- och r\u00e4ddningstj\u00e4nster i hela landet, minska h\u00e4lsoskillnaderna mellan medborgarna, st\u00e4rka tillg\u00e5ngen till tj\u00e4nster s\u00e4rskilt med tanke p\u00e5 den \u00e5ldrande befolkningen och kommunernas utmaningar, samt d\u00e4mpa kostnads\u00f6kningen.&nbsp;&nbsp;<\/p>\n\n\n\n<p>STTK:s styrelse anser att det nu i st\u00e4llet verkar som om v\u00e4lf\u00e4rdsomr\u00e5denas viktigaste uppgift bara \u00e4r att st\u00e4vja kostnaderna.&nbsp;<br>\u2013 Inom flera v\u00e4lf\u00e4rdsomr\u00e5den runtom i Finland p\u00e5g\u00e5r just nu samarbetsf\u00f6rhandlingar som redan har lett till och forts\u00e4tter leda till att hundratals anst\u00e4llda s\u00e4gs upp, verksamheten sk\u00e4rs ner och enheter l\u00e4ggs ner. Tillg\u00e5ngen till och kvaliteten p\u00e5 tj\u00e4nsterna har f\u00e5tt en underordnad betydelse, beklagar STTK:s ordf\u00f6rande <strong>Antti Palola<\/strong>.&nbsp;<\/p>\n\n\n\n<p>STTK:s styrelse p\u00e5minner om att v\u00e4lf\u00e4rdsomr\u00e5denas viktigaste uppgift \u00e4r att s\u00f6rja f\u00f6r finl\u00e4ndarnas h\u00e4lsa, v\u00e4lbefinnande och r\u00e4ddningstj\u00e4nster \u2013 inte att spara och effektivera.&nbsp;<br>\u2013 Under n\u00e4stan hela reformen har man anv\u00e4nt tid och energi till olika effektiverings\u00e5tg\u00e4rder, som \u00e4nd\u00e5 inte har lett till n\u00e5gon s\u00e4kerhet om att det d\u00e4refter kommer att r\u00e5da arbetsro inom v\u00e4lf\u00e4rdsomr\u00e5dena. Samarbetsf\u00f6rhandlingarna f\u00f6ljer p\u00e5 varandra. Det \u00e4r uppenbart att den nuvarande finansieringsmodellen inte fungerar och att den m\u00e5ste ses \u00f6ver helt och h\u00e5llet. Bara p\u00e5 det s\u00e4ttet kan man ens i n\u00e5got skede uppn\u00e5 balans mellan verksamheten och ekonomin och d\u00e4rmed skapa arbetsro, s\u00e4ger Palola.&nbsp;<\/p>\n\n\n\n<p>Den st\u00e4ndiga spar-, nedsk\u00e4rnings- och effektiveringsivern leder till att f\u00f6ruts\u00e4ttningarna f\u00f6r alla personalgrupper att orka s\u00e4tts p\u00e5 prov.&nbsp;<br>\u2013 En god och \u00e4ndam\u00e5lsenlig service garanteras av en helt\u00e4ckande kedja av yrkesproffs i olika uppgifter. Nu kan de inte koncentrera sig p\u00e5 sitt jobb, eftersom all uppm\u00e4rksamhet bara kretsar kring pengarna. Personalen drabbas av utmattning, konstaterar Palola.&nbsp;<\/p>\n\n\n\n<p class=\"lead-paragraph\">Det st\u00e4ndiga pratet om pengar och sparbehov har ocks\u00e5 lett till att f\u00f6rtroendet hos dem som beh\u00f6ver tj\u00e4nsterna har f\u00f6rsvagats.&nbsp;<br>\u2013 Finl\u00e4ndarna litar inte l\u00e4ngre p\u00e5 att de f\u00e5r hj\u00e4lp och st\u00f6d n\u00e4r de beh\u00f6ver det. Och n\u00e4r k\u00f6erna blir l\u00e4ngre \u00f6kar ocks\u00e5 h\u00e4lsoskillnaderna mellan olika befolkningsgrupper.&nbsp;<\/p>\n\n\n\n<h2 class=\"wp-block-heading\">Finansieringsmodellen m\u00e5ste f\u00f6rnyas\u00a0<\/h2>\n\n\n\n<p>STTK f\u00f6resl\u00e5r att finansieringsmodellen f\u00f6r v\u00e4lf\u00e4rdsomr\u00e5dena ska f\u00f6rnyas. Det br\u00e5dskar med en reform, eftersom Finland \u00e5ldras och behovet av v\u00e5rd och st\u00f6d av olika slag \u00f6kar \u2013 och inte bara bland dem som \u00e4r \u00e4ldre.&nbsp;<br>\u2013 F\u00f6r n\u00e4rvarande \u00e4r statens finansiering av v\u00e4lf\u00e4rdsomr\u00e5dena helt otillr\u00e4cklig. Resurserna ska dimensioneras utifr\u00e5n behovet av v\u00e5rd och omsorg, inte utifr\u00e5n sparm\u00e5len, kr\u00e4ver Palola.&nbsp;<\/p>\n\n\n\n<p>Situationen f\u00f6rv\u00e4rras av de nedsk\u00e4rningar som regeringen har gjort i finansieringen av social- och h\u00e4lsov\u00e5rdsorganisationer.&nbsp;<br>\u2013 Det \u00e4r sv\u00e5rt att f\u00f6rst\u00e5 att regeringen i sin spariver inte ser sambandet mellan akt\u00f6rerna inom tredje sektorn och de offentliga serviceproducenterna. De nedsk\u00e4rningar som drabbar organisationerna f\u00f6rv\u00e4rrar ytterligare situationen inom social- och h\u00e4lsov\u00e5rdssektorn, s\u00e4ger Palola.&nbsp;<\/p>\n\n\n\n<p><strong>Mer information: ordf\u00f6rande Antti Palola p. 040 509 6030<\/strong><\/p>\n","protected":false},"excerpt":{"rendered":"Det egentliga syftet med social- och h\u00e4lsov\u00e5rdsreformen var att skapa h\u00f6gklassiga och j\u00e4mlika social-, h\u00e4lsov\u00e5rds- och r\u00e4ddningstj\u00e4nster i&#8230; ","protected":false},"author":3,"featured_media":54749,"comment_status":"closed","ping_status":"closed","sticky":false,"template":"","format":"standard","meta":{"_acf_changed":false,"lead_paragraph":"","footnotes":""},"categories":[135],"subject":[],"class_list":["post-55083","post","type-post","status-publish","format-standard","has-post-thumbnail","hentry","category-pressmeddelande"],"acf":{"lead_paragraph":""},"yoast_head":"<!-- This site is optimized with the Yoast SEO plugin v27.4 - https:\/\/yoast.com\/product\/yoast-seo-wordpress\/ -->\n<title>STTK:s styrelse:\u00a0V\u00e4lf\u00e4rdsomr\u00e5dena fokuserar mer p\u00e5 att st\u00e4vja kostnaderna \u00e4n p\u00e5 medborgarnas behov av tj\u00e4nster\u00a0 - STTK<\/title>\n<meta name=\"description\" content=\"STTK:s styrelse anser att det nu i st\u00e4llet verkar som om v\u00e4lf\u00e4rdsomr\u00e5denas viktigaste uppgift bara \u00e4r att st\u00e4vja kostnaderna.\" \/>\n<meta name=\"robots\" content=\"index, follow, max-snippet:-1, max-image-preview:large, max-video-preview:-1\" \/>\n<link rel=\"canonical\" href=\"https:\/\/www.sttk.fi\/sv\/2025\/10\/16\/sttks-styrelse-valfardsomradena-fokuserar-mer-pa-att-stavja-kostnaderna-an-pa-medborgarnas-behov-av-tjanster\/\" \/>\n<meta property=\"og:locale\" content=\"sv_SE\" \/>\n<meta property=\"og:type\" content=\"article\" \/>\n<meta property=\"og:title\" content=\"STTK:s styrelse:\u00a0V\u00e4lf\u00e4rdsomr\u00e5dena fokuserar mer p\u00e5 att st\u00e4vja kostnaderna \u00e4n p\u00e5 medborgarnas behov av tj\u00e4nster\u00a0 - STTK\" \/>\n<meta property=\"og:description\" content=\"STTK:s styrelse anser att det nu i st\u00e4llet verkar som om v\u00e4lf\u00e4rdsomr\u00e5denas viktigaste uppgift bara \u00e4r att st\u00e4vja kostnaderna.\" \/>\n<meta property=\"og:url\" content=\"https:\/\/www.sttk.fi\/sv\/2025\/10\/16\/sttks-styrelse-valfardsomradena-fokuserar-mer-pa-att-stavja-kostnaderna-an-pa-medborgarnas-behov-av-tjanster\/\" \/>\n<meta property=\"og:site_name\" content=\"STTK\" \/>\n<meta property=\"article:publisher\" content=\"https:\/\/www.facebook.com\/#%21%2fKeskusjarjestoSTTK\" \/>\n<meta property=\"article:published_time\" content=\"2025-10-16T07:23:40+00:00\" \/>\n<meta property=\"article:modified_time\" content=\"2025-10-16T07:23:41+00:00\" \/>\n<meta property=\"og:image\" content=\"https:\/\/www.sttk.fi\/wp-content\/uploads\/sites\/2\/2025\/09\/terveydenhuolto-vastaanottokytv-edited.png\" \/>\n\t<meta property=\"og:image:width\" content=\"1200\" \/>\n\t<meta property=\"og:image:height\" content=\"675\" \/>\n\t<meta property=\"og:image:type\" content=\"image\/png\" \/>\n<meta name=\"twitter:card\" content=\"summary_large_image\" \/>\n<meta name=\"twitter:creator\" content=\"@STTKMikonkatu\" \/>\n<meta name=\"twitter:site\" content=\"@STTKMikonkatu\" \/>\n<meta name=\"twitter:label1\" content=\"Written by\" \/>\n\t<meta name=\"twitter:data1\" content=\"paka\" \/>\n\t<meta name=\"twitter:label2\" content=\"Est. reading time\" \/>\n\t<meta name=\"twitter:data2\" content=\"3 minuter\" \/>\n<script type=\"application\/ld+json\" class=\"yoast-schema-graph\">{\"@context\":\"https:\\\/\\\/schema.org\",\"@graph\":[{\"@type\":\"Article\",\"@id\":\"https:\\\/\\\/www.sttk.fi\\\/sv\\\/2025\\\/10\\\/16\\\/sttks-styrelse-valfardsomradena-fokuserar-mer-pa-att-stavja-kostnaderna-an-pa-medborgarnas-behov-av-tjanster\\\/#article\",\"isPartOf\":{\"@id\":\"https:\\\/\\\/www.sttk.fi\\\/sv\\\/2025\\\/10\\\/16\\\/sttks-styrelse-valfardsomradena-fokuserar-mer-pa-att-stavja-kostnaderna-an-pa-medborgarnas-behov-av-tjanster\\\/\"},\"author\":{\"name\":\"paka\",\"@id\":\"https:\\\/\\\/www.sttk.fi\\\/#\\\/schema\\\/person\\\/58abb54d7b15ed34e29dc4514a5c1210\"},\"headline\":\"STTK:s styrelse: V\u00e4lf\u00e4rdsomr\u00e5dena fokuserar mer p\u00e5 att st\u00e4vja kostnaderna \u00e4n p\u00e5 medborgarnas behov av tj\u00e4nster\",\"datePublished\":\"2025-10-16T07:23:40+00:00\",\"dateModified\":\"2025-10-16T07:23:41+00:00\",\"mainEntityOfPage\":{\"@id\":\"https:\\\/\\\/www.sttk.fi\\\/sv\\\/2025\\\/10\\\/16\\\/sttks-styrelse-valfardsomradena-fokuserar-mer-pa-att-stavja-kostnaderna-an-pa-medborgarnas-behov-av-tjanster\\\/\"},\"wordCount\":588,\"publisher\":{\"@id\":\"https:\\\/\\\/www.sttk.fi\\\/#organization\"},\"image\":{\"@id\":\"https:\\\/\\\/www.sttk.fi\\\/sv\\\/2025\\\/10\\\/16\\\/sttks-styrelse-valfardsomradena-fokuserar-mer-pa-att-stavja-kostnaderna-an-pa-medborgarnas-behov-av-tjanster\\\/#primaryimage\"},\"thumbnailUrl\":\"https:\\\/\\\/www.sttk.fi\\\/wp-content\\\/uploads\\\/sites\\\/2\\\/2025\\\/09\\\/terveydenhuolto-vastaanottokytv-edited.png\",\"articleSection\":[\"Pressmeddelande\"],\"inLanguage\":\"sv-SE\"},{\"@type\":\"WebPage\",\"@id\":\"https:\\\/\\\/www.sttk.fi\\\/sv\\\/2025\\\/10\\\/16\\\/sttks-styrelse-valfardsomradena-fokuserar-mer-pa-att-stavja-kostnaderna-an-pa-medborgarnas-behov-av-tjanster\\\/\",\"url\":\"https:\\\/\\\/www.sttk.fi\\\/sv\\\/2025\\\/10\\\/16\\\/sttks-styrelse-valfardsomradena-fokuserar-mer-pa-att-stavja-kostnaderna-an-pa-medborgarnas-behov-av-tjanster\\\/\",\"name\":\"STTK:s styrelse:\u00a0V\u00e4lf\u00e4rdsomr\u00e5dena fokuserar mer p\u00e5 att st\u00e4vja kostnaderna \u00e4n p\u00e5 medborgarnas behov av tj\u00e4nster\u00a0 - STTK\",\"isPartOf\":{\"@id\":\"https:\\\/\\\/www.sttk.fi\\\/#website\"},\"primaryImageOfPage\":{\"@id\":\"https:\\\/\\\/www.sttk.fi\\\/sv\\\/2025\\\/10\\\/16\\\/sttks-styrelse-valfardsomradena-fokuserar-mer-pa-att-stavja-kostnaderna-an-pa-medborgarnas-behov-av-tjanster\\\/#primaryimage\"},\"image\":{\"@id\":\"https:\\\/\\\/www.sttk.fi\\\/sv\\\/2025\\\/10\\\/16\\\/sttks-styrelse-valfardsomradena-fokuserar-mer-pa-att-stavja-kostnaderna-an-pa-medborgarnas-behov-av-tjanster\\\/#primaryimage\"},\"thumbnailUrl\":\"https:\\\/\\\/www.sttk.fi\\\/wp-content\\\/uploads\\\/sites\\\/2\\\/2025\\\/09\\\/terveydenhuolto-vastaanottokytv-edited.png\",\"datePublished\":\"2025-10-16T07:23:40+00:00\",\"dateModified\":\"2025-10-16T07:23:41+00:00\",\"description\":\"STTK:s styrelse anser att det nu i st\u00e4llet verkar som om v\u00e4lf\u00e4rdsomr\u00e5denas viktigaste uppgift bara \u00e4r att st\u00e4vja kostnaderna.\",\"breadcrumb\":{\"@id\":\"https:\\\/\\\/www.sttk.fi\\\/sv\\\/2025\\\/10\\\/16\\\/sttks-styrelse-valfardsomradena-fokuserar-mer-pa-att-stavja-kostnaderna-an-pa-medborgarnas-behov-av-tjanster\\\/#breadcrumb\"},\"inLanguage\":\"sv-SE\",\"potentialAction\":[{\"@type\":\"ReadAction\",\"target\":[\"https:\\\/\\\/www.sttk.fi\\\/sv\\\/2025\\\/10\\\/16\\\/sttks-styrelse-valfardsomradena-fokuserar-mer-pa-att-stavja-kostnaderna-an-pa-medborgarnas-behov-av-tjanster\\\/\"]}]},{\"@type\":\"ImageObject\",\"inLanguage\":\"sv-SE\",\"@id\":\"https:\\\/\\\/www.sttk.fi\\\/sv\\\/2025\\\/10\\\/16\\\/sttks-styrelse-valfardsomradena-fokuserar-mer-pa-att-stavja-kostnaderna-an-pa-medborgarnas-behov-av-tjanster\\\/#primaryimage\",\"url\":\"https:\\\/\\\/www.sttk.fi\\\/wp-content\\\/uploads\\\/sites\\\/2\\\/2025\\\/09\\\/terveydenhuolto-vastaanottokytv-edited.png\",\"contentUrl\":\"https:\\\/\\\/www.sttk.fi\\\/wp-content\\\/uploads\\\/sites\\\/2\\\/2025\\\/09\\\/terveydenhuolto-vastaanottokytv-edited.png\",\"width\":1200,\"height\":675},{\"@type\":\"BreadcrumbList\",\"@id\":\"https:\\\/\\\/www.sttk.fi\\\/sv\\\/2025\\\/10\\\/16\\\/sttks-styrelse-valfardsomradena-fokuserar-mer-pa-att-stavja-kostnaderna-an-pa-medborgarnas-behov-av-tjanster\\\/#breadcrumb\",\"itemListElement\":[{\"@type\":\"ListItem\",\"position\":1,\"name\":\"Home\",\"item\":\"https:\\\/\\\/www.sttk.fi\\\/sv\\\/\"},{\"@type\":\"ListItem\",\"position\":2,\"name\":\"STTK:s styrelse:\u00a0V\u00e4lf\u00e4rdsomr\u00e5dena fokuserar mer p\u00e5 att st\u00e4vja kostnaderna \u00e4n p\u00e5 medborgarnas behov av tj\u00e4nster\u00a0\"}]},{\"@type\":\"WebSite\",\"@id\":\"https:\\\/\\\/www.sttk.fi\\\/#website\",\"url\":\"https:\\\/\\\/www.sttk.fi\\\/\",\"name\":\"STTK\",\"description\":\"\",\"publisher\":{\"@id\":\"https:\\\/\\\/www.sttk.fi\\\/#organization\"},\"potentialAction\":[{\"@type\":\"SearchAction\",\"target\":{\"@type\":\"EntryPoint\",\"urlTemplate\":\"https:\\\/\\\/www.sttk.fi\\\/?s={search_term_string}\"},\"query-input\":{\"@type\":\"PropertyValueSpecification\",\"valueRequired\":true,\"valueName\":\"search_term_string\"}}],\"inLanguage\":\"sv-SE\"},{\"@type\":\"Organization\",\"@id\":\"https:\\\/\\\/www.sttk.fi\\\/#organization\",\"name\":\"STTK\",\"url\":\"https:\\\/\\\/www.sttk.fi\\\/\",\"logo\":{\"@type\":\"ImageObject\",\"inLanguage\":\"sv-SE\",\"@id\":\"https:\\\/\\\/www.sttk.fi\\\/#\\\/schema\\\/logo\\\/image\\\/\",\"url\":\"https:\\\/\\\/www.sttk.fi\\\/wp-content\\\/uploads\\\/sites\\\/2\\\/2025\\\/12\\\/vector3.svg\",\"contentUrl\":\"https:\\\/\\\/www.sttk.fi\\\/wp-content\\\/uploads\\\/sites\\\/2\\\/2025\\\/12\\\/vector3.svg\",\"caption\":\"STTK\"},\"image\":{\"@id\":\"https:\\\/\\\/www.sttk.fi\\\/#\\\/schema\\\/logo\\\/image\\\/\"},\"sameAs\":[\"https:\\\/\\\/www.facebook.com\\\/#!\\\/KeskusjarjestoSTTK\",\"https:\\\/\\\/x.com\\\/STTKMikonkatu\",\"http:\\\/\\\/www.youtube.com\\\/user\\\/protoimihenkilot\"]},{\"@type\":\"Person\",\"@id\":\"https:\\\/\\\/www.sttk.fi\\\/#\\\/schema\\\/person\\\/58abb54d7b15ed34e29dc4514a5c1210\",\"name\":\"paka\",\"image\":{\"@type\":\"ImageObject\",\"inLanguage\":\"sv-SE\",\"@id\":\"https:\\\/\\\/secure.gravatar.com\\\/avatar\\\/4475a9b815f64182a53e96cb5d0f5f7720cc03120a202c52530424ca5902a916?s=96&d=mm&r=g\",\"url\":\"https:\\\/\\\/secure.gravatar.com\\\/avatar\\\/4475a9b815f64182a53e96cb5d0f5f7720cc03120a202c52530424ca5902a916?s=96&d=mm&r=g\",\"contentUrl\":\"https:\\\/\\\/secure.gravatar.com\\\/avatar\\\/4475a9b815f64182a53e96cb5d0f5f7720cc03120a202c52530424ca5902a916?s=96&d=mm&r=g\",\"caption\":\"paka\"},\"url\":\"https:\\\/\\\/www.sttk.fi\\\/sv\\\/author\\\/paka\\\/\"}]}<\/script>\n<!-- \/ Yoast SEO plugin. -->","yoast_head_json":{"title":"STTK:s styrelse:\u00a0V\u00e4lf\u00e4rdsomr\u00e5dena fokuserar mer p\u00e5 att st\u00e4vja kostnaderna \u00e4n p\u00e5 medborgarnas behov av tj\u00e4nster\u00a0 - STTK","description":"STTK:s styrelse anser att det nu i st\u00e4llet verkar som om v\u00e4lf\u00e4rdsomr\u00e5denas viktigaste uppgift bara \u00e4r att st\u00e4vja kostnaderna.","robots":{"index":"index","follow":"follow","max-snippet":"max-snippet:-1","max-image-preview":"max-image-preview:large","max-video-preview":"max-video-preview:-1"},"canonical":"https:\/\/www.sttk.fi\/sv\/2025\/10\/16\/sttks-styrelse-valfardsomradena-fokuserar-mer-pa-att-stavja-kostnaderna-an-pa-medborgarnas-behov-av-tjanster\/","og_locale":"sv_SE","og_type":"article","og_title":"STTK:s styrelse:\u00a0V\u00e4lf\u00e4rdsomr\u00e5dena fokuserar mer p\u00e5 att st\u00e4vja kostnaderna \u00e4n p\u00e5 medborgarnas behov av tj\u00e4nster\u00a0 - STTK","og_description":"STTK:s styrelse anser att det nu i st\u00e4llet verkar som om v\u00e4lf\u00e4rdsomr\u00e5denas viktigaste uppgift bara \u00e4r att st\u00e4vja kostnaderna.","og_url":"https:\/\/www.sttk.fi\/sv\/2025\/10\/16\/sttks-styrelse-valfardsomradena-fokuserar-mer-pa-att-stavja-kostnaderna-an-pa-medborgarnas-behov-av-tjanster\/","og_site_name":"STTK","article_publisher":"https:\/\/www.facebook.com\/#%21%2fKeskusjarjestoSTTK","article_published_time":"2025-10-16T07:23:40+00:00","article_modified_time":"2025-10-16T07:23:41+00:00","og_image":[{"width":1200,"height":675,"url":"https:\/\/www.sttk.fi\/wp-content\/uploads\/sites\/2\/2025\/09\/terveydenhuolto-vastaanottokytv-edited.png","type":"image\/png"}],"twitter_card":"summary_large_image","twitter_creator":"@STTKMikonkatu","twitter_site":"@STTKMikonkatu","twitter_misc":{"Written by":"paka","Est. reading time":"3 minuter"},"schema":{"@context":"https:\/\/schema.org","@graph":[{"@type":"Article","@id":"https:\/\/www.sttk.fi\/sv\/2025\/10\/16\/sttks-styrelse-valfardsomradena-fokuserar-mer-pa-att-stavja-kostnaderna-an-pa-medborgarnas-behov-av-tjanster\/#article","isPartOf":{"@id":"https:\/\/www.sttk.fi\/sv\/2025\/10\/16\/sttks-styrelse-valfardsomradena-fokuserar-mer-pa-att-stavja-kostnaderna-an-pa-medborgarnas-behov-av-tjanster\/"},"author":{"name":"paka","@id":"https:\/\/www.sttk.fi\/#\/schema\/person\/58abb54d7b15ed34e29dc4514a5c1210"},"headline":"STTK:s styrelse: V\u00e4lf\u00e4rdsomr\u00e5dena fokuserar mer p\u00e5 att st\u00e4vja kostnaderna \u00e4n p\u00e5 medborgarnas behov av tj\u00e4nster","datePublished":"2025-10-16T07:23:40+00:00","dateModified":"2025-10-16T07:23:41+00:00","mainEntityOfPage":{"@id":"https:\/\/www.sttk.fi\/sv\/2025\/10\/16\/sttks-styrelse-valfardsomradena-fokuserar-mer-pa-att-stavja-kostnaderna-an-pa-medborgarnas-behov-av-tjanster\/"},"wordCount":588,"publisher":{"@id":"https:\/\/www.sttk.fi\/#organization"},"image":{"@id":"https:\/\/www.sttk.fi\/sv\/2025\/10\/16\/sttks-styrelse-valfardsomradena-fokuserar-mer-pa-att-stavja-kostnaderna-an-pa-medborgarnas-behov-av-tjanster\/#primaryimage"},"thumbnailUrl":"https:\/\/www.sttk.fi\/wp-content\/uploads\/sites\/2\/2025\/09\/terveydenhuolto-vastaanottokytv-edited.png","articleSection":["Pressmeddelande"],"inLanguage":"sv-SE"},{"@type":"WebPage","@id":"https:\/\/www.sttk.fi\/sv\/2025\/10\/16\/sttks-styrelse-valfardsomradena-fokuserar-mer-pa-att-stavja-kostnaderna-an-pa-medborgarnas-behov-av-tjanster\/","url":"https:\/\/www.sttk.fi\/sv\/2025\/10\/16\/sttks-styrelse-valfardsomradena-fokuserar-mer-pa-att-stavja-kostnaderna-an-pa-medborgarnas-behov-av-tjanster\/","name":"STTK:s styrelse:\u00a0V\u00e4lf\u00e4rdsomr\u00e5dena fokuserar mer p\u00e5 att st\u00e4vja kostnaderna \u00e4n p\u00e5 medborgarnas behov av tj\u00e4nster\u00a0 - STTK","isPartOf":{"@id":"https:\/\/www.sttk.fi\/#website"},"primaryImageOfPage":{"@id":"https:\/\/www.sttk.fi\/sv\/2025\/10\/16\/sttks-styrelse-valfardsomradena-fokuserar-mer-pa-att-stavja-kostnaderna-an-pa-medborgarnas-behov-av-tjanster\/#primaryimage"},"image":{"@id":"https:\/\/www.sttk.fi\/sv\/2025\/10\/16\/sttks-styrelse-valfardsomradena-fokuserar-mer-pa-att-stavja-kostnaderna-an-pa-medborgarnas-behov-av-tjanster\/#primaryimage"},"thumbnailUrl":"https:\/\/www.sttk.fi\/wp-content\/uploads\/sites\/2\/2025\/09\/terveydenhuolto-vastaanottokytv-edited.png","datePublished":"2025-10-16T07:23:40+00:00","dateModified":"2025-10-16T07:23:41+00:00","description":"STTK:s styrelse anser att det nu i st\u00e4llet verkar som om v\u00e4lf\u00e4rdsomr\u00e5denas viktigaste uppgift bara \u00e4r att st\u00e4vja kostnaderna.","breadcrumb":{"@id":"https:\/\/www.sttk.fi\/sv\/2025\/10\/16\/sttks-styrelse-valfardsomradena-fokuserar-mer-pa-att-stavja-kostnaderna-an-pa-medborgarnas-behov-av-tjanster\/#breadcrumb"},"inLanguage":"sv-SE","potentialAction":[{"@type":"ReadAction","target":["https:\/\/www.sttk.fi\/sv\/2025\/10\/16\/sttks-styrelse-valfardsomradena-fokuserar-mer-pa-att-stavja-kostnaderna-an-pa-medborgarnas-behov-av-tjanster\/"]}]},{"@type":"ImageObject","inLanguage":"sv-SE","@id":"https:\/\/www.sttk.fi\/sv\/2025\/10\/16\/sttks-styrelse-valfardsomradena-fokuserar-mer-pa-att-stavja-kostnaderna-an-pa-medborgarnas-behov-av-tjanster\/#primaryimage","url":"https:\/\/www.sttk.fi\/wp-content\/uploads\/sites\/2\/2025\/09\/terveydenhuolto-vastaanottokytv-edited.png","contentUrl":"https:\/\/www.sttk.fi\/wp-content\/uploads\/sites\/2\/2025\/09\/terveydenhuolto-vastaanottokytv-edited.png","width":1200,"height":675},{"@type":"BreadcrumbList","@id":"https:\/\/www.sttk.fi\/sv\/2025\/10\/16\/sttks-styrelse-valfardsomradena-fokuserar-mer-pa-att-stavja-kostnaderna-an-pa-medborgarnas-behov-av-tjanster\/#breadcrumb","itemListElement":[{"@type":"ListItem","position":1,"name":"Home","item":"https:\/\/www.sttk.fi\/sv\/"},{"@type":"ListItem","position":2,"name":"STTK:s styrelse:\u00a0V\u00e4lf\u00e4rdsomr\u00e5dena fokuserar mer p\u00e5 att st\u00e4vja kostnaderna \u00e4n p\u00e5 medborgarnas behov av tj\u00e4nster\u00a0"}]},{"@type":"WebSite","@id":"https:\/\/www.sttk.fi\/#website","url":"https:\/\/www.sttk.fi\/","name":"STTK","description":"","publisher":{"@id":"https:\/\/www.sttk.fi\/#organization"},"potentialAction":[{"@type":"SearchAction","target":{"@type":"EntryPoint","urlTemplate":"https:\/\/www.sttk.fi\/?s={search_term_string}"},"query-input":{"@type":"PropertyValueSpecification","valueRequired":true,"valueName":"search_term_string"}}],"inLanguage":"sv-SE"},{"@type":"Organization","@id":"https:\/\/www.sttk.fi\/#organization","name":"STTK","url":"https:\/\/www.sttk.fi\/","logo":{"@type":"ImageObject","inLanguage":"sv-SE","@id":"https:\/\/www.sttk.fi\/#\/schema\/logo\/image\/","url":"https:\/\/www.sttk.fi\/wp-content\/uploads\/sites\/2\/2025\/12\/vector3.svg","contentUrl":"https:\/\/www.sttk.fi\/wp-content\/uploads\/sites\/2\/2025\/12\/vector3.svg","caption":"STTK"},"image":{"@id":"https:\/\/www.sttk.fi\/#\/schema\/logo\/image\/"},"sameAs":["https:\/\/www.facebook.com\/#!\/KeskusjarjestoSTTK","https:\/\/x.com\/STTKMikonkatu","http:\/\/www.youtube.com\/user\/protoimihenkilot"]},{"@type":"Person","@id":"https:\/\/www.sttk.fi\/#\/schema\/person\/58abb54d7b15ed34e29dc4514a5c1210","name":"paka","image":{"@type":"ImageObject","inLanguage":"sv-SE","@id":"https:\/\/secure.gravatar.com\/avatar\/4475a9b815f64182a53e96cb5d0f5f7720cc03120a202c52530424ca5902a916?s=96&d=mm&r=g","url":"https:\/\/secure.gravatar.com\/avatar\/4475a9b815f64182a53e96cb5d0f5f7720cc03120a202c52530424ca5902a916?s=96&d=mm&r=g","contentUrl":"https:\/\/secure.gravatar.com\/avatar\/4475a9b815f64182a53e96cb5d0f5f7720cc03120a202c52530424ca5902a916?s=96&d=mm&r=g","caption":"paka"},"url":"https:\/\/www.sttk.fi\/sv\/author\/paka\/"}]}},"_links":{"self":[{"href":"https:\/\/www.sttk.fi\/sv\/wp-json\/wp\/v2\/posts\/55083","targetHints":{"allow":["GET"]}}],"collection":[{"href":"https:\/\/www.sttk.fi\/sv\/wp-json\/wp\/v2\/posts"}],"about":[{"href":"https:\/\/www.sttk.fi\/sv\/wp-json\/wp\/v2\/types\/post"}],"author":[{"embeddable":true,"href":"https:\/\/www.sttk.fi\/sv\/wp-json\/wp\/v2\/users\/3"}],"replies":[{"embeddable":true,"href":"https:\/\/www.sttk.fi\/sv\/wp-json\/wp\/v2\/comments?post=55083"}],"version-history":[{"count":1,"href":"https:\/\/www.sttk.fi\/sv\/wp-json\/wp\/v2\/posts\/55083\/revisions"}],"predecessor-version":[{"id":55084,"href":"https:\/\/www.sttk.fi\/sv\/wp-json\/wp\/v2\/posts\/55083\/revisions\/55084"}],"wp:featuredmedia":[{"embeddable":true,"href":"https:\/\/www.sttk.fi\/sv\/wp-json\/wp\/v2\/media\/54749"}],"wp:attachment":[{"href":"https:\/\/www.sttk.fi\/sv\/wp-json\/wp\/v2\/media?parent=55083"}],"wp:term":[{"taxonomy":"category","embeddable":true,"href":"https:\/\/www.sttk.fi\/sv\/wp-json\/wp\/v2\/categories?post=55083"},{"taxonomy":"subject","embeddable":true,"href":"https:\/\/www.sttk.fi\/sv\/wp-json\/wp\/v2\/subject?post=55083"}],"curies":[{"name":"wp","href":"https:\/\/api.w.org\/{rel}","templated":true}]}}