{"id":54790,"date":"2025-09-09T09:57:30","date_gmt":"2025-09-09T06:57:30","guid":{"rendered":"https:\/\/www.sttk.fi\/?p=54790"},"modified":"2025-09-09T09:57:31","modified_gmt":"2025-09-09T06:57:31","slug":"sttks-styrelse-tiden-for-tomma-vadjanden-ar-over-folkmordet-maste-stoppas","status":"publish","type":"post","link":"https:\/\/www.sttk.fi\/sv\/2025\/09\/09\/sttks-styrelse-tiden-for-tomma-vadjanden-ar-over-folkmordet-maste-stoppas\/","title":{"rendered":"STTK:s styrelse: Tiden f\u00f6r tomma v\u00e4djanden \u00e4r \u00f6ver, folkmordet m\u00e5ste stoppas"},"content":{"rendered":"\n<p class=\"lead-paragraph\">Kriget i Gaza har snart p\u00e5g\u00e5tt i tv\u00e5 \u00e5r. Kriget b\u00f6rjade n\u00e4r Hamas-krigare i oktober 2023 attackerade Israel och d\u00f6dade mestadels civila. Sedan dess har hela v\u00e4rlden, n\u00e4rmast fr\u00e5n sidan, kunnat f\u00f6lja Israels h\u00e4mnd, som i sin tur har lett till ett aldrig tidigare sk\u00e5dat lidande f\u00f6r civila. &nbsp;<br>&nbsp;<br>Inom den internationella fackf\u00f6reningsr\u00f6relsen har Europafacket ETUC och v\u00e4rldsfacket ITUC kraftfullt tagit st\u00e4llning f\u00f6r att f\u00e5 ett slut p\u00e5 kriget i Gaza och det direkta folkmord som har f\u00f6ljt. STTK:s styrelse inst\u00e4mmer i kravet p\u00e5 att f\u00e5 ett slut p\u00e5 denna ofattbart stora tragedi.&nbsp;<br>\u2013 Hittills har \u00f6ver 60 000 palestinier d\u00f6dats i kriget. Enligt v\u00e4rldslivsmedelsprogrammet WFP lider omkring hundra tusen kvinnor och barn av undern\u00e4ring. Allt det h\u00e4r har vi dagligen kunnat se via medier och bist\u00e5ndsorganisationer. Det \u00e4r dags att agera, och det h\u00e4r ansvaret g\u00e4ller ocks\u00e5 Finlands regering. Utrikesminister Elina Valtonens beslut att Finland ska ansluta sig till den s\u00e5 kallade New York-deklarationen \u00e4r \u00e4ntligen ett steg i r\u00e4tt riktning, anser STTK:s styrelse.&nbsp;<\/p>\n\n\n\n<p>Hamas attack \u00e4r fullst\u00e4ndigt oacceptabel, men ocks\u00e5 Israels angrepp p\u00e5 civila ska f\u00f6rd\u00f6mas. Det s\u00e4gs att det finns spelregler ocks\u00e5 i krig, men n\u00e4r det g\u00e4ller Gaza har alla regler skrotats.&nbsp;<br>\u2013 V\u00e4rlden har f\u00e5tt f\u00f6lja ett besinningsl\u00f6st d\u00f6dande av civila och ett uppenbart folkmord, i det n\u00e4rmaste utan att g\u00f6ra n\u00e5got. Bist\u00e5ndslastbilar har inte sl\u00e4ppts in till omr\u00e5det, m\u00e4nniskor har d\u00f6dats i matk\u00f6erna och tusentals skadade m\u00e4nniskor v\u00e5rdas under bristf\u00e4lliga f\u00f6ruts\u00e4ttningar i R\u00f6da Korsets f\u00e4ltsjukhus.&nbsp;<\/p>\n\n\n\n<p class=\"lead-paragraph\">FN:s generalf\u00f6rsamling, som sammantr\u00e4der om ett par veckor, har ett stort ansvar. Bland annat Frankrike, Storbritannien och Kanada har meddelat att de vill erk\u00e4nna staten Palestina vid m\u00f6tet.&nbsp;<br>\u2013 Finland m\u00e5ste st\u00e5 med i den h\u00e4r fronten. Det \u00e4r beklagligt att den finl\u00e4ndska regeringen \u00e4r splittrad i den h\u00e4r fr\u00e5gan som handlar om grova kr\u00e4nkningar av de m\u00e4nskliga r\u00e4ttigheterna. Ocks\u00e5 republikens president har uttryckt sin st\u00e5ndpunkt om att en tv\u00e5statsmodell b\u00f6r fr\u00e4mjas, men regeringens gemensamma linje \u00e4r oklar, f\u00f6rundrar sig STTK:s ordf\u00f6rande Antti Palola.&nbsp;<br>&nbsp;<br>Det \u00e4r dags att agera, kr\u00e4ver STTK:s styrelse.&nbsp;<br>\u2013 Det m\u00e5ste bli eldupph\u00f6r i Gaza, gr\u00e4nserna m\u00e5ste \u00f6ppnas f\u00f6r humanit\u00e4r hj\u00e4lp och gisslan m\u00e5ste friges. Eftersom internationell r\u00e4tt ska respekteras, m\u00e5ste kr\u00e4nkningarna av de m\u00e4nskliga r\u00e4ttigheterna ocks\u00e5 i sinom tid behandlas p\u00e5 ett korrekt s\u00e4tt i domstolarna och de skyldiga m\u00e5ste straffas. Det \u00e4r ocks\u00e5 n\u00f6dv\u00e4ndigt att konsekvent forts\u00e4tta f\u00f6ra en politik som syftar till att \u00e5stadkomma en tv\u00e5statsmodell och ett erk\u00e4nnande av staten Palestina. Nu beh\u00f6vs inga fler tomma v\u00e4djanden, s\u00e4ger Palola.&nbsp;<\/p>\n\n\n\n<p><strong>Mer information: ordf\u00f6rande Antti Palola tel. 040 509 6030<\/strong><\/p>\n","protected":false},"excerpt":{"rendered":"Kriget i Gaza har snart p\u00e5g\u00e5tt i tv\u00e5 \u00e5r. Kriget b\u00f6rjade n\u00e4r Hamas-krigare i oktober 2023 attackerade Israel&#8230; ","protected":false},"author":3,"featured_media":48837,"comment_status":"closed","ping_status":"closed","sticky":false,"template":"","format":"standard","meta":{"_acf_changed":false,"lead_paragraph":"","footnotes":""},"categories":[135],"subject":[],"class_list":["post-54790","post","type-post","status-publish","format-standard","has-post-thumbnail","hentry","category-pressmeddelande"],"acf":{"lead_paragraph":""},"yoast_head":"<!-- This site is optimized with the Yoast SEO plugin v27.5 - https:\/\/yoast.com\/product\/yoast-seo-wordpress\/ -->\n<title>STTK:s styrelse: Tiden f\u00f6r tomma v\u00e4djanden \u00e4r \u00f6ver, folkmordet m\u00e5ste stoppas - STTK<\/title>\n<meta name=\"description\" content=\"Kriget i Gaza har snart p\u00e5g\u00e5tt i tv\u00e5 \u00e5r. STTK:s styrelse inst\u00e4mmer i kravet p\u00e5 att f\u00e5 ett slut p\u00e5 denna ofattbart stora tragedi.\" \/>\n<meta name=\"robots\" content=\"index, follow, max-snippet:-1, max-image-preview:large, max-video-preview:-1\" \/>\n<link rel=\"canonical\" href=\"https:\/\/www.sttk.fi\/sv\/2025\/09\/09\/sttks-styrelse-tiden-for-tomma-vadjanden-ar-over-folkmordet-maste-stoppas\/\" \/>\n<meta property=\"og:locale\" content=\"sv_SE\" \/>\n<meta property=\"og:type\" content=\"article\" \/>\n<meta property=\"og:title\" content=\"STTK:s styrelse: Tiden f\u00f6r tomma v\u00e4djanden \u00e4r \u00f6ver, folkmordet m\u00e5ste stoppas - STTK\" \/>\n<meta property=\"og:description\" content=\"Kriget i Gaza har snart p\u00e5g\u00e5tt i tv\u00e5 \u00e5r. STTK:s styrelse inst\u00e4mmer i kravet p\u00e5 att f\u00e5 ett slut p\u00e5 denna ofattbart stora tragedi.\" \/>\n<meta property=\"og:url\" content=\"https:\/\/www.sttk.fi\/sv\/2025\/09\/09\/sttks-styrelse-tiden-for-tomma-vadjanden-ar-over-folkmordet-maste-stoppas\/\" \/>\n<meta property=\"og:site_name\" content=\"STTK\" \/>\n<meta property=\"article:publisher\" content=\"https:\/\/www.facebook.com\/#%21%2fKeskusjarjestoSTTK\" \/>\n<meta property=\"article:published_time\" content=\"2025-09-09T06:57:30+00:00\" \/>\n<meta property=\"article:modified_time\" content=\"2025-09-09T06:57:31+00:00\" \/>\n<meta property=\"og:image\" content=\"https:\/\/www.sttk.fi\/wp-content\/uploads\/sites\/2\/2023\/12\/anttipalola-2.jpeg\" \/>\n\t<meta property=\"og:image:width\" content=\"3000\" \/>\n\t<meta property=\"og:image:height\" content=\"2000\" \/>\n\t<meta property=\"og:image:type\" content=\"image\/jpeg\" \/>\n<meta name=\"twitter:card\" content=\"summary_large_image\" \/>\n<meta name=\"twitter:creator\" content=\"@STTKMikonkatu\" \/>\n<meta name=\"twitter:site\" content=\"@STTKMikonkatu\" \/>\n<meta name=\"twitter:label1\" content=\"Written by\" \/>\n\t<meta name=\"twitter:data1\" content=\"paka\" \/>\n\t<meta name=\"twitter:label2\" content=\"Est. reading time\" \/>\n\t<meta name=\"twitter:data2\" content=\"3 minuter\" \/>\n<script type=\"application\/ld+json\" class=\"yoast-schema-graph\">{\"@context\":\"https:\\\/\\\/schema.org\",\"@graph\":[{\"@type\":\"Article\",\"@id\":\"https:\\\/\\\/www.sttk.fi\\\/sv\\\/2025\\\/09\\\/09\\\/sttks-styrelse-tiden-for-tomma-vadjanden-ar-over-folkmordet-maste-stoppas\\\/#article\",\"isPartOf\":{\"@id\":\"https:\\\/\\\/www.sttk.fi\\\/sv\\\/2025\\\/09\\\/09\\\/sttks-styrelse-tiden-for-tomma-vadjanden-ar-over-folkmordet-maste-stoppas\\\/\"},\"author\":{\"name\":\"paka\",\"@id\":\"https:\\\/\\\/www.sttk.fi\\\/#\\\/schema\\\/person\\\/58abb54d7b15ed34e29dc4514a5c1210\"},\"headline\":\"STTK:s styrelse: Tiden f\u00f6r tomma v\u00e4djanden \u00e4r \u00f6ver, folkmordet m\u00e5ste stoppas\",\"datePublished\":\"2025-09-09T06:57:30+00:00\",\"dateModified\":\"2025-09-09T06:57:31+00:00\",\"mainEntityOfPage\":{\"@id\":\"https:\\\/\\\/www.sttk.fi\\\/sv\\\/2025\\\/09\\\/09\\\/sttks-styrelse-tiden-for-tomma-vadjanden-ar-over-folkmordet-maste-stoppas\\\/\"},\"wordCount\":535,\"publisher\":{\"@id\":\"https:\\\/\\\/www.sttk.fi\\\/#organization\"},\"image\":{\"@id\":\"https:\\\/\\\/www.sttk.fi\\\/sv\\\/2025\\\/09\\\/09\\\/sttks-styrelse-tiden-for-tomma-vadjanden-ar-over-folkmordet-maste-stoppas\\\/#primaryimage\"},\"thumbnailUrl\":\"https:\\\/\\\/www.sttk.fi\\\/wp-content\\\/uploads\\\/sites\\\/2\\\/2023\\\/12\\\/anttipalola-2.jpeg\",\"articleSection\":[\"Pressmeddelande\"],\"inLanguage\":\"sv-SE\"},{\"@type\":\"WebPage\",\"@id\":\"https:\\\/\\\/www.sttk.fi\\\/sv\\\/2025\\\/09\\\/09\\\/sttks-styrelse-tiden-for-tomma-vadjanden-ar-over-folkmordet-maste-stoppas\\\/\",\"url\":\"https:\\\/\\\/www.sttk.fi\\\/sv\\\/2025\\\/09\\\/09\\\/sttks-styrelse-tiden-for-tomma-vadjanden-ar-over-folkmordet-maste-stoppas\\\/\",\"name\":\"STTK:s styrelse: Tiden f\u00f6r tomma v\u00e4djanden \u00e4r \u00f6ver, folkmordet m\u00e5ste stoppas - STTK\",\"isPartOf\":{\"@id\":\"https:\\\/\\\/www.sttk.fi\\\/#website\"},\"primaryImageOfPage\":{\"@id\":\"https:\\\/\\\/www.sttk.fi\\\/sv\\\/2025\\\/09\\\/09\\\/sttks-styrelse-tiden-for-tomma-vadjanden-ar-over-folkmordet-maste-stoppas\\\/#primaryimage\"},\"image\":{\"@id\":\"https:\\\/\\\/www.sttk.fi\\\/sv\\\/2025\\\/09\\\/09\\\/sttks-styrelse-tiden-for-tomma-vadjanden-ar-over-folkmordet-maste-stoppas\\\/#primaryimage\"},\"thumbnailUrl\":\"https:\\\/\\\/www.sttk.fi\\\/wp-content\\\/uploads\\\/sites\\\/2\\\/2023\\\/12\\\/anttipalola-2.jpeg\",\"datePublished\":\"2025-09-09T06:57:30+00:00\",\"dateModified\":\"2025-09-09T06:57:31+00:00\",\"description\":\"Kriget i Gaza har snart p\u00e5g\u00e5tt i tv\u00e5 \u00e5r. STTK:s styrelse inst\u00e4mmer i kravet p\u00e5 att f\u00e5 ett slut p\u00e5 denna ofattbart stora tragedi.\",\"breadcrumb\":{\"@id\":\"https:\\\/\\\/www.sttk.fi\\\/sv\\\/2025\\\/09\\\/09\\\/sttks-styrelse-tiden-for-tomma-vadjanden-ar-over-folkmordet-maste-stoppas\\\/#breadcrumb\"},\"inLanguage\":\"sv-SE\",\"potentialAction\":[{\"@type\":\"ReadAction\",\"target\":[\"https:\\\/\\\/www.sttk.fi\\\/sv\\\/2025\\\/09\\\/09\\\/sttks-styrelse-tiden-for-tomma-vadjanden-ar-over-folkmordet-maste-stoppas\\\/\"]}]},{\"@type\":\"ImageObject\",\"inLanguage\":\"sv-SE\",\"@id\":\"https:\\\/\\\/www.sttk.fi\\\/sv\\\/2025\\\/09\\\/09\\\/sttks-styrelse-tiden-for-tomma-vadjanden-ar-over-folkmordet-maste-stoppas\\\/#primaryimage\",\"url\":\"https:\\\/\\\/www.sttk.fi\\\/wp-content\\\/uploads\\\/sites\\\/2\\\/2023\\\/12\\\/anttipalola-2.jpeg\",\"contentUrl\":\"https:\\\/\\\/www.sttk.fi\\\/wp-content\\\/uploads\\\/sites\\\/2\\\/2023\\\/12\\\/anttipalola-2.jpeg\",\"width\":3000,\"height\":2000},{\"@type\":\"BreadcrumbList\",\"@id\":\"https:\\\/\\\/www.sttk.fi\\\/sv\\\/2025\\\/09\\\/09\\\/sttks-styrelse-tiden-for-tomma-vadjanden-ar-over-folkmordet-maste-stoppas\\\/#breadcrumb\",\"itemListElement\":[{\"@type\":\"ListItem\",\"position\":1,\"name\":\"Home\",\"item\":\"https:\\\/\\\/www.sttk.fi\\\/sv\\\/\"},{\"@type\":\"ListItem\",\"position\":2,\"name\":\"STTK:s styrelse: Tiden f\u00f6r tomma v\u00e4djanden \u00e4r \u00f6ver, folkmordet m\u00e5ste stoppas\"}]},{\"@type\":\"WebSite\",\"@id\":\"https:\\\/\\\/www.sttk.fi\\\/#website\",\"url\":\"https:\\\/\\\/www.sttk.fi\\\/\",\"name\":\"STTK\",\"description\":\"\",\"publisher\":{\"@id\":\"https:\\\/\\\/www.sttk.fi\\\/#organization\"},\"potentialAction\":[{\"@type\":\"SearchAction\",\"target\":{\"@type\":\"EntryPoint\",\"urlTemplate\":\"https:\\\/\\\/www.sttk.fi\\\/?s={search_term_string}\"},\"query-input\":{\"@type\":\"PropertyValueSpecification\",\"valueRequired\":true,\"valueName\":\"search_term_string\"}}],\"inLanguage\":\"sv-SE\"},{\"@type\":\"Organization\",\"@id\":\"https:\\\/\\\/www.sttk.fi\\\/#organization\",\"name\":\"STTK\",\"url\":\"https:\\\/\\\/www.sttk.fi\\\/\",\"logo\":{\"@type\":\"ImageObject\",\"inLanguage\":\"sv-SE\",\"@id\":\"https:\\\/\\\/www.sttk.fi\\\/#\\\/schema\\\/logo\\\/image\\\/\",\"url\":\"https:\\\/\\\/www.sttk.fi\\\/wp-content\\\/uploads\\\/sites\\\/2\\\/2025\\\/12\\\/vector3.svg\",\"contentUrl\":\"https:\\\/\\\/www.sttk.fi\\\/wp-content\\\/uploads\\\/sites\\\/2\\\/2025\\\/12\\\/vector3.svg\",\"caption\":\"STTK\"},\"image\":{\"@id\":\"https:\\\/\\\/www.sttk.fi\\\/#\\\/schema\\\/logo\\\/image\\\/\"},\"sameAs\":[\"https:\\\/\\\/www.facebook.com\\\/#!\\\/KeskusjarjestoSTTK\",\"https:\\\/\\\/x.com\\\/STTKMikonkatu\",\"http:\\\/\\\/www.youtube.com\\\/user\\\/protoimihenkilot\"]},{\"@type\":\"Person\",\"@id\":\"https:\\\/\\\/www.sttk.fi\\\/#\\\/schema\\\/person\\\/58abb54d7b15ed34e29dc4514a5c1210\",\"name\":\"paka\",\"image\":{\"@type\":\"ImageObject\",\"inLanguage\":\"sv-SE\",\"@id\":\"https:\\\/\\\/secure.gravatar.com\\\/avatar\\\/4475a9b815f64182a53e96cb5d0f5f7720cc03120a202c52530424ca5902a916?s=96&d=mm&r=g\",\"url\":\"https:\\\/\\\/secure.gravatar.com\\\/avatar\\\/4475a9b815f64182a53e96cb5d0f5f7720cc03120a202c52530424ca5902a916?s=96&d=mm&r=g\",\"contentUrl\":\"https:\\\/\\\/secure.gravatar.com\\\/avatar\\\/4475a9b815f64182a53e96cb5d0f5f7720cc03120a202c52530424ca5902a916?s=96&d=mm&r=g\",\"caption\":\"paka\"},\"url\":\"https:\\\/\\\/www.sttk.fi\\\/sv\\\/author\\\/paka\\\/\"}]}<\/script>\n<!-- \/ Yoast SEO plugin. -->","yoast_head_json":{"title":"STTK:s styrelse: Tiden f\u00f6r tomma v\u00e4djanden \u00e4r \u00f6ver, folkmordet m\u00e5ste stoppas - STTK","description":"Kriget i Gaza har snart p\u00e5g\u00e5tt i tv\u00e5 \u00e5r. STTK:s styrelse inst\u00e4mmer i kravet p\u00e5 att f\u00e5 ett slut p\u00e5 denna ofattbart stora tragedi.","robots":{"index":"index","follow":"follow","max-snippet":"max-snippet:-1","max-image-preview":"max-image-preview:large","max-video-preview":"max-video-preview:-1"},"canonical":"https:\/\/www.sttk.fi\/sv\/2025\/09\/09\/sttks-styrelse-tiden-for-tomma-vadjanden-ar-over-folkmordet-maste-stoppas\/","og_locale":"sv_SE","og_type":"article","og_title":"STTK:s styrelse: Tiden f\u00f6r tomma v\u00e4djanden \u00e4r \u00f6ver, folkmordet m\u00e5ste stoppas - STTK","og_description":"Kriget i Gaza har snart p\u00e5g\u00e5tt i tv\u00e5 \u00e5r. STTK:s styrelse inst\u00e4mmer i kravet p\u00e5 att f\u00e5 ett slut p\u00e5 denna ofattbart stora tragedi.","og_url":"https:\/\/www.sttk.fi\/sv\/2025\/09\/09\/sttks-styrelse-tiden-for-tomma-vadjanden-ar-over-folkmordet-maste-stoppas\/","og_site_name":"STTK","article_publisher":"https:\/\/www.facebook.com\/#%21%2fKeskusjarjestoSTTK","article_published_time":"2025-09-09T06:57:30+00:00","article_modified_time":"2025-09-09T06:57:31+00:00","og_image":[{"width":3000,"height":2000,"url":"https:\/\/www.sttk.fi\/wp-content\/uploads\/sites\/2\/2023\/12\/anttipalola-2.jpeg","type":"image\/jpeg"}],"twitter_card":"summary_large_image","twitter_creator":"@STTKMikonkatu","twitter_site":"@STTKMikonkatu","twitter_misc":{"Written by":"paka","Est. reading time":"3 minuter"},"schema":{"@context":"https:\/\/schema.org","@graph":[{"@type":"Article","@id":"https:\/\/www.sttk.fi\/sv\/2025\/09\/09\/sttks-styrelse-tiden-for-tomma-vadjanden-ar-over-folkmordet-maste-stoppas\/#article","isPartOf":{"@id":"https:\/\/www.sttk.fi\/sv\/2025\/09\/09\/sttks-styrelse-tiden-for-tomma-vadjanden-ar-over-folkmordet-maste-stoppas\/"},"author":{"name":"paka","@id":"https:\/\/www.sttk.fi\/#\/schema\/person\/58abb54d7b15ed34e29dc4514a5c1210"},"headline":"STTK:s styrelse: Tiden f\u00f6r tomma v\u00e4djanden \u00e4r \u00f6ver, folkmordet m\u00e5ste stoppas","datePublished":"2025-09-09T06:57:30+00:00","dateModified":"2025-09-09T06:57:31+00:00","mainEntityOfPage":{"@id":"https:\/\/www.sttk.fi\/sv\/2025\/09\/09\/sttks-styrelse-tiden-for-tomma-vadjanden-ar-over-folkmordet-maste-stoppas\/"},"wordCount":535,"publisher":{"@id":"https:\/\/www.sttk.fi\/#organization"},"image":{"@id":"https:\/\/www.sttk.fi\/sv\/2025\/09\/09\/sttks-styrelse-tiden-for-tomma-vadjanden-ar-over-folkmordet-maste-stoppas\/#primaryimage"},"thumbnailUrl":"https:\/\/www.sttk.fi\/wp-content\/uploads\/sites\/2\/2023\/12\/anttipalola-2.jpeg","articleSection":["Pressmeddelande"],"inLanguage":"sv-SE"},{"@type":"WebPage","@id":"https:\/\/www.sttk.fi\/sv\/2025\/09\/09\/sttks-styrelse-tiden-for-tomma-vadjanden-ar-over-folkmordet-maste-stoppas\/","url":"https:\/\/www.sttk.fi\/sv\/2025\/09\/09\/sttks-styrelse-tiden-for-tomma-vadjanden-ar-over-folkmordet-maste-stoppas\/","name":"STTK:s styrelse: Tiden f\u00f6r tomma v\u00e4djanden \u00e4r \u00f6ver, folkmordet m\u00e5ste stoppas - STTK","isPartOf":{"@id":"https:\/\/www.sttk.fi\/#website"},"primaryImageOfPage":{"@id":"https:\/\/www.sttk.fi\/sv\/2025\/09\/09\/sttks-styrelse-tiden-for-tomma-vadjanden-ar-over-folkmordet-maste-stoppas\/#primaryimage"},"image":{"@id":"https:\/\/www.sttk.fi\/sv\/2025\/09\/09\/sttks-styrelse-tiden-for-tomma-vadjanden-ar-over-folkmordet-maste-stoppas\/#primaryimage"},"thumbnailUrl":"https:\/\/www.sttk.fi\/wp-content\/uploads\/sites\/2\/2023\/12\/anttipalola-2.jpeg","datePublished":"2025-09-09T06:57:30+00:00","dateModified":"2025-09-09T06:57:31+00:00","description":"Kriget i Gaza har snart p\u00e5g\u00e5tt i tv\u00e5 \u00e5r. STTK:s styrelse inst\u00e4mmer i kravet p\u00e5 att f\u00e5 ett slut p\u00e5 denna ofattbart stora tragedi.","breadcrumb":{"@id":"https:\/\/www.sttk.fi\/sv\/2025\/09\/09\/sttks-styrelse-tiden-for-tomma-vadjanden-ar-over-folkmordet-maste-stoppas\/#breadcrumb"},"inLanguage":"sv-SE","potentialAction":[{"@type":"ReadAction","target":["https:\/\/www.sttk.fi\/sv\/2025\/09\/09\/sttks-styrelse-tiden-for-tomma-vadjanden-ar-over-folkmordet-maste-stoppas\/"]}]},{"@type":"ImageObject","inLanguage":"sv-SE","@id":"https:\/\/www.sttk.fi\/sv\/2025\/09\/09\/sttks-styrelse-tiden-for-tomma-vadjanden-ar-over-folkmordet-maste-stoppas\/#primaryimage","url":"https:\/\/www.sttk.fi\/wp-content\/uploads\/sites\/2\/2023\/12\/anttipalola-2.jpeg","contentUrl":"https:\/\/www.sttk.fi\/wp-content\/uploads\/sites\/2\/2023\/12\/anttipalola-2.jpeg","width":3000,"height":2000},{"@type":"BreadcrumbList","@id":"https:\/\/www.sttk.fi\/sv\/2025\/09\/09\/sttks-styrelse-tiden-for-tomma-vadjanden-ar-over-folkmordet-maste-stoppas\/#breadcrumb","itemListElement":[{"@type":"ListItem","position":1,"name":"Home","item":"https:\/\/www.sttk.fi\/sv\/"},{"@type":"ListItem","position":2,"name":"STTK:s styrelse: Tiden f\u00f6r tomma v\u00e4djanden \u00e4r \u00f6ver, folkmordet m\u00e5ste stoppas"}]},{"@type":"WebSite","@id":"https:\/\/www.sttk.fi\/#website","url":"https:\/\/www.sttk.fi\/","name":"STTK","description":"","publisher":{"@id":"https:\/\/www.sttk.fi\/#organization"},"potentialAction":[{"@type":"SearchAction","target":{"@type":"EntryPoint","urlTemplate":"https:\/\/www.sttk.fi\/?s={search_term_string}"},"query-input":{"@type":"PropertyValueSpecification","valueRequired":true,"valueName":"search_term_string"}}],"inLanguage":"sv-SE"},{"@type":"Organization","@id":"https:\/\/www.sttk.fi\/#organization","name":"STTK","url":"https:\/\/www.sttk.fi\/","logo":{"@type":"ImageObject","inLanguage":"sv-SE","@id":"https:\/\/www.sttk.fi\/#\/schema\/logo\/image\/","url":"https:\/\/www.sttk.fi\/wp-content\/uploads\/sites\/2\/2025\/12\/vector3.svg","contentUrl":"https:\/\/www.sttk.fi\/wp-content\/uploads\/sites\/2\/2025\/12\/vector3.svg","caption":"STTK"},"image":{"@id":"https:\/\/www.sttk.fi\/#\/schema\/logo\/image\/"},"sameAs":["https:\/\/www.facebook.com\/#!\/KeskusjarjestoSTTK","https:\/\/x.com\/STTKMikonkatu","http:\/\/www.youtube.com\/user\/protoimihenkilot"]},{"@type":"Person","@id":"https:\/\/www.sttk.fi\/#\/schema\/person\/58abb54d7b15ed34e29dc4514a5c1210","name":"paka","image":{"@type":"ImageObject","inLanguage":"sv-SE","@id":"https:\/\/secure.gravatar.com\/avatar\/4475a9b815f64182a53e96cb5d0f5f7720cc03120a202c52530424ca5902a916?s=96&d=mm&r=g","url":"https:\/\/secure.gravatar.com\/avatar\/4475a9b815f64182a53e96cb5d0f5f7720cc03120a202c52530424ca5902a916?s=96&d=mm&r=g","contentUrl":"https:\/\/secure.gravatar.com\/avatar\/4475a9b815f64182a53e96cb5d0f5f7720cc03120a202c52530424ca5902a916?s=96&d=mm&r=g","caption":"paka"},"url":"https:\/\/www.sttk.fi\/sv\/author\/paka\/"}]}},"_links":{"self":[{"href":"https:\/\/www.sttk.fi\/sv\/wp-json\/wp\/v2\/posts\/54790","targetHints":{"allow":["GET"]}}],"collection":[{"href":"https:\/\/www.sttk.fi\/sv\/wp-json\/wp\/v2\/posts"}],"about":[{"href":"https:\/\/www.sttk.fi\/sv\/wp-json\/wp\/v2\/types\/post"}],"author":[{"embeddable":true,"href":"https:\/\/www.sttk.fi\/sv\/wp-json\/wp\/v2\/users\/3"}],"replies":[{"embeddable":true,"href":"https:\/\/www.sttk.fi\/sv\/wp-json\/wp\/v2\/comments?post=54790"}],"version-history":[{"count":1,"href":"https:\/\/www.sttk.fi\/sv\/wp-json\/wp\/v2\/posts\/54790\/revisions"}],"predecessor-version":[{"id":54791,"href":"https:\/\/www.sttk.fi\/sv\/wp-json\/wp\/v2\/posts\/54790\/revisions\/54791"}],"wp:featuredmedia":[{"embeddable":true,"href":"https:\/\/www.sttk.fi\/sv\/wp-json\/wp\/v2\/media\/48837"}],"wp:attachment":[{"href":"https:\/\/www.sttk.fi\/sv\/wp-json\/wp\/v2\/media?parent=54790"}],"wp:term":[{"taxonomy":"category","embeddable":true,"href":"https:\/\/www.sttk.fi\/sv\/wp-json\/wp\/v2\/categories?post=54790"},{"taxonomy":"subject","embeddable":true,"href":"https:\/\/www.sttk.fi\/sv\/wp-json\/wp\/v2\/subject?post=54790"}],"curies":[{"name":"wp","href":"https:\/\/api.w.org\/{rel}","templated":true}]}}