{"id":52276,"date":"2024-10-09T09:38:56","date_gmt":"2024-10-09T06:38:56","guid":{"rendered":"https:\/\/www.sttk.fi\/?p=52276"},"modified":"2024-10-09T09:38:58","modified_gmt":"2024-10-09T06:38:58","slug":"sttks-styrelse-i-pensionsforhandlingar-ska-man-komma-ihag-syftet-med-systemet-och-ha-talamod","status":"publish","type":"post","link":"https:\/\/www.sttk.fi\/sv\/2024\/10\/09\/sttks-styrelse-i-pensionsforhandlingar-ska-man-komma-ihag-syftet-med-systemet-och-ha-talamod\/","title":{"rendered":"STTK:s styrelse: I pensionsf\u00f6rhandlingar ska man komma ih\u00e5g syftet med systemet och ha t\u00e5lamod"},"content":{"rendered":"\n<p class=\"lead-paragraph\">Arbetsgruppen f\u00f6r arbetsmarknadsorganisationer h\u00e5ller p\u00e5 att bereda \u00e5tg\u00e4rder f\u00f6r att reformera arbetspensionssystemet. Arbetet bygger p\u00e5 regeringsprogrammet, och m\u00e5let \u00e4r att bereda f\u00f6rslag f\u00f6r eventuella fortsatta \u00e5tg\u00e4rder f\u00f6re utg\u00e5ngen av januari 2025. Om man uppn\u00e5r samf\u00f6rst\u00e5nd om reformens inneh\u00e5ll, inleds beredning av lagstiftning under ledning av social- och h\u00e4lsov\u00e5rdsministeriet i samarbete med arbetsmarknadsorganisationer.<\/p>\n\n\n\n<p>STTK:s styrelse betonar att man ska komma ih\u00e5g syftet med systemet och ha t\u00e5lamod n\u00e4r pensionsskyddet reformeras. Det viktigaste syftet med v\u00e5rt arbetspensionssystem\u202f\u00e4r att trygga pensioner. F\u00f6r n\u00e4rvarande \u00e4r det i gott skick och vid de f\u00f6rhandlingar som nu f\u00f6rs \u00e4r det snarare fr\u00e5ga om regelbundet\u202f underh\u00e5ll \u00e4n behov att g\u00f6ra stora f\u00f6r\u00e4ndringar.\u00a0<br>\u2013 Reformen 2017 har fungerat s\u00e5som man \u00f6nskade. \u00c5ldernd\u00e5 man g\u00e5r ut i pension har stigit till och med snabbare \u00e4n man ber\u00e4knat och arbetskarri\u00e4rerna har f\u00f6rl\u00e4ngts. \u00c4ven l\u00e5ngsiktiga utsikter f\u00f6r pensionssystemets finansiering ser goda ut, betonar ordf\u00f6rande <strong>Antti Palola<\/strong>.\u00a0<\/p>\n\n\n\n<p>Vid utvecklingen av pensionssystemet ska man enligt STTK rikta blicken l\u00e5ngt borta mot horisonten. Tillr\u00e4ckliga pensioner ska tryggas p\u00e5 l\u00e5ng sikt f\u00f6r olika generationer, och d\u00e4rf\u00f6r ska systemets finansiering vara stabil.\u00a0<br>\u2013 Den finl\u00e4ndska modellen har starka grundl\u00e4ggande principer. F\u00f6rtroende p\u00e5 framtida pensioner \u00f6kas av reformer som g\u00f6rs d\u00e5 och d\u00e5 och i fr\u00e5ga om intj\u00e4nade pensioner det starka skydd som grundlagen garanterar.\u00a0<\/p>\n\n\n\n<p>\u00c4ven om arbetspensionssystemet \u00e4r i ordning, ska man se till att det ska vara s\u00e5dant \u00e4ven i framtiden.\u00a0<br>\u2013 Man h\u00f6r ofta m\u00e4nniskor s\u00e4ga att jag sj\u00e4lv har betalat min pension. S\u00e5 \u00e4r det dock inte, utan personer som arbetar betalar pensionerna f\u00f6r personer som \u00e4r pensionerade i form av arbetspensionsavgifter. Vid sidan av pensionsavgifter spelar int\u00e4kter fr\u00e5n placeringsverksamheten en viktig roll. F\u00f6r n\u00e4rvarande v\u00e4cker den l\u00e5ga nativiteten mest oro eftersom detta p\u00e5 l\u00e5ng sikt inneb\u00e4r att antalet betalare minskar. Nativiteten \u00e4r en st\u00f6rre samh\u00e4llelig utmaning som pensionssystemet i sig inte kan svara p\u00e5, p\u00e5pekar Palola.\u00a0<\/p>\n\n\n\n<p>F\u00f6rutom nativiteten \u00e4r h\u00f6gre syssels\u00e4ttningsgrad bland invandrare en viktig faktor med tanke p\u00e5 pensionssystemet.\u00a0<br>\u2013 Men det \u00e4r ocks\u00e5 en sak som pensionssystemet inte kan l\u00f6sa, konstaterar Palola.\u00a0\u00a0<\/p>\n\n\n\n<h2 class=\"wp-block-heading\">Inga trollkonster beh\u00f6vs<\/h2>\n\n\n\n<p>STTK:s styrelse betonar att n\u00e4r det f\u00f6rs f\u00f6rhandlingar om reformen av pensionssystemet ligger pensionsavgiftens storlek, int\u00e4kter fr\u00e5n placeringsverksamheten och pensionsf\u00f6rm\u00e5ner p\u00e5 bordet.\u00a0<br>\u2013 Det finns inga trollkonster och s\u00e5dana beh\u00f6vs inte, utan man ska s\u00f6ka efter l\u00f6sningar fr\u00e5n denna triangel \u00e4ven vid denna reform, sammanfattar Antti Palola.\u00a0<\/p>\n\n\n\n<p><strong>Mer information p\u00e5 STTK: Antti Palola, telefon 040\u202f509 6030.<\/strong><\/p>\n","protected":false},"excerpt":{"rendered":"Arbetsgruppen f\u00f6r arbetsmarknadsorganisationer h\u00e5ller p\u00e5 att bereda \u00e5tg\u00e4rder f\u00f6r att reformera arbetspensionssystemet. Arbetet bygger p\u00e5 regeringsprogrammet, och m\u00e5let&#8230; ","protected":false},"author":3,"featured_media":43504,"comment_status":"closed","ping_status":"closed","sticky":false,"template":"","format":"standard","meta":{"_acf_changed":false,"lead_paragraph":"","footnotes":""},"categories":[135],"subject":[],"class_list":["post-52276","post","type-post","status-publish","format-standard","has-post-thumbnail","hentry","category-pressmeddelande"],"acf":{"lead_paragraph":""},"yoast_head":"<!-- This site is optimized with the Yoast SEO plugin v27.4 - https:\/\/yoast.com\/product\/yoast-seo-wordpress\/ -->\n<title>STTK:s styrelse:\u00a0I pensionsf\u00f6rhandlingar ska man komma ih\u00e5g syftet med systemet och ha t\u00e5lamod - STTK<\/title>\n<meta name=\"description\" content=\"Arbetsgruppen f\u00f6r arbetsmarknadsorganisationer h\u00e5ller p\u00e5 att bereda \u00e5tg\u00e4rder f\u00f6r att reformera arbetspensionssystemet.\" \/>\n<meta name=\"robots\" content=\"index, follow, max-snippet:-1, max-image-preview:large, max-video-preview:-1\" \/>\n<link rel=\"canonical\" href=\"https:\/\/www.sttk.fi\/sv\/2024\/10\/09\/sttks-styrelse-i-pensionsforhandlingar-ska-man-komma-ihag-syftet-med-systemet-och-ha-talamod\/\" \/>\n<meta property=\"og:locale\" content=\"sv_SE\" \/>\n<meta property=\"og:type\" content=\"article\" \/>\n<meta property=\"og:title\" content=\"STTK:s styrelse:\u00a0I pensionsf\u00f6rhandlingar ska man komma ih\u00e5g syftet med systemet och ha t\u00e5lamod - STTK\" \/>\n<meta property=\"og:description\" content=\"Arbetsgruppen f\u00f6r arbetsmarknadsorganisationer h\u00e5ller p\u00e5 att bereda \u00e5tg\u00e4rder f\u00f6r att reformera arbetspensionssystemet.\" \/>\n<meta property=\"og:url\" content=\"https:\/\/www.sttk.fi\/sv\/2024\/10\/09\/sttks-styrelse-i-pensionsforhandlingar-ska-man-komma-ihag-syftet-med-systemet-och-ha-talamod\/\" \/>\n<meta property=\"og:site_name\" content=\"STTK\" \/>\n<meta property=\"article:publisher\" content=\"https:\/\/www.facebook.com\/#%21%2fKeskusjarjestoSTTK\" \/>\n<meta property=\"article:published_time\" content=\"2024-10-09T06:38:56+00:00\" \/>\n<meta property=\"article:modified_time\" content=\"2024-10-09T06:38:58+00:00\" \/>\n<meta property=\"og:image\" content=\"https:\/\/www.sttk.fi\/wp-content\/uploads\/sites\/2\/2022\/11\/antti-palola-1200x800-1.png\" \/>\n\t<meta property=\"og:image:width\" content=\"1200\" \/>\n\t<meta property=\"og:image:height\" content=\"800\" \/>\n\t<meta property=\"og:image:type\" content=\"image\/png\" \/>\n<meta name=\"twitter:card\" content=\"summary_large_image\" \/>\n<meta name=\"twitter:creator\" content=\"@STTKMikonkatu\" \/>\n<meta name=\"twitter:site\" content=\"@STTKMikonkatu\" \/>\n<meta name=\"twitter:label1\" content=\"Written by\" \/>\n\t<meta name=\"twitter:data1\" content=\"paka\" \/>\n\t<meta name=\"twitter:label2\" content=\"Est. reading time\" \/>\n\t<meta name=\"twitter:data2\" content=\"3 minuter\" \/>\n<script type=\"application\/ld+json\" class=\"yoast-schema-graph\">{\"@context\":\"https:\\\/\\\/schema.org\",\"@graph\":[{\"@type\":\"Article\",\"@id\":\"https:\\\/\\\/www.sttk.fi\\\/sv\\\/2024\\\/10\\\/09\\\/sttks-styrelse-i-pensionsforhandlingar-ska-man-komma-ihag-syftet-med-systemet-och-ha-talamod\\\/#article\",\"isPartOf\":{\"@id\":\"https:\\\/\\\/www.sttk.fi\\\/sv\\\/2024\\\/10\\\/09\\\/sttks-styrelse-i-pensionsforhandlingar-ska-man-komma-ihag-syftet-med-systemet-och-ha-talamod\\\/\"},\"author\":{\"name\":\"paka\",\"@id\":\"https:\\\/\\\/www.sttk.fi\\\/#\\\/schema\\\/person\\\/58abb54d7b15ed34e29dc4514a5c1210\"},\"headline\":\"STTK:s styrelse: I pensionsf\u00f6rhandlingar ska man komma ih\u00e5g syftet med systemet och ha t\u00e5lamod\",\"datePublished\":\"2024-10-09T06:38:56+00:00\",\"dateModified\":\"2024-10-09T06:38:58+00:00\",\"mainEntityOfPage\":{\"@id\":\"https:\\\/\\\/www.sttk.fi\\\/sv\\\/2024\\\/10\\\/09\\\/sttks-styrelse-i-pensionsforhandlingar-ska-man-komma-ihag-syftet-med-systemet-och-ha-talamod\\\/\"},\"wordCount\":487,\"publisher\":{\"@id\":\"https:\\\/\\\/www.sttk.fi\\\/#organization\"},\"image\":{\"@id\":\"https:\\\/\\\/www.sttk.fi\\\/sv\\\/2024\\\/10\\\/09\\\/sttks-styrelse-i-pensionsforhandlingar-ska-man-komma-ihag-syftet-med-systemet-och-ha-talamod\\\/#primaryimage\"},\"thumbnailUrl\":\"https:\\\/\\\/www.sttk.fi\\\/wp-content\\\/uploads\\\/sites\\\/2\\\/2022\\\/11\\\/antti-palola-1200x800-1.png\",\"articleSection\":[\"Pressmeddelande\"],\"inLanguage\":\"sv-SE\"},{\"@type\":\"WebPage\",\"@id\":\"https:\\\/\\\/www.sttk.fi\\\/sv\\\/2024\\\/10\\\/09\\\/sttks-styrelse-i-pensionsforhandlingar-ska-man-komma-ihag-syftet-med-systemet-och-ha-talamod\\\/\",\"url\":\"https:\\\/\\\/www.sttk.fi\\\/sv\\\/2024\\\/10\\\/09\\\/sttks-styrelse-i-pensionsforhandlingar-ska-man-komma-ihag-syftet-med-systemet-och-ha-talamod\\\/\",\"name\":\"STTK:s styrelse:\u00a0I pensionsf\u00f6rhandlingar ska man komma ih\u00e5g syftet med systemet och ha t\u00e5lamod - STTK\",\"isPartOf\":{\"@id\":\"https:\\\/\\\/www.sttk.fi\\\/#website\"},\"primaryImageOfPage\":{\"@id\":\"https:\\\/\\\/www.sttk.fi\\\/sv\\\/2024\\\/10\\\/09\\\/sttks-styrelse-i-pensionsforhandlingar-ska-man-komma-ihag-syftet-med-systemet-och-ha-talamod\\\/#primaryimage\"},\"image\":{\"@id\":\"https:\\\/\\\/www.sttk.fi\\\/sv\\\/2024\\\/10\\\/09\\\/sttks-styrelse-i-pensionsforhandlingar-ska-man-komma-ihag-syftet-med-systemet-och-ha-talamod\\\/#primaryimage\"},\"thumbnailUrl\":\"https:\\\/\\\/www.sttk.fi\\\/wp-content\\\/uploads\\\/sites\\\/2\\\/2022\\\/11\\\/antti-palola-1200x800-1.png\",\"datePublished\":\"2024-10-09T06:38:56+00:00\",\"dateModified\":\"2024-10-09T06:38:58+00:00\",\"description\":\"Arbetsgruppen f\u00f6r arbetsmarknadsorganisationer h\u00e5ller p\u00e5 att bereda \u00e5tg\u00e4rder f\u00f6r att reformera arbetspensionssystemet.\",\"breadcrumb\":{\"@id\":\"https:\\\/\\\/www.sttk.fi\\\/sv\\\/2024\\\/10\\\/09\\\/sttks-styrelse-i-pensionsforhandlingar-ska-man-komma-ihag-syftet-med-systemet-och-ha-talamod\\\/#breadcrumb\"},\"inLanguage\":\"sv-SE\",\"potentialAction\":[{\"@type\":\"ReadAction\",\"target\":[\"https:\\\/\\\/www.sttk.fi\\\/sv\\\/2024\\\/10\\\/09\\\/sttks-styrelse-i-pensionsforhandlingar-ska-man-komma-ihag-syftet-med-systemet-och-ha-talamod\\\/\"]}]},{\"@type\":\"ImageObject\",\"inLanguage\":\"sv-SE\",\"@id\":\"https:\\\/\\\/www.sttk.fi\\\/sv\\\/2024\\\/10\\\/09\\\/sttks-styrelse-i-pensionsforhandlingar-ska-man-komma-ihag-syftet-med-systemet-och-ha-talamod\\\/#primaryimage\",\"url\":\"https:\\\/\\\/www.sttk.fi\\\/wp-content\\\/uploads\\\/sites\\\/2\\\/2022\\\/11\\\/antti-palola-1200x800-1.png\",\"contentUrl\":\"https:\\\/\\\/www.sttk.fi\\\/wp-content\\\/uploads\\\/sites\\\/2\\\/2022\\\/11\\\/antti-palola-1200x800-1.png\",\"width\":1200,\"height\":800},{\"@type\":\"BreadcrumbList\",\"@id\":\"https:\\\/\\\/www.sttk.fi\\\/sv\\\/2024\\\/10\\\/09\\\/sttks-styrelse-i-pensionsforhandlingar-ska-man-komma-ihag-syftet-med-systemet-och-ha-talamod\\\/#breadcrumb\",\"itemListElement\":[{\"@type\":\"ListItem\",\"position\":1,\"name\":\"Home\",\"item\":\"https:\\\/\\\/www.sttk.fi\\\/sv\\\/\"},{\"@type\":\"ListItem\",\"position\":2,\"name\":\"STTK:s styrelse:\u00a0I pensionsf\u00f6rhandlingar ska man komma ih\u00e5g syftet med systemet och ha t\u00e5lamod\"}]},{\"@type\":\"WebSite\",\"@id\":\"https:\\\/\\\/www.sttk.fi\\\/#website\",\"url\":\"https:\\\/\\\/www.sttk.fi\\\/\",\"name\":\"STTK\",\"description\":\"\",\"publisher\":{\"@id\":\"https:\\\/\\\/www.sttk.fi\\\/#organization\"},\"potentialAction\":[{\"@type\":\"SearchAction\",\"target\":{\"@type\":\"EntryPoint\",\"urlTemplate\":\"https:\\\/\\\/www.sttk.fi\\\/?s={search_term_string}\"},\"query-input\":{\"@type\":\"PropertyValueSpecification\",\"valueRequired\":true,\"valueName\":\"search_term_string\"}}],\"inLanguage\":\"sv-SE\"},{\"@type\":\"Organization\",\"@id\":\"https:\\\/\\\/www.sttk.fi\\\/#organization\",\"name\":\"STTK\",\"url\":\"https:\\\/\\\/www.sttk.fi\\\/\",\"logo\":{\"@type\":\"ImageObject\",\"inLanguage\":\"sv-SE\",\"@id\":\"https:\\\/\\\/www.sttk.fi\\\/#\\\/schema\\\/logo\\\/image\\\/\",\"url\":\"https:\\\/\\\/www.sttk.fi\\\/wp-content\\\/uploads\\\/sites\\\/2\\\/2025\\\/12\\\/vector3.svg\",\"contentUrl\":\"https:\\\/\\\/www.sttk.fi\\\/wp-content\\\/uploads\\\/sites\\\/2\\\/2025\\\/12\\\/vector3.svg\",\"caption\":\"STTK\"},\"image\":{\"@id\":\"https:\\\/\\\/www.sttk.fi\\\/#\\\/schema\\\/logo\\\/image\\\/\"},\"sameAs\":[\"https:\\\/\\\/www.facebook.com\\\/#!\\\/KeskusjarjestoSTTK\",\"https:\\\/\\\/x.com\\\/STTKMikonkatu\",\"http:\\\/\\\/www.youtube.com\\\/user\\\/protoimihenkilot\"]},{\"@type\":\"Person\",\"@id\":\"https:\\\/\\\/www.sttk.fi\\\/#\\\/schema\\\/person\\\/58abb54d7b15ed34e29dc4514a5c1210\",\"name\":\"paka\",\"image\":{\"@type\":\"ImageObject\",\"inLanguage\":\"sv-SE\",\"@id\":\"https:\\\/\\\/secure.gravatar.com\\\/avatar\\\/4475a9b815f64182a53e96cb5d0f5f7720cc03120a202c52530424ca5902a916?s=96&d=mm&r=g\",\"url\":\"https:\\\/\\\/secure.gravatar.com\\\/avatar\\\/4475a9b815f64182a53e96cb5d0f5f7720cc03120a202c52530424ca5902a916?s=96&d=mm&r=g\",\"contentUrl\":\"https:\\\/\\\/secure.gravatar.com\\\/avatar\\\/4475a9b815f64182a53e96cb5d0f5f7720cc03120a202c52530424ca5902a916?s=96&d=mm&r=g\",\"caption\":\"paka\"},\"url\":\"https:\\\/\\\/www.sttk.fi\\\/sv\\\/author\\\/paka\\\/\"}]}<\/script>\n<!-- \/ Yoast SEO plugin. -->","yoast_head_json":{"title":"STTK:s styrelse:\u00a0I pensionsf\u00f6rhandlingar ska man komma ih\u00e5g syftet med systemet och ha t\u00e5lamod - STTK","description":"Arbetsgruppen f\u00f6r arbetsmarknadsorganisationer h\u00e5ller p\u00e5 att bereda \u00e5tg\u00e4rder f\u00f6r att reformera arbetspensionssystemet.","robots":{"index":"index","follow":"follow","max-snippet":"max-snippet:-1","max-image-preview":"max-image-preview:large","max-video-preview":"max-video-preview:-1"},"canonical":"https:\/\/www.sttk.fi\/sv\/2024\/10\/09\/sttks-styrelse-i-pensionsforhandlingar-ska-man-komma-ihag-syftet-med-systemet-och-ha-talamod\/","og_locale":"sv_SE","og_type":"article","og_title":"STTK:s styrelse:\u00a0I pensionsf\u00f6rhandlingar ska man komma ih\u00e5g syftet med systemet och ha t\u00e5lamod - STTK","og_description":"Arbetsgruppen f\u00f6r arbetsmarknadsorganisationer h\u00e5ller p\u00e5 att bereda \u00e5tg\u00e4rder f\u00f6r att reformera arbetspensionssystemet.","og_url":"https:\/\/www.sttk.fi\/sv\/2024\/10\/09\/sttks-styrelse-i-pensionsforhandlingar-ska-man-komma-ihag-syftet-med-systemet-och-ha-talamod\/","og_site_name":"STTK","article_publisher":"https:\/\/www.facebook.com\/#%21%2fKeskusjarjestoSTTK","article_published_time":"2024-10-09T06:38:56+00:00","article_modified_time":"2024-10-09T06:38:58+00:00","og_image":[{"width":1200,"height":800,"url":"https:\/\/www.sttk.fi\/wp-content\/uploads\/sites\/2\/2022\/11\/antti-palola-1200x800-1.png","type":"image\/png"}],"twitter_card":"summary_large_image","twitter_creator":"@STTKMikonkatu","twitter_site":"@STTKMikonkatu","twitter_misc":{"Written by":"paka","Est. reading time":"3 minuter"},"schema":{"@context":"https:\/\/schema.org","@graph":[{"@type":"Article","@id":"https:\/\/www.sttk.fi\/sv\/2024\/10\/09\/sttks-styrelse-i-pensionsforhandlingar-ska-man-komma-ihag-syftet-med-systemet-och-ha-talamod\/#article","isPartOf":{"@id":"https:\/\/www.sttk.fi\/sv\/2024\/10\/09\/sttks-styrelse-i-pensionsforhandlingar-ska-man-komma-ihag-syftet-med-systemet-och-ha-talamod\/"},"author":{"name":"paka","@id":"https:\/\/www.sttk.fi\/#\/schema\/person\/58abb54d7b15ed34e29dc4514a5c1210"},"headline":"STTK:s styrelse: I pensionsf\u00f6rhandlingar ska man komma ih\u00e5g syftet med systemet och ha t\u00e5lamod","datePublished":"2024-10-09T06:38:56+00:00","dateModified":"2024-10-09T06:38:58+00:00","mainEntityOfPage":{"@id":"https:\/\/www.sttk.fi\/sv\/2024\/10\/09\/sttks-styrelse-i-pensionsforhandlingar-ska-man-komma-ihag-syftet-med-systemet-och-ha-talamod\/"},"wordCount":487,"publisher":{"@id":"https:\/\/www.sttk.fi\/#organization"},"image":{"@id":"https:\/\/www.sttk.fi\/sv\/2024\/10\/09\/sttks-styrelse-i-pensionsforhandlingar-ska-man-komma-ihag-syftet-med-systemet-och-ha-talamod\/#primaryimage"},"thumbnailUrl":"https:\/\/www.sttk.fi\/wp-content\/uploads\/sites\/2\/2022\/11\/antti-palola-1200x800-1.png","articleSection":["Pressmeddelande"],"inLanguage":"sv-SE"},{"@type":"WebPage","@id":"https:\/\/www.sttk.fi\/sv\/2024\/10\/09\/sttks-styrelse-i-pensionsforhandlingar-ska-man-komma-ihag-syftet-med-systemet-och-ha-talamod\/","url":"https:\/\/www.sttk.fi\/sv\/2024\/10\/09\/sttks-styrelse-i-pensionsforhandlingar-ska-man-komma-ihag-syftet-med-systemet-och-ha-talamod\/","name":"STTK:s styrelse:\u00a0I pensionsf\u00f6rhandlingar ska man komma ih\u00e5g syftet med systemet och ha t\u00e5lamod - STTK","isPartOf":{"@id":"https:\/\/www.sttk.fi\/#website"},"primaryImageOfPage":{"@id":"https:\/\/www.sttk.fi\/sv\/2024\/10\/09\/sttks-styrelse-i-pensionsforhandlingar-ska-man-komma-ihag-syftet-med-systemet-och-ha-talamod\/#primaryimage"},"image":{"@id":"https:\/\/www.sttk.fi\/sv\/2024\/10\/09\/sttks-styrelse-i-pensionsforhandlingar-ska-man-komma-ihag-syftet-med-systemet-och-ha-talamod\/#primaryimage"},"thumbnailUrl":"https:\/\/www.sttk.fi\/wp-content\/uploads\/sites\/2\/2022\/11\/antti-palola-1200x800-1.png","datePublished":"2024-10-09T06:38:56+00:00","dateModified":"2024-10-09T06:38:58+00:00","description":"Arbetsgruppen f\u00f6r arbetsmarknadsorganisationer h\u00e5ller p\u00e5 att bereda \u00e5tg\u00e4rder f\u00f6r att reformera arbetspensionssystemet.","breadcrumb":{"@id":"https:\/\/www.sttk.fi\/sv\/2024\/10\/09\/sttks-styrelse-i-pensionsforhandlingar-ska-man-komma-ihag-syftet-med-systemet-och-ha-talamod\/#breadcrumb"},"inLanguage":"sv-SE","potentialAction":[{"@type":"ReadAction","target":["https:\/\/www.sttk.fi\/sv\/2024\/10\/09\/sttks-styrelse-i-pensionsforhandlingar-ska-man-komma-ihag-syftet-med-systemet-och-ha-talamod\/"]}]},{"@type":"ImageObject","inLanguage":"sv-SE","@id":"https:\/\/www.sttk.fi\/sv\/2024\/10\/09\/sttks-styrelse-i-pensionsforhandlingar-ska-man-komma-ihag-syftet-med-systemet-och-ha-talamod\/#primaryimage","url":"https:\/\/www.sttk.fi\/wp-content\/uploads\/sites\/2\/2022\/11\/antti-palola-1200x800-1.png","contentUrl":"https:\/\/www.sttk.fi\/wp-content\/uploads\/sites\/2\/2022\/11\/antti-palola-1200x800-1.png","width":1200,"height":800},{"@type":"BreadcrumbList","@id":"https:\/\/www.sttk.fi\/sv\/2024\/10\/09\/sttks-styrelse-i-pensionsforhandlingar-ska-man-komma-ihag-syftet-med-systemet-och-ha-talamod\/#breadcrumb","itemListElement":[{"@type":"ListItem","position":1,"name":"Home","item":"https:\/\/www.sttk.fi\/sv\/"},{"@type":"ListItem","position":2,"name":"STTK:s styrelse:\u00a0I pensionsf\u00f6rhandlingar ska man komma ih\u00e5g syftet med systemet och ha t\u00e5lamod"}]},{"@type":"WebSite","@id":"https:\/\/www.sttk.fi\/#website","url":"https:\/\/www.sttk.fi\/","name":"STTK","description":"","publisher":{"@id":"https:\/\/www.sttk.fi\/#organization"},"potentialAction":[{"@type":"SearchAction","target":{"@type":"EntryPoint","urlTemplate":"https:\/\/www.sttk.fi\/?s={search_term_string}"},"query-input":{"@type":"PropertyValueSpecification","valueRequired":true,"valueName":"search_term_string"}}],"inLanguage":"sv-SE"},{"@type":"Organization","@id":"https:\/\/www.sttk.fi\/#organization","name":"STTK","url":"https:\/\/www.sttk.fi\/","logo":{"@type":"ImageObject","inLanguage":"sv-SE","@id":"https:\/\/www.sttk.fi\/#\/schema\/logo\/image\/","url":"https:\/\/www.sttk.fi\/wp-content\/uploads\/sites\/2\/2025\/12\/vector3.svg","contentUrl":"https:\/\/www.sttk.fi\/wp-content\/uploads\/sites\/2\/2025\/12\/vector3.svg","caption":"STTK"},"image":{"@id":"https:\/\/www.sttk.fi\/#\/schema\/logo\/image\/"},"sameAs":["https:\/\/www.facebook.com\/#!\/KeskusjarjestoSTTK","https:\/\/x.com\/STTKMikonkatu","http:\/\/www.youtube.com\/user\/protoimihenkilot"]},{"@type":"Person","@id":"https:\/\/www.sttk.fi\/#\/schema\/person\/58abb54d7b15ed34e29dc4514a5c1210","name":"paka","image":{"@type":"ImageObject","inLanguage":"sv-SE","@id":"https:\/\/secure.gravatar.com\/avatar\/4475a9b815f64182a53e96cb5d0f5f7720cc03120a202c52530424ca5902a916?s=96&d=mm&r=g","url":"https:\/\/secure.gravatar.com\/avatar\/4475a9b815f64182a53e96cb5d0f5f7720cc03120a202c52530424ca5902a916?s=96&d=mm&r=g","contentUrl":"https:\/\/secure.gravatar.com\/avatar\/4475a9b815f64182a53e96cb5d0f5f7720cc03120a202c52530424ca5902a916?s=96&d=mm&r=g","caption":"paka"},"url":"https:\/\/www.sttk.fi\/sv\/author\/paka\/"}]}},"_links":{"self":[{"href":"https:\/\/www.sttk.fi\/sv\/wp-json\/wp\/v2\/posts\/52276","targetHints":{"allow":["GET"]}}],"collection":[{"href":"https:\/\/www.sttk.fi\/sv\/wp-json\/wp\/v2\/posts"}],"about":[{"href":"https:\/\/www.sttk.fi\/sv\/wp-json\/wp\/v2\/types\/post"}],"author":[{"embeddable":true,"href":"https:\/\/www.sttk.fi\/sv\/wp-json\/wp\/v2\/users\/3"}],"replies":[{"embeddable":true,"href":"https:\/\/www.sttk.fi\/sv\/wp-json\/wp\/v2\/comments?post=52276"}],"version-history":[{"count":2,"href":"https:\/\/www.sttk.fi\/sv\/wp-json\/wp\/v2\/posts\/52276\/revisions"}],"predecessor-version":[{"id":52279,"href":"https:\/\/www.sttk.fi\/sv\/wp-json\/wp\/v2\/posts\/52276\/revisions\/52279"}],"wp:featuredmedia":[{"embeddable":true,"href":"https:\/\/www.sttk.fi\/sv\/wp-json\/wp\/v2\/media\/43504"}],"wp:attachment":[{"href":"https:\/\/www.sttk.fi\/sv\/wp-json\/wp\/v2\/media?parent=52276"}],"wp:term":[{"taxonomy":"category","embeddable":true,"href":"https:\/\/www.sttk.fi\/sv\/wp-json\/wp\/v2\/categories?post=52276"},{"taxonomy":"subject","embeddable":true,"href":"https:\/\/www.sttk.fi\/sv\/wp-json\/wp\/v2\/subject?post=52276"}],"curies":[{"name":"wp","href":"https:\/\/api.w.org\/{rel}","templated":true}]}}