{"id":49803,"date":"2024-02-14T11:09:57","date_gmt":"2024-02-14T09:09:57","guid":{"rendered":"https:\/\/www.sttk.fi\/?p=49803"},"modified":"2024-02-14T11:09:57","modified_gmt":"2024-02-14T09:09:57","slug":"sttks-palola-finland-bor-forbinda-sig-till-att-utveckla-arbetstagarnas-valbefinnande-och-ekonomiska-stabilitet-i-eu","status":"publish","type":"post","link":"https:\/\/www.sttk.fi\/sv\/2024\/02\/14\/sttks-palola-finland-bor-forbinda-sig-till-att-utveckla-arbetstagarnas-valbefinnande-och-ekonomiska-stabilitet-i-eu\/","title":{"rendered":"STTK:s Palola: Finland b\u00f6r f\u00f6rbinda sig till att utveckla arbetstagarnas v\u00e4lbefinnande och ekonomiska stabilitet i EU"},"content":{"rendered":"\n<p>STTK:s ordf\u00f6rande <strong>Antti <\/strong><strong>Palola<\/strong> anser att Finland \u00e4ven fram\u00f6ver b\u00f6r f\u00f6rbinda sig till att utveckla Europa genom samarbete. Inom EU f\u00e5r man inte ge utrymme \u00e5t populistisk protektionism d\u00e4r varje land fr\u00e4mjar sina egna intressen. I dag p\u00e5 torsdagen deltar Palola i en EU-diskussion som ordnas av statsminister <strong>Petteri Orpo<\/strong>.<\/p>\n\n\n\n<p>\u2013 EU har varit en v\u00e4rdebaserad, sammansvetsad sammanslutning som banat v\u00e4g f\u00f6r bland annat demokrati, arbetstagarnas r\u00e4ttigheter och ambiti\u00f6sa klimatm\u00e5l i hela v\u00e4rlden. EU f\u00e5r inte f\u00f6rtvina p\u00e5 grund av intern oenighet, po\u00e4ngterar Palola.<\/p>\n\n\n\n<p>Europeiska unionens betydelse f\u00f6r arbetstagarnas v\u00e4lf\u00e4rd och en stabil ekonomisk utveckling kan inte underskattas. Palola anser att Finlands EU-politik b\u00f6r vara konsekvent och v\u00e4rdebaserad.<\/p>\n\n\n\n<p>\u2013 Ett f\u00e4rskt exempel p\u00e5 linjel\u00f6sheten \u00e4r inst\u00e4llningen till direktivet om f\u00f6retagsansvar. En del medlemsl\u00e4nder \u2013 inklusive Finland \u2013 \u00e4r kortsynt beredda att ifr\u00e5gas\u00e4tta den kompromiss som beretts l\u00e4nge och som st\u00f6der de m\u00e4nskliga r\u00e4ttigheter, s\u00e4ger Palola.<\/p>\n\n\n\n<h3 class=\"wp-block-heading\">Utveckling av arbetslivet och en r\u00e4ttvis \u00f6verg\u00e5ng som valtema<\/h3>\n\n\n\n<p>Europaparlamentsvalet ordnas s\u00f6ndagen 9.6.2024. I sina m\u00e5l i valet f\u00e4ster STTK vikt vid utveckling av arbetslivet, st\u00e4rkande av sociala r\u00e4ttigheter och en r\u00e4ttvis \u00f6verg\u00e5ng.<\/p>\n\n\n\n<p>\u2013 De \u00e4r konkreta s\u00e4tt p\u00e5 vilka medborgarnas v\u00e4lf\u00e4rd kan f\u00f6rb\u00e4ttras och r\u00e4ttvisa spelregler s\u00e4kerst\u00e4llas p\u00e5 den inre marknaden. Jag hoppas att dessa teman blir aktuella ocks\u00e5 i v\u00e5rens valdebatter, konstaterar Palola.<\/p>\n\n\n\n<p>Utvecklingen av arbetslivet och de sociala r\u00e4ttigheterna hade medvind i b\u00f6rjan av den sittande kommissionens mandatperiod. Framsteg gjordes bland annat genom direktiven om minimil\u00f6n och l\u00f6netransparens. F\u00f6rhandlingarna om direktivet om plattformsarbete p\u00e5g\u00e5r fortfarande. Om direktivet antas st\u00e4rker det r\u00e4ttsskyddet, arbetsf\u00f6rh\u00e5llandena och -villkoren f\u00f6r dem som utf\u00f6r plattformsarbete och skapar gemensamma regler f\u00f6r f\u00f6retag verksamma p\u00e5 digitala plattformar.<\/p>\n\n\n\n<p>\u2013 Ur finl\u00e4ndska l\u00f6ntagares perspektiv har EU varit i god form, och n\u00e4sta kommission b\u00f6r forts\u00e4tta arbetet. De snabba f\u00f6r\u00e4ndringarna i arbetslivet kr\u00e4ver schyssta spelregler \u00e4ven fram\u00f6ver. Den gr\u00f6na \u00f6verg\u00e5ngen och avvecklingen av fossil energi b\u00f6r ske p\u00e5 ett r\u00e4ttvist s\u00e4tt regionalt, socialt och ekonomiskt, p\u00e5pekar Palola.<\/p>\n\n\n\n<p>\u2013 Kommissionen har ocks\u00e5 gett sitt starka st\u00f6d till social dialog p\u00e5 b\u00e5de europeisk och internationell niv\u00e5. Det har varit s\u00e4rskilt viktigt med tanke p\u00e5 att man i Finland str\u00e4var efter att f\u00f6rsvaga arbetslivsr\u00e4ttigheterna och f\u00f6ruts\u00e4ttningarna f\u00f6r trepartsberedning av lagstiftning.<\/p>\n\n\n\n<p><strong>Mer information p\u00e5 STTK: Antti Palola, ordf\u00f6rande, tfn 040\u00a0509 6030<\/strong><\/p>\n\n\n\n<div class=\"wp-block-buttons is-layout-flex wp-block-buttons-is-layout-flex\">\n<div class=\"wp-block-button\"><a class=\"wp-block-button__link wp-element-button\" href=\"https:\/\/www.sttk.fi\/sv\/sttks-mal-i-europaparlamentsvalet\/\">L\u00e4s ocks\u00e5: STTK:s m\u00e5l i Europaparlamentsvalet 2024 <\/a><\/div>\n<\/div>\n","protected":false},"excerpt":{"rendered":"STTK:s ordf\u00f6rande Antti Palola anser att Finland \u00e4ven fram\u00f6ver b\u00f6r f\u00f6rbinda sig till att utveckla Europa genom samarbete&#8230;. ","protected":false},"author":3,"featured_media":49799,"comment_status":"closed","ping_status":"closed","sticky":false,"template":"","format":"standard","meta":{"_acf_changed":false,"lead_paragraph":"","footnotes":""},"categories":[135],"subject":[],"class_list":["post-49803","post","type-post","status-publish","format-standard","has-post-thumbnail","hentry","category-pressmeddelande"],"acf":{"lead_paragraph":""},"yoast_head":"<!-- This site is optimized with the Yoast SEO plugin v27.5 - https:\/\/yoast.com\/product\/yoast-seo-wordpress\/ -->\n<title>STTK:s Palola: Finland b\u00f6r f\u00f6rbinda sig till att utveckla arbetstagarnas v\u00e4lbefinnande och ekonomiska stabilitet i EU - STTK<\/title>\n<meta name=\"description\" content=\"STTK:s ordf\u00f6rande Antti Palola anser att Finland \u00e4ven fram\u00f6ver b\u00f6r f\u00f6rbinda sig till att utveckla Europa genom samarbete.\" \/>\n<meta name=\"robots\" content=\"index, follow, max-snippet:-1, max-image-preview:large, max-video-preview:-1\" \/>\n<link rel=\"canonical\" href=\"https:\/\/www.sttk.fi\/sv\/2024\/02\/14\/sttks-palola-finland-bor-forbinda-sig-till-att-utveckla-arbetstagarnas-valbefinnande-och-ekonomiska-stabilitet-i-eu\/\" \/>\n<meta property=\"og:locale\" content=\"sv_SE\" \/>\n<meta property=\"og:type\" content=\"article\" \/>\n<meta property=\"og:title\" content=\"STTK:s Palola: Finland b\u00f6r f\u00f6rbinda sig till att utveckla arbetstagarnas v\u00e4lbefinnande och ekonomiska stabilitet i EU - STTK\" \/>\n<meta property=\"og:description\" content=\"STTK:s ordf\u00f6rande Antti Palola anser att Finland \u00e4ven fram\u00f6ver b\u00f6r f\u00f6rbinda sig till att utveckla Europa genom samarbete.\" \/>\n<meta property=\"og:url\" content=\"https:\/\/www.sttk.fi\/sv\/2024\/02\/14\/sttks-palola-finland-bor-forbinda-sig-till-att-utveckla-arbetstagarnas-valbefinnande-och-ekonomiska-stabilitet-i-eu\/\" \/>\n<meta property=\"og:site_name\" content=\"STTK\" \/>\n<meta property=\"article:publisher\" content=\"https:\/\/www.facebook.com\/#%21%2fKeskusjarjestoSTTK\" \/>\n<meta property=\"article:published_time\" content=\"2024-02-14T09:09:57+00:00\" \/>\n<meta property=\"og:image\" content=\"https:\/\/www.sttk.fi\/wp-content\/uploads\/sites\/2\/2024\/02\/antti-palola2.jpg\" \/>\n\t<meta property=\"og:image:width\" content=\"1200\" \/>\n\t<meta property=\"og:image:height\" content=\"800\" \/>\n\t<meta property=\"og:image:type\" content=\"image\/jpeg\" \/>\n<meta name=\"twitter:card\" content=\"summary_large_image\" \/>\n<meta name=\"twitter:creator\" content=\"@STTKMikonkatu\" \/>\n<meta name=\"twitter:site\" content=\"@STTKMikonkatu\" \/>\n<meta name=\"twitter:label1\" content=\"Written by\" \/>\n\t<meta name=\"twitter:data1\" content=\"paka\" \/>\n\t<meta name=\"twitter:label2\" content=\"Est. reading time\" \/>\n\t<meta name=\"twitter:data2\" content=\"3 minuter\" \/>\n<script type=\"application\/ld+json\" class=\"yoast-schema-graph\">{\"@context\":\"https:\\\/\\\/schema.org\",\"@graph\":[{\"@type\":\"Article\",\"@id\":\"https:\\\/\\\/www.sttk.fi\\\/sv\\\/2024\\\/02\\\/14\\\/sttks-palola-finland-bor-forbinda-sig-till-att-utveckla-arbetstagarnas-valbefinnande-och-ekonomiska-stabilitet-i-eu\\\/#article\",\"isPartOf\":{\"@id\":\"https:\\\/\\\/www.sttk.fi\\\/sv\\\/2024\\\/02\\\/14\\\/sttks-palola-finland-bor-forbinda-sig-till-att-utveckla-arbetstagarnas-valbefinnande-och-ekonomiska-stabilitet-i-eu\\\/\"},\"author\":{\"name\":\"paka\",\"@id\":\"https:\\\/\\\/www.sttk.fi\\\/#\\\/schema\\\/person\\\/58abb54d7b15ed34e29dc4514a5c1210\"},\"headline\":\"STTK:s Palola: Finland b\u00f6r f\u00f6rbinda sig till att utveckla arbetstagarnas v\u00e4lbefinnande och ekonomiska stabilitet i EU\",\"datePublished\":\"2024-02-14T09:09:57+00:00\",\"mainEntityOfPage\":{\"@id\":\"https:\\\/\\\/www.sttk.fi\\\/sv\\\/2024\\\/02\\\/14\\\/sttks-palola-finland-bor-forbinda-sig-till-att-utveckla-arbetstagarnas-valbefinnande-och-ekonomiska-stabilitet-i-eu\\\/\"},\"wordCount\":476,\"publisher\":{\"@id\":\"https:\\\/\\\/www.sttk.fi\\\/#organization\"},\"image\":{\"@id\":\"https:\\\/\\\/www.sttk.fi\\\/sv\\\/2024\\\/02\\\/14\\\/sttks-palola-finland-bor-forbinda-sig-till-att-utveckla-arbetstagarnas-valbefinnande-och-ekonomiska-stabilitet-i-eu\\\/#primaryimage\"},\"thumbnailUrl\":\"https:\\\/\\\/www.sttk.fi\\\/wp-content\\\/uploads\\\/sites\\\/2\\\/2024\\\/02\\\/antti-palola2.jpg\",\"articleSection\":[\"Pressmeddelande\"],\"inLanguage\":\"sv-SE\"},{\"@type\":\"WebPage\",\"@id\":\"https:\\\/\\\/www.sttk.fi\\\/sv\\\/2024\\\/02\\\/14\\\/sttks-palola-finland-bor-forbinda-sig-till-att-utveckla-arbetstagarnas-valbefinnande-och-ekonomiska-stabilitet-i-eu\\\/\",\"url\":\"https:\\\/\\\/www.sttk.fi\\\/sv\\\/2024\\\/02\\\/14\\\/sttks-palola-finland-bor-forbinda-sig-till-att-utveckla-arbetstagarnas-valbefinnande-och-ekonomiska-stabilitet-i-eu\\\/\",\"name\":\"STTK:s Palola: Finland b\u00f6r f\u00f6rbinda sig till att utveckla arbetstagarnas v\u00e4lbefinnande och ekonomiska stabilitet i EU - STTK\",\"isPartOf\":{\"@id\":\"https:\\\/\\\/www.sttk.fi\\\/#website\"},\"primaryImageOfPage\":{\"@id\":\"https:\\\/\\\/www.sttk.fi\\\/sv\\\/2024\\\/02\\\/14\\\/sttks-palola-finland-bor-forbinda-sig-till-att-utveckla-arbetstagarnas-valbefinnande-och-ekonomiska-stabilitet-i-eu\\\/#primaryimage\"},\"image\":{\"@id\":\"https:\\\/\\\/www.sttk.fi\\\/sv\\\/2024\\\/02\\\/14\\\/sttks-palola-finland-bor-forbinda-sig-till-att-utveckla-arbetstagarnas-valbefinnande-och-ekonomiska-stabilitet-i-eu\\\/#primaryimage\"},\"thumbnailUrl\":\"https:\\\/\\\/www.sttk.fi\\\/wp-content\\\/uploads\\\/sites\\\/2\\\/2024\\\/02\\\/antti-palola2.jpg\",\"datePublished\":\"2024-02-14T09:09:57+00:00\",\"description\":\"STTK:s ordf\u00f6rande Antti Palola anser att Finland \u00e4ven fram\u00f6ver b\u00f6r f\u00f6rbinda sig till att utveckla Europa genom samarbete.\",\"breadcrumb\":{\"@id\":\"https:\\\/\\\/www.sttk.fi\\\/sv\\\/2024\\\/02\\\/14\\\/sttks-palola-finland-bor-forbinda-sig-till-att-utveckla-arbetstagarnas-valbefinnande-och-ekonomiska-stabilitet-i-eu\\\/#breadcrumb\"},\"inLanguage\":\"sv-SE\",\"potentialAction\":[{\"@type\":\"ReadAction\",\"target\":[\"https:\\\/\\\/www.sttk.fi\\\/sv\\\/2024\\\/02\\\/14\\\/sttks-palola-finland-bor-forbinda-sig-till-att-utveckla-arbetstagarnas-valbefinnande-och-ekonomiska-stabilitet-i-eu\\\/\"]}]},{\"@type\":\"ImageObject\",\"inLanguage\":\"sv-SE\",\"@id\":\"https:\\\/\\\/www.sttk.fi\\\/sv\\\/2024\\\/02\\\/14\\\/sttks-palola-finland-bor-forbinda-sig-till-att-utveckla-arbetstagarnas-valbefinnande-och-ekonomiska-stabilitet-i-eu\\\/#primaryimage\",\"url\":\"https:\\\/\\\/www.sttk.fi\\\/wp-content\\\/uploads\\\/sites\\\/2\\\/2024\\\/02\\\/antti-palola2.jpg\",\"contentUrl\":\"https:\\\/\\\/www.sttk.fi\\\/wp-content\\\/uploads\\\/sites\\\/2\\\/2024\\\/02\\\/antti-palola2.jpg\",\"width\":1200,\"height\":800,\"caption\":\"Antti Palola\"},{\"@type\":\"BreadcrumbList\",\"@id\":\"https:\\\/\\\/www.sttk.fi\\\/sv\\\/2024\\\/02\\\/14\\\/sttks-palola-finland-bor-forbinda-sig-till-att-utveckla-arbetstagarnas-valbefinnande-och-ekonomiska-stabilitet-i-eu\\\/#breadcrumb\",\"itemListElement\":[{\"@type\":\"ListItem\",\"position\":1,\"name\":\"Home\",\"item\":\"https:\\\/\\\/www.sttk.fi\\\/sv\\\/\"},{\"@type\":\"ListItem\",\"position\":2,\"name\":\"STTK:s Palola: Finland b\u00f6r f\u00f6rbinda sig till att utveckla arbetstagarnas v\u00e4lbefinnande och ekonomiska stabilitet i EU\"}]},{\"@type\":\"WebSite\",\"@id\":\"https:\\\/\\\/www.sttk.fi\\\/#website\",\"url\":\"https:\\\/\\\/www.sttk.fi\\\/\",\"name\":\"STTK\",\"description\":\"\",\"publisher\":{\"@id\":\"https:\\\/\\\/www.sttk.fi\\\/#organization\"},\"potentialAction\":[{\"@type\":\"SearchAction\",\"target\":{\"@type\":\"EntryPoint\",\"urlTemplate\":\"https:\\\/\\\/www.sttk.fi\\\/?s={search_term_string}\"},\"query-input\":{\"@type\":\"PropertyValueSpecification\",\"valueRequired\":true,\"valueName\":\"search_term_string\"}}],\"inLanguage\":\"sv-SE\"},{\"@type\":\"Organization\",\"@id\":\"https:\\\/\\\/www.sttk.fi\\\/#organization\",\"name\":\"STTK\",\"url\":\"https:\\\/\\\/www.sttk.fi\\\/\",\"logo\":{\"@type\":\"ImageObject\",\"inLanguage\":\"sv-SE\",\"@id\":\"https:\\\/\\\/www.sttk.fi\\\/#\\\/schema\\\/logo\\\/image\\\/\",\"url\":\"https:\\\/\\\/www.sttk.fi\\\/wp-content\\\/uploads\\\/sites\\\/2\\\/2025\\\/12\\\/vector3.svg\",\"contentUrl\":\"https:\\\/\\\/www.sttk.fi\\\/wp-content\\\/uploads\\\/sites\\\/2\\\/2025\\\/12\\\/vector3.svg\",\"caption\":\"STTK\"},\"image\":{\"@id\":\"https:\\\/\\\/www.sttk.fi\\\/#\\\/schema\\\/logo\\\/image\\\/\"},\"sameAs\":[\"https:\\\/\\\/www.facebook.com\\\/#!\\\/KeskusjarjestoSTTK\",\"https:\\\/\\\/x.com\\\/STTKMikonkatu\",\"http:\\\/\\\/www.youtube.com\\\/user\\\/protoimihenkilot\"]},{\"@type\":\"Person\",\"@id\":\"https:\\\/\\\/www.sttk.fi\\\/#\\\/schema\\\/person\\\/58abb54d7b15ed34e29dc4514a5c1210\",\"name\":\"paka\",\"image\":{\"@type\":\"ImageObject\",\"inLanguage\":\"sv-SE\",\"@id\":\"https:\\\/\\\/secure.gravatar.com\\\/avatar\\\/4475a9b815f64182a53e96cb5d0f5f7720cc03120a202c52530424ca5902a916?s=96&d=mm&r=g\",\"url\":\"https:\\\/\\\/secure.gravatar.com\\\/avatar\\\/4475a9b815f64182a53e96cb5d0f5f7720cc03120a202c52530424ca5902a916?s=96&d=mm&r=g\",\"contentUrl\":\"https:\\\/\\\/secure.gravatar.com\\\/avatar\\\/4475a9b815f64182a53e96cb5d0f5f7720cc03120a202c52530424ca5902a916?s=96&d=mm&r=g\",\"caption\":\"paka\"},\"url\":\"https:\\\/\\\/www.sttk.fi\\\/sv\\\/author\\\/paka\\\/\"}]}<\/script>\n<!-- \/ Yoast SEO plugin. -->","yoast_head_json":{"title":"STTK:s Palola: Finland b\u00f6r f\u00f6rbinda sig till att utveckla arbetstagarnas v\u00e4lbefinnande och ekonomiska stabilitet i EU - STTK","description":"STTK:s ordf\u00f6rande Antti Palola anser att Finland \u00e4ven fram\u00f6ver b\u00f6r f\u00f6rbinda sig till att utveckla Europa genom samarbete.","robots":{"index":"index","follow":"follow","max-snippet":"max-snippet:-1","max-image-preview":"max-image-preview:large","max-video-preview":"max-video-preview:-1"},"canonical":"https:\/\/www.sttk.fi\/sv\/2024\/02\/14\/sttks-palola-finland-bor-forbinda-sig-till-att-utveckla-arbetstagarnas-valbefinnande-och-ekonomiska-stabilitet-i-eu\/","og_locale":"sv_SE","og_type":"article","og_title":"STTK:s Palola: Finland b\u00f6r f\u00f6rbinda sig till att utveckla arbetstagarnas v\u00e4lbefinnande och ekonomiska stabilitet i EU - STTK","og_description":"STTK:s ordf\u00f6rande Antti Palola anser att Finland \u00e4ven fram\u00f6ver b\u00f6r f\u00f6rbinda sig till att utveckla Europa genom samarbete.","og_url":"https:\/\/www.sttk.fi\/sv\/2024\/02\/14\/sttks-palola-finland-bor-forbinda-sig-till-att-utveckla-arbetstagarnas-valbefinnande-och-ekonomiska-stabilitet-i-eu\/","og_site_name":"STTK","article_publisher":"https:\/\/www.facebook.com\/#%21%2fKeskusjarjestoSTTK","article_published_time":"2024-02-14T09:09:57+00:00","og_image":[{"width":1200,"height":800,"url":"https:\/\/www.sttk.fi\/wp-content\/uploads\/sites\/2\/2024\/02\/antti-palola2.jpg","type":"image\/jpeg"}],"twitter_card":"summary_large_image","twitter_creator":"@STTKMikonkatu","twitter_site":"@STTKMikonkatu","twitter_misc":{"Written by":"paka","Est. reading time":"3 minuter"},"schema":{"@context":"https:\/\/schema.org","@graph":[{"@type":"Article","@id":"https:\/\/www.sttk.fi\/sv\/2024\/02\/14\/sttks-palola-finland-bor-forbinda-sig-till-att-utveckla-arbetstagarnas-valbefinnande-och-ekonomiska-stabilitet-i-eu\/#article","isPartOf":{"@id":"https:\/\/www.sttk.fi\/sv\/2024\/02\/14\/sttks-palola-finland-bor-forbinda-sig-till-att-utveckla-arbetstagarnas-valbefinnande-och-ekonomiska-stabilitet-i-eu\/"},"author":{"name":"paka","@id":"https:\/\/www.sttk.fi\/#\/schema\/person\/58abb54d7b15ed34e29dc4514a5c1210"},"headline":"STTK:s Palola: Finland b\u00f6r f\u00f6rbinda sig till att utveckla arbetstagarnas v\u00e4lbefinnande och ekonomiska stabilitet i EU","datePublished":"2024-02-14T09:09:57+00:00","mainEntityOfPage":{"@id":"https:\/\/www.sttk.fi\/sv\/2024\/02\/14\/sttks-palola-finland-bor-forbinda-sig-till-att-utveckla-arbetstagarnas-valbefinnande-och-ekonomiska-stabilitet-i-eu\/"},"wordCount":476,"publisher":{"@id":"https:\/\/www.sttk.fi\/#organization"},"image":{"@id":"https:\/\/www.sttk.fi\/sv\/2024\/02\/14\/sttks-palola-finland-bor-forbinda-sig-till-att-utveckla-arbetstagarnas-valbefinnande-och-ekonomiska-stabilitet-i-eu\/#primaryimage"},"thumbnailUrl":"https:\/\/www.sttk.fi\/wp-content\/uploads\/sites\/2\/2024\/02\/antti-palola2.jpg","articleSection":["Pressmeddelande"],"inLanguage":"sv-SE"},{"@type":"WebPage","@id":"https:\/\/www.sttk.fi\/sv\/2024\/02\/14\/sttks-palola-finland-bor-forbinda-sig-till-att-utveckla-arbetstagarnas-valbefinnande-och-ekonomiska-stabilitet-i-eu\/","url":"https:\/\/www.sttk.fi\/sv\/2024\/02\/14\/sttks-palola-finland-bor-forbinda-sig-till-att-utveckla-arbetstagarnas-valbefinnande-och-ekonomiska-stabilitet-i-eu\/","name":"STTK:s Palola: Finland b\u00f6r f\u00f6rbinda sig till att utveckla arbetstagarnas v\u00e4lbefinnande och ekonomiska stabilitet i EU - STTK","isPartOf":{"@id":"https:\/\/www.sttk.fi\/#website"},"primaryImageOfPage":{"@id":"https:\/\/www.sttk.fi\/sv\/2024\/02\/14\/sttks-palola-finland-bor-forbinda-sig-till-att-utveckla-arbetstagarnas-valbefinnande-och-ekonomiska-stabilitet-i-eu\/#primaryimage"},"image":{"@id":"https:\/\/www.sttk.fi\/sv\/2024\/02\/14\/sttks-palola-finland-bor-forbinda-sig-till-att-utveckla-arbetstagarnas-valbefinnande-och-ekonomiska-stabilitet-i-eu\/#primaryimage"},"thumbnailUrl":"https:\/\/www.sttk.fi\/wp-content\/uploads\/sites\/2\/2024\/02\/antti-palola2.jpg","datePublished":"2024-02-14T09:09:57+00:00","description":"STTK:s ordf\u00f6rande Antti Palola anser att Finland \u00e4ven fram\u00f6ver b\u00f6r f\u00f6rbinda sig till att utveckla Europa genom samarbete.","breadcrumb":{"@id":"https:\/\/www.sttk.fi\/sv\/2024\/02\/14\/sttks-palola-finland-bor-forbinda-sig-till-att-utveckla-arbetstagarnas-valbefinnande-och-ekonomiska-stabilitet-i-eu\/#breadcrumb"},"inLanguage":"sv-SE","potentialAction":[{"@type":"ReadAction","target":["https:\/\/www.sttk.fi\/sv\/2024\/02\/14\/sttks-palola-finland-bor-forbinda-sig-till-att-utveckla-arbetstagarnas-valbefinnande-och-ekonomiska-stabilitet-i-eu\/"]}]},{"@type":"ImageObject","inLanguage":"sv-SE","@id":"https:\/\/www.sttk.fi\/sv\/2024\/02\/14\/sttks-palola-finland-bor-forbinda-sig-till-att-utveckla-arbetstagarnas-valbefinnande-och-ekonomiska-stabilitet-i-eu\/#primaryimage","url":"https:\/\/www.sttk.fi\/wp-content\/uploads\/sites\/2\/2024\/02\/antti-palola2.jpg","contentUrl":"https:\/\/www.sttk.fi\/wp-content\/uploads\/sites\/2\/2024\/02\/antti-palola2.jpg","width":1200,"height":800,"caption":"Antti Palola"},{"@type":"BreadcrumbList","@id":"https:\/\/www.sttk.fi\/sv\/2024\/02\/14\/sttks-palola-finland-bor-forbinda-sig-till-att-utveckla-arbetstagarnas-valbefinnande-och-ekonomiska-stabilitet-i-eu\/#breadcrumb","itemListElement":[{"@type":"ListItem","position":1,"name":"Home","item":"https:\/\/www.sttk.fi\/sv\/"},{"@type":"ListItem","position":2,"name":"STTK:s Palola: Finland b\u00f6r f\u00f6rbinda sig till att utveckla arbetstagarnas v\u00e4lbefinnande och ekonomiska stabilitet i EU"}]},{"@type":"WebSite","@id":"https:\/\/www.sttk.fi\/#website","url":"https:\/\/www.sttk.fi\/","name":"STTK","description":"","publisher":{"@id":"https:\/\/www.sttk.fi\/#organization"},"potentialAction":[{"@type":"SearchAction","target":{"@type":"EntryPoint","urlTemplate":"https:\/\/www.sttk.fi\/?s={search_term_string}"},"query-input":{"@type":"PropertyValueSpecification","valueRequired":true,"valueName":"search_term_string"}}],"inLanguage":"sv-SE"},{"@type":"Organization","@id":"https:\/\/www.sttk.fi\/#organization","name":"STTK","url":"https:\/\/www.sttk.fi\/","logo":{"@type":"ImageObject","inLanguage":"sv-SE","@id":"https:\/\/www.sttk.fi\/#\/schema\/logo\/image\/","url":"https:\/\/www.sttk.fi\/wp-content\/uploads\/sites\/2\/2025\/12\/vector3.svg","contentUrl":"https:\/\/www.sttk.fi\/wp-content\/uploads\/sites\/2\/2025\/12\/vector3.svg","caption":"STTK"},"image":{"@id":"https:\/\/www.sttk.fi\/#\/schema\/logo\/image\/"},"sameAs":["https:\/\/www.facebook.com\/#!\/KeskusjarjestoSTTK","https:\/\/x.com\/STTKMikonkatu","http:\/\/www.youtube.com\/user\/protoimihenkilot"]},{"@type":"Person","@id":"https:\/\/www.sttk.fi\/#\/schema\/person\/58abb54d7b15ed34e29dc4514a5c1210","name":"paka","image":{"@type":"ImageObject","inLanguage":"sv-SE","@id":"https:\/\/secure.gravatar.com\/avatar\/4475a9b815f64182a53e96cb5d0f5f7720cc03120a202c52530424ca5902a916?s=96&d=mm&r=g","url":"https:\/\/secure.gravatar.com\/avatar\/4475a9b815f64182a53e96cb5d0f5f7720cc03120a202c52530424ca5902a916?s=96&d=mm&r=g","contentUrl":"https:\/\/secure.gravatar.com\/avatar\/4475a9b815f64182a53e96cb5d0f5f7720cc03120a202c52530424ca5902a916?s=96&d=mm&r=g","caption":"paka"},"url":"https:\/\/www.sttk.fi\/sv\/author\/paka\/"}]}},"_links":{"self":[{"href":"https:\/\/www.sttk.fi\/sv\/wp-json\/wp\/v2\/posts\/49803","targetHints":{"allow":["GET"]}}],"collection":[{"href":"https:\/\/www.sttk.fi\/sv\/wp-json\/wp\/v2\/posts"}],"about":[{"href":"https:\/\/www.sttk.fi\/sv\/wp-json\/wp\/v2\/types\/post"}],"author":[{"embeddable":true,"href":"https:\/\/www.sttk.fi\/sv\/wp-json\/wp\/v2\/users\/3"}],"replies":[{"embeddable":true,"href":"https:\/\/www.sttk.fi\/sv\/wp-json\/wp\/v2\/comments?post=49803"}],"version-history":[{"count":2,"href":"https:\/\/www.sttk.fi\/sv\/wp-json\/wp\/v2\/posts\/49803\/revisions"}],"predecessor-version":[{"id":49805,"href":"https:\/\/www.sttk.fi\/sv\/wp-json\/wp\/v2\/posts\/49803\/revisions\/49805"}],"wp:featuredmedia":[{"embeddable":true,"href":"https:\/\/www.sttk.fi\/sv\/wp-json\/wp\/v2\/media\/49799"}],"wp:attachment":[{"href":"https:\/\/www.sttk.fi\/sv\/wp-json\/wp\/v2\/media?parent=49803"}],"wp:term":[{"taxonomy":"category","embeddable":true,"href":"https:\/\/www.sttk.fi\/sv\/wp-json\/wp\/v2\/categories?post=49803"},{"taxonomy":"subject","embeddable":true,"href":"https:\/\/www.sttk.fi\/sv\/wp-json\/wp\/v2\/subject?post=49803"}],"curies":[{"name":"wp","href":"https:\/\/api.w.org\/{rel}","templated":true}]}}