{"id":4882,"date":"2014-09-26T19:45:52","date_gmt":"2014-09-26T16:45:52","guid":{"rendered":"http:\/\/sttk.qa.web-veistamo.fi\/?p=4882"},"modified":"2014-09-26T19:45:52","modified_gmt":"2014-09-26T16:45:52","slug":"sttks-styrelse-godkande-pensionsoverenskommelse","status":"publish","type":"post","link":"https:\/\/www.sttk.fi\/sv\/2014\/09\/26\/sttks-styrelse-godkande-pensionsoverenskommelse\/","title":{"rendered":"STTK:s styrelse godk\u00e4nde pensions\u00f6verenskommelse"},"content":{"rendered":"<p style=\"margin: 0cm 0cm 0pt;\"><span style=\"color: #000000; font-family: Calibri; font-size: medium;\">STTK:s styrelse har godk\u00e4nt uppg\u00f6relsen som n\u00e5ddes i arbetskarri\u00e4rs- och pensionsf\u00f6rhandlingarna den 25 september.<\/span><\/p>\n<p style=\"margin: 0cm 0cm 0pt;\"><span style=\"color: #000000; font-family: Calibri; font-size: medium;\">\u00a0<\/span><\/p>\n<p style=\"margin: 0cm 0cm 0pt;\"><span style=\"color: #000000; font-family: Calibri; font-size: medium;\">Styrelsen \u00e4r n\u00f6jd \u00f6ver att arbetsmarknadsorganisationerna tog sitt ansvar i att reformera pensionssystemet. Enligt styrelsen uppn\u00e5ddes STTK:s m\u00e5ls\u00e4ttningar sk\u00e4ligt: helheten \u00e4r r\u00e4ttvis med tanke p\u00e5 de unga och ur genusperspektiv. Den \u00e4r ocks\u00e5 balanserad fr\u00e5n de olika l\u00f6ntagargruppernas synvinkel.<\/span><\/p>\n<p style=\"margin: 0cm 0cm 0pt;\"><span style=\"color: #000000; font-family: Calibri; font-size: medium;\">\u00a0<\/span><\/p>\n<p style=\"margin: 0cm 0cm 0pt;\"><span style=\"color: #000000; font-family: Calibri; font-size: medium;\">Styrelsen konstaterade att fr\u00e5gor relaterade till utvecklandet av arbetlivet och upps\u00e4gning av \u00e4ldre d\u00e4remot inte framskred i f\u00f6rhandlingarna enligt STTK:s m\u00e5ls\u00e4ttningar.<\/span><\/p>\n<p style=\"margin: 0cm 0cm 0pt;\"><span style=\"color: #000000; font-family: Calibri; font-size: medium;\">\u00a0<\/span><\/p>\n<p style=\"margin: 0cm 0cm 0pt;\"><span style=\"color: #000000; font-family: Calibri; font-size: medium;\">Pensions\u00f6verenskommelsen godk\u00e4ndes med r\u00f6sterna 19\u20132.<\/p>\n<p><\/span><\/p>\n<p style=\"margin: 0cm 0cm 0pt;\"><span style=\"color: #000000; font-family: Calibri; font-size: medium;\">STTK:s styrelse p\u00e5minner om att pensionen uppst\u00e5r av arbete. F\u00f6r att pensionssystemet ska tryggas p\u00e5 l\u00e4ngre sikt kr\u00e4vs att nytt arbete och nya arbetsplatser f\u00f6ds i Finland.<\/span><\/p>\n<p style=\"margin: 0cm 0cm 0pt;\"><span style=\"color: #000000; font-family: Calibri; font-size: medium;\">\u00a0<\/span><\/p>\n<p style=\"margin: 0cm 0cm 0pt;\"><span style=\"color: #000000; font-family: Calibri; font-size: medium;\">\u00a0<\/span><\/p>\n<p style=\"margin: 0cm 0cm 0pt;\"><span style=\"color: #000000; font-family: Calibri; font-size: medium;\">\u00a0<\/span><\/p>\n<p style=\"margin: 0cm 0cm 0pt;\"><span style=\"color: #000000; font-family: Calibri; font-size: medium;\">\u00a0<\/span><\/p>\n<p style=\"margin: 0cm 0cm 0pt;\"><span style=\"color: #000000; font-family: Calibri; font-size: medium;\">\u00a0<\/span><\/p>\n<p style=\"margin: 0cm 0cm 0pt;\"><span style=\"color: #000000; font-family: Calibri; font-size: medium;\">\u00a0<\/span><\/p>\n","protected":false},"excerpt":{"rendered":"STTK:s styrelse har godk\u00e4nt uppg\u00f6relsen som n\u00e5ddes i arbetskarri\u00e4rs- och pensionsf\u00f6rhandlingarna den 25 september. \u00a0 Styrelsen \u00e4r n\u00f6jd&#8230; ","protected":false},"author":3,"featured_media":0,"comment_status":"open","ping_status":"open","sticky":false,"template":"","format":"standard","meta":{"_acf_changed":false,"lead_paragraph":"","footnotes":""},"categories":[135],"subject":[],"class_list":["post-4882","post","type-post","status-publish","format-standard","hentry","category-pressmeddelande"],"acf":{"lead_paragraph":""},"yoast_head":"<!-- This site is optimized with the Yoast SEO plugin v27.4 - https:\/\/yoast.com\/product\/yoast-seo-wordpress\/ -->\n<title>STTK:s styrelse godk\u00e4nde pensions\u00f6verenskommelse - STTK<\/title>\n<meta name=\"robots\" content=\"index, follow, max-snippet:-1, max-image-preview:large, max-video-preview:-1\" \/>\n<link rel=\"canonical\" href=\"https:\/\/www.sttk.fi\/sv\/2014\/09\/26\/sttks-styrelse-godkande-pensionsoverenskommelse\/\" \/>\n<meta property=\"og:locale\" content=\"sv_SE\" \/>\n<meta property=\"og:type\" content=\"article\" \/>\n<meta property=\"og:title\" content=\"STTK:s styrelse godk\u00e4nde pensions\u00f6verenskommelse - STTK\" \/>\n<meta property=\"og:description\" content=\"STTK:s styrelse har godk\u00e4nt uppg\u00f6relsen som n\u00e5ddes i arbetskarri\u00e4rs- och pensionsf\u00f6rhandlingarna den 25 september. \u00a0 Styrelsen \u00e4r n\u00f6jd...\" \/>\n<meta property=\"og:url\" content=\"https:\/\/www.sttk.fi\/sv\/2014\/09\/26\/sttks-styrelse-godkande-pensionsoverenskommelse\/\" \/>\n<meta property=\"og:site_name\" content=\"STTK\" \/>\n<meta property=\"article:publisher\" content=\"https:\/\/www.facebook.com\/#%21%2fKeskusjarjestoSTTK\" \/>\n<meta property=\"article:published_time\" content=\"2014-09-26T16:45:52+00:00\" \/>\n<meta property=\"og:image\" content=\"https:\/\/www.sttk.fi\/wp-content\/uploads\/sites\/2\/2020\/08\/some-logo.png\" \/>\n\t<meta property=\"og:image:width\" content=\"1130\" \/>\n\t<meta property=\"og:image:height\" content=\"682\" \/>\n\t<meta property=\"og:image:type\" content=\"image\/png\" \/>\n<meta name=\"twitter:card\" content=\"summary_large_image\" \/>\n<meta name=\"twitter:creator\" content=\"@STTKMikonkatu\" \/>\n<meta name=\"twitter:site\" content=\"@STTKMikonkatu\" \/>\n<meta name=\"twitter:label1\" content=\"Written by\" \/>\n\t<meta name=\"twitter:data1\" content=\"paka\" \/>\n\t<meta name=\"twitter:label2\" content=\"Est. reading time\" \/>\n\t<meta name=\"twitter:data2\" content=\"1 minut\" \/>\n<script type=\"application\/ld+json\" class=\"yoast-schema-graph\">{\"@context\":\"https:\\\/\\\/schema.org\",\"@graph\":[{\"@type\":\"Article\",\"@id\":\"https:\\\/\\\/www.sttk.fi\\\/sv\\\/2014\\\/09\\\/26\\\/sttks-styrelse-godkande-pensionsoverenskommelse\\\/#article\",\"isPartOf\":{\"@id\":\"https:\\\/\\\/www.sttk.fi\\\/sv\\\/2014\\\/09\\\/26\\\/sttks-styrelse-godkande-pensionsoverenskommelse\\\/\"},\"author\":{\"name\":\"paka\",\"@id\":\"https:\\\/\\\/www.sttk.fi\\\/#\\\/schema\\\/person\\\/58abb54d7b15ed34e29dc4514a5c1210\"},\"headline\":\"STTK:s styrelse godk\u00e4nde pensions\u00f6verenskommelse\",\"datePublished\":\"2014-09-26T16:45:52+00:00\",\"mainEntityOfPage\":{\"@id\":\"https:\\\/\\\/www.sttk.fi\\\/sv\\\/2014\\\/09\\\/26\\\/sttks-styrelse-godkande-pensionsoverenskommelse\\\/\"},\"wordCount\":143,\"commentCount\":0,\"publisher\":{\"@id\":\"https:\\\/\\\/www.sttk.fi\\\/#organization\"},\"articleSection\":[\"Pressmeddelande\"],\"inLanguage\":\"sv-SE\",\"potentialAction\":[{\"@type\":\"CommentAction\",\"name\":\"Comment\",\"target\":[\"https:\\\/\\\/www.sttk.fi\\\/sv\\\/2014\\\/09\\\/26\\\/sttks-styrelse-godkande-pensionsoverenskommelse\\\/#respond\"]}]},{\"@type\":\"WebPage\",\"@id\":\"https:\\\/\\\/www.sttk.fi\\\/sv\\\/2014\\\/09\\\/26\\\/sttks-styrelse-godkande-pensionsoverenskommelse\\\/\",\"url\":\"https:\\\/\\\/www.sttk.fi\\\/sv\\\/2014\\\/09\\\/26\\\/sttks-styrelse-godkande-pensionsoverenskommelse\\\/\",\"name\":\"STTK:s styrelse godk\u00e4nde pensions\u00f6verenskommelse - STTK\",\"isPartOf\":{\"@id\":\"https:\\\/\\\/www.sttk.fi\\\/#website\"},\"datePublished\":\"2014-09-26T16:45:52+00:00\",\"breadcrumb\":{\"@id\":\"https:\\\/\\\/www.sttk.fi\\\/sv\\\/2014\\\/09\\\/26\\\/sttks-styrelse-godkande-pensionsoverenskommelse\\\/#breadcrumb\"},\"inLanguage\":\"sv-SE\",\"potentialAction\":[{\"@type\":\"ReadAction\",\"target\":[\"https:\\\/\\\/www.sttk.fi\\\/sv\\\/2014\\\/09\\\/26\\\/sttks-styrelse-godkande-pensionsoverenskommelse\\\/\"]}]},{\"@type\":\"BreadcrumbList\",\"@id\":\"https:\\\/\\\/www.sttk.fi\\\/sv\\\/2014\\\/09\\\/26\\\/sttks-styrelse-godkande-pensionsoverenskommelse\\\/#breadcrumb\",\"itemListElement\":[{\"@type\":\"ListItem\",\"position\":1,\"name\":\"Home\",\"item\":\"https:\\\/\\\/www.sttk.fi\\\/sv\\\/\"},{\"@type\":\"ListItem\",\"position\":2,\"name\":\"STTK:s styrelse godk\u00e4nde pensions\u00f6verenskommelse\"}]},{\"@type\":\"WebSite\",\"@id\":\"https:\\\/\\\/www.sttk.fi\\\/#website\",\"url\":\"https:\\\/\\\/www.sttk.fi\\\/\",\"name\":\"STTK\",\"description\":\"\",\"publisher\":{\"@id\":\"https:\\\/\\\/www.sttk.fi\\\/#organization\"},\"potentialAction\":[{\"@type\":\"SearchAction\",\"target\":{\"@type\":\"EntryPoint\",\"urlTemplate\":\"https:\\\/\\\/www.sttk.fi\\\/?s={search_term_string}\"},\"query-input\":{\"@type\":\"PropertyValueSpecification\",\"valueRequired\":true,\"valueName\":\"search_term_string\"}}],\"inLanguage\":\"sv-SE\"},{\"@type\":\"Organization\",\"@id\":\"https:\\\/\\\/www.sttk.fi\\\/#organization\",\"name\":\"STTK\",\"url\":\"https:\\\/\\\/www.sttk.fi\\\/\",\"logo\":{\"@type\":\"ImageObject\",\"inLanguage\":\"sv-SE\",\"@id\":\"https:\\\/\\\/www.sttk.fi\\\/#\\\/schema\\\/logo\\\/image\\\/\",\"url\":\"https:\\\/\\\/www.sttk.fi\\\/wp-content\\\/uploads\\\/sites\\\/2\\\/2025\\\/12\\\/vector3.svg\",\"contentUrl\":\"https:\\\/\\\/www.sttk.fi\\\/wp-content\\\/uploads\\\/sites\\\/2\\\/2025\\\/12\\\/vector3.svg\",\"caption\":\"STTK\"},\"image\":{\"@id\":\"https:\\\/\\\/www.sttk.fi\\\/#\\\/schema\\\/logo\\\/image\\\/\"},\"sameAs\":[\"https:\\\/\\\/www.facebook.com\\\/#!\\\/KeskusjarjestoSTTK\",\"https:\\\/\\\/x.com\\\/STTKMikonkatu\",\"http:\\\/\\\/www.youtube.com\\\/user\\\/protoimihenkilot\"]},{\"@type\":\"Person\",\"@id\":\"https:\\\/\\\/www.sttk.fi\\\/#\\\/schema\\\/person\\\/58abb54d7b15ed34e29dc4514a5c1210\",\"name\":\"paka\",\"image\":{\"@type\":\"ImageObject\",\"inLanguage\":\"sv-SE\",\"@id\":\"https:\\\/\\\/secure.gravatar.com\\\/avatar\\\/4475a9b815f64182a53e96cb5d0f5f7720cc03120a202c52530424ca5902a916?s=96&d=mm&r=g\",\"url\":\"https:\\\/\\\/secure.gravatar.com\\\/avatar\\\/4475a9b815f64182a53e96cb5d0f5f7720cc03120a202c52530424ca5902a916?s=96&d=mm&r=g\",\"contentUrl\":\"https:\\\/\\\/secure.gravatar.com\\\/avatar\\\/4475a9b815f64182a53e96cb5d0f5f7720cc03120a202c52530424ca5902a916?s=96&d=mm&r=g\",\"caption\":\"paka\"},\"url\":\"https:\\\/\\\/www.sttk.fi\\\/sv\\\/author\\\/paka\\\/\"}]}<\/script>\n<!-- \/ Yoast SEO plugin. -->","yoast_head_json":{"title":"STTK:s styrelse godk\u00e4nde pensions\u00f6verenskommelse - STTK","robots":{"index":"index","follow":"follow","max-snippet":"max-snippet:-1","max-image-preview":"max-image-preview:large","max-video-preview":"max-video-preview:-1"},"canonical":"https:\/\/www.sttk.fi\/sv\/2014\/09\/26\/sttks-styrelse-godkande-pensionsoverenskommelse\/","og_locale":"sv_SE","og_type":"article","og_title":"STTK:s styrelse godk\u00e4nde pensions\u00f6verenskommelse - STTK","og_description":"STTK:s styrelse har godk\u00e4nt uppg\u00f6relsen som n\u00e5ddes i arbetskarri\u00e4rs- och pensionsf\u00f6rhandlingarna den 25 september. \u00a0 Styrelsen \u00e4r n\u00f6jd...","og_url":"https:\/\/www.sttk.fi\/sv\/2014\/09\/26\/sttks-styrelse-godkande-pensionsoverenskommelse\/","og_site_name":"STTK","article_publisher":"https:\/\/www.facebook.com\/#%21%2fKeskusjarjestoSTTK","article_published_time":"2014-09-26T16:45:52+00:00","og_image":[{"width":1130,"height":682,"url":"https:\/\/www.sttk.fi\/wp-content\/uploads\/sites\/2\/2020\/08\/some-logo.png","type":"image\/png"}],"twitter_card":"summary_large_image","twitter_creator":"@STTKMikonkatu","twitter_site":"@STTKMikonkatu","twitter_misc":{"Written by":"paka","Est. reading time":"1 minut"},"schema":{"@context":"https:\/\/schema.org","@graph":[{"@type":"Article","@id":"https:\/\/www.sttk.fi\/sv\/2014\/09\/26\/sttks-styrelse-godkande-pensionsoverenskommelse\/#article","isPartOf":{"@id":"https:\/\/www.sttk.fi\/sv\/2014\/09\/26\/sttks-styrelse-godkande-pensionsoverenskommelse\/"},"author":{"name":"paka","@id":"https:\/\/www.sttk.fi\/#\/schema\/person\/58abb54d7b15ed34e29dc4514a5c1210"},"headline":"STTK:s styrelse godk\u00e4nde pensions\u00f6verenskommelse","datePublished":"2014-09-26T16:45:52+00:00","mainEntityOfPage":{"@id":"https:\/\/www.sttk.fi\/sv\/2014\/09\/26\/sttks-styrelse-godkande-pensionsoverenskommelse\/"},"wordCount":143,"commentCount":0,"publisher":{"@id":"https:\/\/www.sttk.fi\/#organization"},"articleSection":["Pressmeddelande"],"inLanguage":"sv-SE","potentialAction":[{"@type":"CommentAction","name":"Comment","target":["https:\/\/www.sttk.fi\/sv\/2014\/09\/26\/sttks-styrelse-godkande-pensionsoverenskommelse\/#respond"]}]},{"@type":"WebPage","@id":"https:\/\/www.sttk.fi\/sv\/2014\/09\/26\/sttks-styrelse-godkande-pensionsoverenskommelse\/","url":"https:\/\/www.sttk.fi\/sv\/2014\/09\/26\/sttks-styrelse-godkande-pensionsoverenskommelse\/","name":"STTK:s styrelse godk\u00e4nde pensions\u00f6verenskommelse - STTK","isPartOf":{"@id":"https:\/\/www.sttk.fi\/#website"},"datePublished":"2014-09-26T16:45:52+00:00","breadcrumb":{"@id":"https:\/\/www.sttk.fi\/sv\/2014\/09\/26\/sttks-styrelse-godkande-pensionsoverenskommelse\/#breadcrumb"},"inLanguage":"sv-SE","potentialAction":[{"@type":"ReadAction","target":["https:\/\/www.sttk.fi\/sv\/2014\/09\/26\/sttks-styrelse-godkande-pensionsoverenskommelse\/"]}]},{"@type":"BreadcrumbList","@id":"https:\/\/www.sttk.fi\/sv\/2014\/09\/26\/sttks-styrelse-godkande-pensionsoverenskommelse\/#breadcrumb","itemListElement":[{"@type":"ListItem","position":1,"name":"Home","item":"https:\/\/www.sttk.fi\/sv\/"},{"@type":"ListItem","position":2,"name":"STTK:s styrelse godk\u00e4nde pensions\u00f6verenskommelse"}]},{"@type":"WebSite","@id":"https:\/\/www.sttk.fi\/#website","url":"https:\/\/www.sttk.fi\/","name":"STTK","description":"","publisher":{"@id":"https:\/\/www.sttk.fi\/#organization"},"potentialAction":[{"@type":"SearchAction","target":{"@type":"EntryPoint","urlTemplate":"https:\/\/www.sttk.fi\/?s={search_term_string}"},"query-input":{"@type":"PropertyValueSpecification","valueRequired":true,"valueName":"search_term_string"}}],"inLanguage":"sv-SE"},{"@type":"Organization","@id":"https:\/\/www.sttk.fi\/#organization","name":"STTK","url":"https:\/\/www.sttk.fi\/","logo":{"@type":"ImageObject","inLanguage":"sv-SE","@id":"https:\/\/www.sttk.fi\/#\/schema\/logo\/image\/","url":"https:\/\/www.sttk.fi\/wp-content\/uploads\/sites\/2\/2025\/12\/vector3.svg","contentUrl":"https:\/\/www.sttk.fi\/wp-content\/uploads\/sites\/2\/2025\/12\/vector3.svg","caption":"STTK"},"image":{"@id":"https:\/\/www.sttk.fi\/#\/schema\/logo\/image\/"},"sameAs":["https:\/\/www.facebook.com\/#!\/KeskusjarjestoSTTK","https:\/\/x.com\/STTKMikonkatu","http:\/\/www.youtube.com\/user\/protoimihenkilot"]},{"@type":"Person","@id":"https:\/\/www.sttk.fi\/#\/schema\/person\/58abb54d7b15ed34e29dc4514a5c1210","name":"paka","image":{"@type":"ImageObject","inLanguage":"sv-SE","@id":"https:\/\/secure.gravatar.com\/avatar\/4475a9b815f64182a53e96cb5d0f5f7720cc03120a202c52530424ca5902a916?s=96&d=mm&r=g","url":"https:\/\/secure.gravatar.com\/avatar\/4475a9b815f64182a53e96cb5d0f5f7720cc03120a202c52530424ca5902a916?s=96&d=mm&r=g","contentUrl":"https:\/\/secure.gravatar.com\/avatar\/4475a9b815f64182a53e96cb5d0f5f7720cc03120a202c52530424ca5902a916?s=96&d=mm&r=g","caption":"paka"},"url":"https:\/\/www.sttk.fi\/sv\/author\/paka\/"}]}},"_links":{"self":[{"href":"https:\/\/www.sttk.fi\/sv\/wp-json\/wp\/v2\/posts\/4882","targetHints":{"allow":["GET"]}}],"collection":[{"href":"https:\/\/www.sttk.fi\/sv\/wp-json\/wp\/v2\/posts"}],"about":[{"href":"https:\/\/www.sttk.fi\/sv\/wp-json\/wp\/v2\/types\/post"}],"author":[{"embeddable":true,"href":"https:\/\/www.sttk.fi\/sv\/wp-json\/wp\/v2\/users\/3"}],"replies":[{"embeddable":true,"href":"https:\/\/www.sttk.fi\/sv\/wp-json\/wp\/v2\/comments?post=4882"}],"version-history":[{"count":1,"href":"https:\/\/www.sttk.fi\/sv\/wp-json\/wp\/v2\/posts\/4882\/revisions"}],"predecessor-version":[{"id":4883,"href":"https:\/\/www.sttk.fi\/sv\/wp-json\/wp\/v2\/posts\/4882\/revisions\/4883"}],"wp:attachment":[{"href":"https:\/\/www.sttk.fi\/sv\/wp-json\/wp\/v2\/media?parent=4882"}],"wp:term":[{"taxonomy":"category","embeddable":true,"href":"https:\/\/www.sttk.fi\/sv\/wp-json\/wp\/v2\/categories?post=4882"},{"taxonomy":"subject","embeddable":true,"href":"https:\/\/www.sttk.fi\/sv\/wp-json\/wp\/v2\/subject?post=4882"}],"curies":[{"name":"wp","href":"https:\/\/api.w.org\/{rel}","templated":true}]}}