{"id":47989,"date":"2023-10-16T15:27:23","date_gmt":"2023-10-16T12:27:23","guid":{"rendered":"https:\/\/www.sttk.fi\/?p=47989"},"modified":"2023-10-19T13:22:01","modified_gmt":"2023-10-19T10:22:01","slug":"sttk-och-medlemsforbunden-ordnar-en-demonstration-med-temat-kohtuus-kaikessa-den-18-november","status":"publish","type":"post","link":"https:\/\/www.sttk.fi\/sv\/2023\/10\/16\/sttk-och-medlemsforbunden-ordnar-en-demonstration-med-temat-kohtuus-kaikessa-den-18-november\/","title":{"rendered":"STTK och medlemsf\u00f6rbunden ordnar en demonstration den 18 november"},"content":{"rendered":"\n<p>De arbetsmarknadsreformer som regeringen f\u00f6resl\u00e5r \u00e4r orimliga f\u00f6r l\u00f6ntagarna. Om regeringsprogrammet genomf\u00f6rs, inneb\u00e4r det betydande f\u00f6rs\u00e4mringar i m\u00e5nga r\u00e4ttigheter i arbetslivet och nedsk\u00e4rningar i den sociala tryggheten f\u00f6r olika befolkningsgrupper.<\/p>\n\n\n\n<p>STTK och medlemsf\u00f6rbunden ordnar en demonstration mot dessa m\u00e5l i regeringsprogrammet p\u00e5 l\u00f6rdag den 18 november. Demonstranter fr\u00e5n olika h\u00e5ll i Finland marscherar fr\u00e5n Tallbackas f\u00e4lt vid Olympiastadion till Medborgartorget, d\u00e4r programmet inleds klockan 12.00. Demonstrationens tema \u00e4r: N\u00e5gon m\u00e5tta.<\/p>\n\n\n\n<p>STTK anser att regeringen ignorerar och l\u00e5ter bli att ta h\u00e4nsyn till budskapen fr\u00e5n l\u00f6ntagarna som blir mer och mer oroade. Regeringen f\u00f6resl\u00e5r inte heller genuina f\u00f6rhandlingar.<br>&#8211;\u00a0Just nu p\u00e5g\u00e5r en snabbare f\u00f6rs\u00e4mring av arbetslivet och tryggheten \u00e4n n\u00e5gonsin. V\u00e5ra medlemmar k\u00e4nner stor oro f\u00f6r sin v\u00e4lf\u00e4rd och sin st\u00e4llning p\u00e5 arbetsmarknaden och d\u00e4rf\u00f6r ordnas demonstrationen, s\u00e4ger ordf\u00f6randen Antti Palola.<\/p>\n\n\n\n<p>STTK bereder demonstrationen i samarbete med sina medlemsf\u00f6rbund.<br>&#8211;\u00a0Vi bjuder ocks\u00e5 in v\u00e5ra samarbetspartner att delta, dvs. alla arbetstagarorganisationer, andra medborgarorganisationer, intresseorganisationer f\u00f6r studerande, arbetsl\u00f6sa och pension\u00e4rer och alla som \u00e4r oroade f\u00f6r den inverkan som m\u00e5len i regeringsprogrammet kommer att ha p\u00e5 arbetslivet, utkomsten och tryggheten.<\/p>\n\n\n\n<p>P\u00e5 programmet p\u00e5 Medborgartorget st\u00e5r program f\u00f6r hela familjen, intervjuer med f\u00f6retr\u00e4dare f\u00f6r STTK och medlemsf\u00f6rbunden, musik och servering.<\/p>\n\n\n\n<p>Mer ing\u00e5ende information om programmet p\u00e5 Medborgartorget och kompletterande information finns p\u00e5 webbadressen\u00a0<a href=\"https:\/\/eur01.safelinks.protection.outlook.com\/?url=http:\/\/www.sttk.fi\/mielenosoitus&amp;data=05|01|taru.soininkallio@sttk.fi|722ca8e48f5746e63d7e08dbce0ca6b8|0465daf59d0b43bfb5bfb5db0a23d736|0|0|638330325946701118|Unknown|TWFpbGZsb3d8eyJWIjoiMC4wLjAwMDAiLCJQIjoiV2luMzIiLCJBTiI6Ik1haWwiLCJXVCI6Mn0=|3000|||&amp;sdata=WpLr4Qzj9r2eXWNFNsEeSfGChtnvC6RSnN6GCeX4bIs=&amp;reserved=0\">www.sttk.fi\/mielenosoitus<\/a><\/p>\n\n\n\n<p><strong>Mer information: organisationschef Juska Kivioja p. 050 581 4372<\/strong><\/p>\n\n\n\n<div class=\"wp-block-buttons is-layout-flex wp-block-buttons-is-layout-flex\">\n<div class=\"wp-block-button\"><a class=\"wp-block-button__link wp-element-button\" href=\"https:\/\/www.sttk.fi\/sv\/regeringsprogrammets-inverkan-pa-arbetstagarens-rattigheter-och-utkomst\/\" target=\"_blank\" rel=\"noreferrer noopener\">Regeringsprogrammets effekter p\u00e5 arbetstagarnas r\u00e4ttighet och utkomst<\/a><\/div>\n<\/div>\n","protected":false},"excerpt":{"rendered":"De arbetsmarknadsreformer som regeringen f\u00f6resl\u00e5r \u00e4r orimliga f\u00f6r l\u00f6ntagarna. Om regeringsprogrammet genomf\u00f6rs, inneb\u00e4r det betydande f\u00f6rs\u00e4mringar i m\u00e5nga&#8230; ","protected":false},"author":3,"featured_media":47652,"comment_status":"closed","ping_status":"closed","sticky":false,"template":"","format":"standard","meta":{"_acf_changed":false,"lead_paragraph":"","footnotes":""},"categories":[135],"subject":[],"class_list":["post-47989","post","type-post","status-publish","format-standard","has-post-thumbnail","hentry","category-pressmeddelande"],"acf":{"lead_paragraph":""},"yoast_head":"<!-- This site is optimized with the Yoast SEO plugin v27.5 - https:\/\/yoast.com\/product\/yoast-seo-wordpress\/ -->\n<title>STTK och medlemsf\u00f6rbunden ordnar en demonstration den 18 november - STTK<\/title>\n<meta name=\"description\" content=\"Om regeringsprogrammet genomf\u00f6rs, inneb\u00e4r det betydande f\u00f6rs\u00e4mringar i m\u00e5nga r\u00e4ttigheter i arbetslivet och nedsk\u00e4rningar i den sociala tryggheten f\u00f6r olika befolkningsgrupper.\" \/>\n<meta name=\"robots\" content=\"index, follow, max-snippet:-1, max-image-preview:large, max-video-preview:-1\" \/>\n<link rel=\"canonical\" href=\"https:\/\/www.sttk.fi\/sv\/2023\/10\/16\/sttk-och-medlemsforbunden-ordnar-en-demonstration-med-temat-kohtuus-kaikessa-den-18-november\/\" \/>\n<meta property=\"og:locale\" content=\"sv_SE\" \/>\n<meta property=\"og:type\" content=\"article\" \/>\n<meta property=\"og:title\" content=\"STTK och medlemsf\u00f6rbunden ordnar en demonstration den 18 november - STTK\" \/>\n<meta property=\"og:description\" content=\"Om regeringsprogrammet genomf\u00f6rs, inneb\u00e4r det betydande f\u00f6rs\u00e4mringar i m\u00e5nga r\u00e4ttigheter i arbetslivet och nedsk\u00e4rningar i den sociala tryggheten f\u00f6r olika befolkningsgrupper.\" \/>\n<meta property=\"og:url\" content=\"https:\/\/www.sttk.fi\/sv\/2023\/10\/16\/sttk-och-medlemsforbunden-ordnar-en-demonstration-med-temat-kohtuus-kaikessa-den-18-november\/\" \/>\n<meta property=\"og:site_name\" content=\"STTK\" \/>\n<meta property=\"article:publisher\" content=\"https:\/\/www.facebook.com\/#%21%2fKeskusjarjestoSTTK\" \/>\n<meta property=\"article:published_time\" content=\"2023-10-16T12:27:23+00:00\" \/>\n<meta property=\"article:modified_time\" content=\"2023-10-19T10:22:01+00:00\" \/>\n<meta property=\"og:image\" content=\"https:\/\/www.sttk.fi\/wp-content\/uploads\/sites\/2\/2023\/09\/stopilmaus.png\" \/>\n\t<meta property=\"og:image:width\" content=\"1200\" \/>\n\t<meta property=\"og:image:height\" content=\"801\" \/>\n\t<meta property=\"og:image:type\" content=\"image\/png\" \/>\n<meta name=\"twitter:card\" content=\"summary_large_image\" \/>\n<meta name=\"twitter:creator\" content=\"@STTKMikonkatu\" \/>\n<meta name=\"twitter:site\" content=\"@STTKMikonkatu\" \/>\n<meta name=\"twitter:label1\" content=\"Written by\" \/>\n\t<meta name=\"twitter:data1\" content=\"paka\" \/>\n\t<meta name=\"twitter:label2\" content=\"Est. reading time\" \/>\n\t<meta name=\"twitter:data2\" content=\"2 minuter\" \/>\n<script type=\"application\/ld+json\" class=\"yoast-schema-graph\">{\"@context\":\"https:\\\/\\\/schema.org\",\"@graph\":[{\"@type\":\"Article\",\"@id\":\"https:\\\/\\\/www.sttk.fi\\\/sv\\\/2023\\\/10\\\/16\\\/sttk-och-medlemsforbunden-ordnar-en-demonstration-med-temat-kohtuus-kaikessa-den-18-november\\\/#article\",\"isPartOf\":{\"@id\":\"https:\\\/\\\/www.sttk.fi\\\/sv\\\/2023\\\/10\\\/16\\\/sttk-och-medlemsforbunden-ordnar-en-demonstration-med-temat-kohtuus-kaikessa-den-18-november\\\/\"},\"author\":{\"name\":\"paka\",\"@id\":\"https:\\\/\\\/www.sttk.fi\\\/#\\\/schema\\\/person\\\/58abb54d7b15ed34e29dc4514a5c1210\"},\"headline\":\"STTK och medlemsf\u00f6rbunden ordnar en demonstration den 18 november\",\"datePublished\":\"2023-10-16T12:27:23+00:00\",\"dateModified\":\"2023-10-19T10:22:01+00:00\",\"mainEntityOfPage\":{\"@id\":\"https:\\\/\\\/www.sttk.fi\\\/sv\\\/2023\\\/10\\\/16\\\/sttk-och-medlemsforbunden-ordnar-en-demonstration-med-temat-kohtuus-kaikessa-den-18-november\\\/\"},\"wordCount\":294,\"publisher\":{\"@id\":\"https:\\\/\\\/www.sttk.fi\\\/#organization\"},\"image\":{\"@id\":\"https:\\\/\\\/www.sttk.fi\\\/sv\\\/2023\\\/10\\\/16\\\/sttk-och-medlemsforbunden-ordnar-en-demonstration-med-temat-kohtuus-kaikessa-den-18-november\\\/#primaryimage\"},\"thumbnailUrl\":\"https:\\\/\\\/www.sttk.fi\\\/wp-content\\\/uploads\\\/sites\\\/2\\\/2023\\\/09\\\/stopilmaus.png\",\"articleSection\":[\"Pressmeddelande\"],\"inLanguage\":\"sv-SE\"},{\"@type\":\"WebPage\",\"@id\":\"https:\\\/\\\/www.sttk.fi\\\/sv\\\/2023\\\/10\\\/16\\\/sttk-och-medlemsforbunden-ordnar-en-demonstration-med-temat-kohtuus-kaikessa-den-18-november\\\/\",\"url\":\"https:\\\/\\\/www.sttk.fi\\\/sv\\\/2023\\\/10\\\/16\\\/sttk-och-medlemsforbunden-ordnar-en-demonstration-med-temat-kohtuus-kaikessa-den-18-november\\\/\",\"name\":\"STTK och medlemsf\u00f6rbunden ordnar en demonstration den 18 november - STTK\",\"isPartOf\":{\"@id\":\"https:\\\/\\\/www.sttk.fi\\\/#website\"},\"primaryImageOfPage\":{\"@id\":\"https:\\\/\\\/www.sttk.fi\\\/sv\\\/2023\\\/10\\\/16\\\/sttk-och-medlemsforbunden-ordnar-en-demonstration-med-temat-kohtuus-kaikessa-den-18-november\\\/#primaryimage\"},\"image\":{\"@id\":\"https:\\\/\\\/www.sttk.fi\\\/sv\\\/2023\\\/10\\\/16\\\/sttk-och-medlemsforbunden-ordnar-en-demonstration-med-temat-kohtuus-kaikessa-den-18-november\\\/#primaryimage\"},\"thumbnailUrl\":\"https:\\\/\\\/www.sttk.fi\\\/wp-content\\\/uploads\\\/sites\\\/2\\\/2023\\\/09\\\/stopilmaus.png\",\"datePublished\":\"2023-10-16T12:27:23+00:00\",\"dateModified\":\"2023-10-19T10:22:01+00:00\",\"description\":\"Om regeringsprogrammet genomf\u00f6rs, inneb\u00e4r det betydande f\u00f6rs\u00e4mringar i m\u00e5nga r\u00e4ttigheter i arbetslivet och nedsk\u00e4rningar i den sociala tryggheten f\u00f6r olika befolkningsgrupper.\",\"breadcrumb\":{\"@id\":\"https:\\\/\\\/www.sttk.fi\\\/sv\\\/2023\\\/10\\\/16\\\/sttk-och-medlemsforbunden-ordnar-en-demonstration-med-temat-kohtuus-kaikessa-den-18-november\\\/#breadcrumb\"},\"inLanguage\":\"sv-SE\",\"potentialAction\":[{\"@type\":\"ReadAction\",\"target\":[\"https:\\\/\\\/www.sttk.fi\\\/sv\\\/2023\\\/10\\\/16\\\/sttk-och-medlemsforbunden-ordnar-en-demonstration-med-temat-kohtuus-kaikessa-den-18-november\\\/\"]}]},{\"@type\":\"ImageObject\",\"inLanguage\":\"sv-SE\",\"@id\":\"https:\\\/\\\/www.sttk.fi\\\/sv\\\/2023\\\/10\\\/16\\\/sttk-och-medlemsforbunden-ordnar-en-demonstration-med-temat-kohtuus-kaikessa-den-18-november\\\/#primaryimage\",\"url\":\"https:\\\/\\\/www.sttk.fi\\\/wp-content\\\/uploads\\\/sites\\\/2\\\/2023\\\/09\\\/stopilmaus.png\",\"contentUrl\":\"https:\\\/\\\/www.sttk.fi\\\/wp-content\\\/uploads\\\/sites\\\/2\\\/2023\\\/09\\\/stopilmaus.png\",\"width\":1200,\"height\":801},{\"@type\":\"BreadcrumbList\",\"@id\":\"https:\\\/\\\/www.sttk.fi\\\/sv\\\/2023\\\/10\\\/16\\\/sttk-och-medlemsforbunden-ordnar-en-demonstration-med-temat-kohtuus-kaikessa-den-18-november\\\/#breadcrumb\",\"itemListElement\":[{\"@type\":\"ListItem\",\"position\":1,\"name\":\"Home\",\"item\":\"https:\\\/\\\/www.sttk.fi\\\/sv\\\/\"},{\"@type\":\"ListItem\",\"position\":2,\"name\":\"STTK och medlemsf\u00f6rbunden ordnar en demonstration den 18 november\"}]},{\"@type\":\"WebSite\",\"@id\":\"https:\\\/\\\/www.sttk.fi\\\/#website\",\"url\":\"https:\\\/\\\/www.sttk.fi\\\/\",\"name\":\"STTK\",\"description\":\"\",\"publisher\":{\"@id\":\"https:\\\/\\\/www.sttk.fi\\\/#organization\"},\"potentialAction\":[{\"@type\":\"SearchAction\",\"target\":{\"@type\":\"EntryPoint\",\"urlTemplate\":\"https:\\\/\\\/www.sttk.fi\\\/?s={search_term_string}\"},\"query-input\":{\"@type\":\"PropertyValueSpecification\",\"valueRequired\":true,\"valueName\":\"search_term_string\"}}],\"inLanguage\":\"sv-SE\"},{\"@type\":\"Organization\",\"@id\":\"https:\\\/\\\/www.sttk.fi\\\/#organization\",\"name\":\"STTK\",\"url\":\"https:\\\/\\\/www.sttk.fi\\\/\",\"logo\":{\"@type\":\"ImageObject\",\"inLanguage\":\"sv-SE\",\"@id\":\"https:\\\/\\\/www.sttk.fi\\\/#\\\/schema\\\/logo\\\/image\\\/\",\"url\":\"https:\\\/\\\/www.sttk.fi\\\/wp-content\\\/uploads\\\/sites\\\/2\\\/2025\\\/12\\\/vector3.svg\",\"contentUrl\":\"https:\\\/\\\/www.sttk.fi\\\/wp-content\\\/uploads\\\/sites\\\/2\\\/2025\\\/12\\\/vector3.svg\",\"caption\":\"STTK\"},\"image\":{\"@id\":\"https:\\\/\\\/www.sttk.fi\\\/#\\\/schema\\\/logo\\\/image\\\/\"},\"sameAs\":[\"https:\\\/\\\/www.facebook.com\\\/#!\\\/KeskusjarjestoSTTK\",\"https:\\\/\\\/x.com\\\/STTKMikonkatu\",\"http:\\\/\\\/www.youtube.com\\\/user\\\/protoimihenkilot\"]},{\"@type\":\"Person\",\"@id\":\"https:\\\/\\\/www.sttk.fi\\\/#\\\/schema\\\/person\\\/58abb54d7b15ed34e29dc4514a5c1210\",\"name\":\"paka\",\"image\":{\"@type\":\"ImageObject\",\"inLanguage\":\"sv-SE\",\"@id\":\"https:\\\/\\\/secure.gravatar.com\\\/avatar\\\/4475a9b815f64182a53e96cb5d0f5f7720cc03120a202c52530424ca5902a916?s=96&d=mm&r=g\",\"url\":\"https:\\\/\\\/secure.gravatar.com\\\/avatar\\\/4475a9b815f64182a53e96cb5d0f5f7720cc03120a202c52530424ca5902a916?s=96&d=mm&r=g\",\"contentUrl\":\"https:\\\/\\\/secure.gravatar.com\\\/avatar\\\/4475a9b815f64182a53e96cb5d0f5f7720cc03120a202c52530424ca5902a916?s=96&d=mm&r=g\",\"caption\":\"paka\"},\"url\":\"https:\\\/\\\/www.sttk.fi\\\/sv\\\/author\\\/paka\\\/\"}]}<\/script>\n<!-- \/ Yoast SEO plugin. -->","yoast_head_json":{"title":"STTK och medlemsf\u00f6rbunden ordnar en demonstration den 18 november - STTK","description":"Om regeringsprogrammet genomf\u00f6rs, inneb\u00e4r det betydande f\u00f6rs\u00e4mringar i m\u00e5nga r\u00e4ttigheter i arbetslivet och nedsk\u00e4rningar i den sociala tryggheten f\u00f6r olika befolkningsgrupper.","robots":{"index":"index","follow":"follow","max-snippet":"max-snippet:-1","max-image-preview":"max-image-preview:large","max-video-preview":"max-video-preview:-1"},"canonical":"https:\/\/www.sttk.fi\/sv\/2023\/10\/16\/sttk-och-medlemsforbunden-ordnar-en-demonstration-med-temat-kohtuus-kaikessa-den-18-november\/","og_locale":"sv_SE","og_type":"article","og_title":"STTK och medlemsf\u00f6rbunden ordnar en demonstration den 18 november - STTK","og_description":"Om regeringsprogrammet genomf\u00f6rs, inneb\u00e4r det betydande f\u00f6rs\u00e4mringar i m\u00e5nga r\u00e4ttigheter i arbetslivet och nedsk\u00e4rningar i den sociala tryggheten f\u00f6r olika befolkningsgrupper.","og_url":"https:\/\/www.sttk.fi\/sv\/2023\/10\/16\/sttk-och-medlemsforbunden-ordnar-en-demonstration-med-temat-kohtuus-kaikessa-den-18-november\/","og_site_name":"STTK","article_publisher":"https:\/\/www.facebook.com\/#%21%2fKeskusjarjestoSTTK","article_published_time":"2023-10-16T12:27:23+00:00","article_modified_time":"2023-10-19T10:22:01+00:00","og_image":[{"width":1200,"height":801,"url":"https:\/\/www.sttk.fi\/wp-content\/uploads\/sites\/2\/2023\/09\/stopilmaus.png","type":"image\/png"}],"twitter_card":"summary_large_image","twitter_creator":"@STTKMikonkatu","twitter_site":"@STTKMikonkatu","twitter_misc":{"Written by":"paka","Est. reading time":"2 minuter"},"schema":{"@context":"https:\/\/schema.org","@graph":[{"@type":"Article","@id":"https:\/\/www.sttk.fi\/sv\/2023\/10\/16\/sttk-och-medlemsforbunden-ordnar-en-demonstration-med-temat-kohtuus-kaikessa-den-18-november\/#article","isPartOf":{"@id":"https:\/\/www.sttk.fi\/sv\/2023\/10\/16\/sttk-och-medlemsforbunden-ordnar-en-demonstration-med-temat-kohtuus-kaikessa-den-18-november\/"},"author":{"name":"paka","@id":"https:\/\/www.sttk.fi\/#\/schema\/person\/58abb54d7b15ed34e29dc4514a5c1210"},"headline":"STTK och medlemsf\u00f6rbunden ordnar en demonstration den 18 november","datePublished":"2023-10-16T12:27:23+00:00","dateModified":"2023-10-19T10:22:01+00:00","mainEntityOfPage":{"@id":"https:\/\/www.sttk.fi\/sv\/2023\/10\/16\/sttk-och-medlemsforbunden-ordnar-en-demonstration-med-temat-kohtuus-kaikessa-den-18-november\/"},"wordCount":294,"publisher":{"@id":"https:\/\/www.sttk.fi\/#organization"},"image":{"@id":"https:\/\/www.sttk.fi\/sv\/2023\/10\/16\/sttk-och-medlemsforbunden-ordnar-en-demonstration-med-temat-kohtuus-kaikessa-den-18-november\/#primaryimage"},"thumbnailUrl":"https:\/\/www.sttk.fi\/wp-content\/uploads\/sites\/2\/2023\/09\/stopilmaus.png","articleSection":["Pressmeddelande"],"inLanguage":"sv-SE"},{"@type":"WebPage","@id":"https:\/\/www.sttk.fi\/sv\/2023\/10\/16\/sttk-och-medlemsforbunden-ordnar-en-demonstration-med-temat-kohtuus-kaikessa-den-18-november\/","url":"https:\/\/www.sttk.fi\/sv\/2023\/10\/16\/sttk-och-medlemsforbunden-ordnar-en-demonstration-med-temat-kohtuus-kaikessa-den-18-november\/","name":"STTK och medlemsf\u00f6rbunden ordnar en demonstration den 18 november - STTK","isPartOf":{"@id":"https:\/\/www.sttk.fi\/#website"},"primaryImageOfPage":{"@id":"https:\/\/www.sttk.fi\/sv\/2023\/10\/16\/sttk-och-medlemsforbunden-ordnar-en-demonstration-med-temat-kohtuus-kaikessa-den-18-november\/#primaryimage"},"image":{"@id":"https:\/\/www.sttk.fi\/sv\/2023\/10\/16\/sttk-och-medlemsforbunden-ordnar-en-demonstration-med-temat-kohtuus-kaikessa-den-18-november\/#primaryimage"},"thumbnailUrl":"https:\/\/www.sttk.fi\/wp-content\/uploads\/sites\/2\/2023\/09\/stopilmaus.png","datePublished":"2023-10-16T12:27:23+00:00","dateModified":"2023-10-19T10:22:01+00:00","description":"Om regeringsprogrammet genomf\u00f6rs, inneb\u00e4r det betydande f\u00f6rs\u00e4mringar i m\u00e5nga r\u00e4ttigheter i arbetslivet och nedsk\u00e4rningar i den sociala tryggheten f\u00f6r olika befolkningsgrupper.","breadcrumb":{"@id":"https:\/\/www.sttk.fi\/sv\/2023\/10\/16\/sttk-och-medlemsforbunden-ordnar-en-demonstration-med-temat-kohtuus-kaikessa-den-18-november\/#breadcrumb"},"inLanguage":"sv-SE","potentialAction":[{"@type":"ReadAction","target":["https:\/\/www.sttk.fi\/sv\/2023\/10\/16\/sttk-och-medlemsforbunden-ordnar-en-demonstration-med-temat-kohtuus-kaikessa-den-18-november\/"]}]},{"@type":"ImageObject","inLanguage":"sv-SE","@id":"https:\/\/www.sttk.fi\/sv\/2023\/10\/16\/sttk-och-medlemsforbunden-ordnar-en-demonstration-med-temat-kohtuus-kaikessa-den-18-november\/#primaryimage","url":"https:\/\/www.sttk.fi\/wp-content\/uploads\/sites\/2\/2023\/09\/stopilmaus.png","contentUrl":"https:\/\/www.sttk.fi\/wp-content\/uploads\/sites\/2\/2023\/09\/stopilmaus.png","width":1200,"height":801},{"@type":"BreadcrumbList","@id":"https:\/\/www.sttk.fi\/sv\/2023\/10\/16\/sttk-och-medlemsforbunden-ordnar-en-demonstration-med-temat-kohtuus-kaikessa-den-18-november\/#breadcrumb","itemListElement":[{"@type":"ListItem","position":1,"name":"Home","item":"https:\/\/www.sttk.fi\/sv\/"},{"@type":"ListItem","position":2,"name":"STTK och medlemsf\u00f6rbunden ordnar en demonstration den 18 november"}]},{"@type":"WebSite","@id":"https:\/\/www.sttk.fi\/#website","url":"https:\/\/www.sttk.fi\/","name":"STTK","description":"","publisher":{"@id":"https:\/\/www.sttk.fi\/#organization"},"potentialAction":[{"@type":"SearchAction","target":{"@type":"EntryPoint","urlTemplate":"https:\/\/www.sttk.fi\/?s={search_term_string}"},"query-input":{"@type":"PropertyValueSpecification","valueRequired":true,"valueName":"search_term_string"}}],"inLanguage":"sv-SE"},{"@type":"Organization","@id":"https:\/\/www.sttk.fi\/#organization","name":"STTK","url":"https:\/\/www.sttk.fi\/","logo":{"@type":"ImageObject","inLanguage":"sv-SE","@id":"https:\/\/www.sttk.fi\/#\/schema\/logo\/image\/","url":"https:\/\/www.sttk.fi\/wp-content\/uploads\/sites\/2\/2025\/12\/vector3.svg","contentUrl":"https:\/\/www.sttk.fi\/wp-content\/uploads\/sites\/2\/2025\/12\/vector3.svg","caption":"STTK"},"image":{"@id":"https:\/\/www.sttk.fi\/#\/schema\/logo\/image\/"},"sameAs":["https:\/\/www.facebook.com\/#!\/KeskusjarjestoSTTK","https:\/\/x.com\/STTKMikonkatu","http:\/\/www.youtube.com\/user\/protoimihenkilot"]},{"@type":"Person","@id":"https:\/\/www.sttk.fi\/#\/schema\/person\/58abb54d7b15ed34e29dc4514a5c1210","name":"paka","image":{"@type":"ImageObject","inLanguage":"sv-SE","@id":"https:\/\/secure.gravatar.com\/avatar\/4475a9b815f64182a53e96cb5d0f5f7720cc03120a202c52530424ca5902a916?s=96&d=mm&r=g","url":"https:\/\/secure.gravatar.com\/avatar\/4475a9b815f64182a53e96cb5d0f5f7720cc03120a202c52530424ca5902a916?s=96&d=mm&r=g","contentUrl":"https:\/\/secure.gravatar.com\/avatar\/4475a9b815f64182a53e96cb5d0f5f7720cc03120a202c52530424ca5902a916?s=96&d=mm&r=g","caption":"paka"},"url":"https:\/\/www.sttk.fi\/sv\/author\/paka\/"}]}},"_links":{"self":[{"href":"https:\/\/www.sttk.fi\/sv\/wp-json\/wp\/v2\/posts\/47989","targetHints":{"allow":["GET"]}}],"collection":[{"href":"https:\/\/www.sttk.fi\/sv\/wp-json\/wp\/v2\/posts"}],"about":[{"href":"https:\/\/www.sttk.fi\/sv\/wp-json\/wp\/v2\/types\/post"}],"author":[{"embeddable":true,"href":"https:\/\/www.sttk.fi\/sv\/wp-json\/wp\/v2\/users\/3"}],"replies":[{"embeddable":true,"href":"https:\/\/www.sttk.fi\/sv\/wp-json\/wp\/v2\/comments?post=47989"}],"version-history":[{"count":5,"href":"https:\/\/www.sttk.fi\/sv\/wp-json\/wp\/v2\/posts\/47989\/revisions"}],"predecessor-version":[{"id":48030,"href":"https:\/\/www.sttk.fi\/sv\/wp-json\/wp\/v2\/posts\/47989\/revisions\/48030"}],"wp:featuredmedia":[{"embeddable":true,"href":"https:\/\/www.sttk.fi\/sv\/wp-json\/wp\/v2\/media\/47652"}],"wp:attachment":[{"href":"https:\/\/www.sttk.fi\/sv\/wp-json\/wp\/v2\/media?parent=47989"}],"wp:term":[{"taxonomy":"category","embeddable":true,"href":"https:\/\/www.sttk.fi\/sv\/wp-json\/wp\/v2\/categories?post=47989"},{"taxonomy":"subject","embeddable":true,"href":"https:\/\/www.sttk.fi\/sv\/wp-json\/wp\/v2\/subject?post=47989"}],"curies":[{"name":"wp","href":"https:\/\/api.w.org\/{rel}","templated":true}]}}