{"id":47591,"date":"2023-09-19T13:45:54","date_gmt":"2023-09-19T10:45:54","guid":{"rendered":"https:\/\/www.sttk.fi\/?p=47591"},"modified":"2023-09-19T13:47:13","modified_gmt":"2023-09-19T10:47:13","slug":"sttk-regeringsprogrammet-ar-ett-jargongprogram","status":"publish","type":"post","link":"https:\/\/www.sttk.fi\/sv\/2023\/09\/19\/sttk-regeringsprogrammet-ar-ett-jargongprogram\/","title":{"rendered":"STTK: Regeringsprogrammet \u00e4r ett jargongprogram"},"content":{"rendered":"\n<p>STTK:s styrelse litar inte l\u00e4ngre p\u00e5 att det trepartsarbete som anknyter till regeringsprogrammet kommer att beredas p\u00e5 ett genuint s\u00e4tt. \u00c4ven regeringens ekonomipolitiska l\u00f6ften g\u00e5r upp i r\u00f6k.<br>\u2013 I \u201dutvecklingen\u201d av arbets- och socialskyddet \u00e4r det helt och h\u00e5llet fr\u00e5ga om att f\u00f6rs\u00e4mra arbetsvillkoren och r\u00e4tten till arbetsstrid samt skyddet f\u00f6r de mest utsatta p\u00e5 arbetsmarknaden och arbetsl\u00f6sa. N\u00e4r man f\u00f6re valet betonade en stark statsekonomi och en minskning av skulds\u00e4ttningen h\u00e5ller regeringen i sin f\u00f6rsta budgetmangling p\u00e5 att kvitta tio miljarder extra skulder och minska beskattningen av v\u00e4lb\u00e4rgade bland annat genom att s\u00e4lja statens egendom. Regeringsprogrammet \u00e4r ett jargongprogram, och v\u00e4ljarna har blivit vilseledda, s\u00e4ger ordf\u00f6rande <strong>Antti Palola<\/strong>.<\/p>\n\n\n\n<p>Regeringens m\u00e5l tycks vara att rasera det nuvarande arbetsmarknadssystemet i Finland s\u00e5 att fackf\u00f6reningarna f\u00f6rlorar sin f\u00f6rm\u00e5ga att f\u00f6rhandla om arbetsvillkoren.<br>\u2013 Regeringen s\u00e4ger att den vill utveckla den finl\u00e4ndska arbetsmarknaden i riktning mot de nordiska l\u00e4nderna. I sj\u00e4lva verket har arbetslivsskrivningarna i regeringsprogrammet ingenting att g\u00f6ra med den s\u00e5 kallade nordiska modellen, utan man har valt de finl\u00e4ndska arbetsgivarnas och f\u00f6retagarnas prioriteringar utan att ge arbetstagarna n\u00e5gonting i geng\u00e4ld. Regeringens nordiska ber\u00e4ttelse \u00e4r en skr\u00f6na, s\u00e4ger Palola.<\/p>\n\n\n\n<p>STTK sv\u00e4ljer inte regeringsprogrammets m\u00e5l.<br>\u2013 Vi g\u00e5r inte med p\u00e5 att begr\u00e4nsa r\u00e4tten till arbetsstrid i arbetslivet \u2013 f\u00f6r att inte tala om att g\u00f6ra m\u00e4nniskor personligt ansvariga f\u00f6r strejker. De olagliga arbetskonflikter som arbetsgivarna oroar sig f\u00f6r \u00e4r inte ett verkligt problem i Finland.<\/p>\n\n\n\n<p>Skrivningen om en exportdriven arbetsmarknadsmodell i regeringsprogrammet har misslyckats.<br>\u2013 Det \u00e4r om\u00f6jligt att n\u00e5 regeringens m\u00e5l om att binda de maximala l\u00f6nep\u00e5slagen med l\u00f6nef\u00f6rh\u00f6jningar inom exportsektorn. F\u00f6r\u00e4ndringen skulle inkr\u00e4kta p\u00e5 fackf\u00f6reningarnas fria f\u00f6rhandlingsr\u00e4tt och cementera l\u00f6neoj\u00e4mlikheten mellan kvinnor och m\u00e4n.<\/p>\n\n\n\n<p>Arbetsministern har meddelat att han kommer att bjuda in arbetsmarknadsorganisationerna och andra akt\u00f6rer till ett gemensamt seminarium i november. Tidpunkten \u00e4r \u00e4n s\u00e5 l\u00e4nge \u00f6ppen.<br>\u2013 Det \u00e4r bra att ministern vill st\u00e4rka dialogen mellan arbetsmarknadsparterna. Detta har dock inte skapat n\u00e5gra f\u00f6rv\u00e4ntningar p\u00e5 l\u00f6ntagarsidan om att man verkligen skulle lyssna p\u00e5 fackf\u00f6reningsr\u00f6relsen. Det konstaterades ocks\u00e5 vid m\u00f6tet f\u00f6r ledningen f\u00f6r arbetstagarcentralorganisationerna och deras arbetsutskottsf\u00f6rbund f\u00f6r en vecka sedan.<\/p>\n\n\n\n<p>Mer information p\u00e5 STTK: Antti Palola, telefon 040 509 6030.<\/p>\n\n\n\n<div class=\"wp-block-buttons is-layout-flex wp-block-buttons-is-layout-flex\">\n<div class=\"wp-block-button\"><a class=\"wp-block-button__link wp-element-button\" href=\"https:\/\/www.sttk.fi\/sv\/regeringsprogrammets-inverkan-pa-arbetstagarens-rattigheter-och-utkomst\/\">Se regeringsprogrammets inverkan p\u00e5 arbetstagarens r\u00e4ttigheter och utkomst.<\/a><\/div>\n<\/div>\n","protected":false},"excerpt":{"rendered":"STTK:s styrelse litar inte l\u00e4ngre p\u00e5 att det trepartsarbete som anknyter till regeringsprogrammet kommer att beredas p\u00e5 ett&#8230; ","protected":false},"author":3,"featured_media":47373,"comment_status":"closed","ping_status":"closed","sticky":false,"template":"","format":"standard","meta":{"_acf_changed":false,"lead_paragraph":"","footnotes":""},"categories":[135],"subject":[212,194],"class_list":["post-47591","post","type-post","status-publish","format-standard","has-post-thumbnail","hentry","category-pressmeddelande","subject-arbetsliv","subject-arbetsmarknadsorganisationer"],"acf":{"lead_paragraph":""},"yoast_head":"<!-- This site is optimized with the Yoast SEO plugin v27.5 - https:\/\/yoast.com\/product\/yoast-seo-wordpress\/ -->\n<title>STTK: Regeringsprogrammet \u00e4r ett jargongprogram - STTK<\/title>\n<meta name=\"description\" content=\"STTK:s styrelse litar inte l\u00e4ngre p\u00e5 att det trepartsarbete som anknyter till regeringsprogrammet kommer att beredas p\u00e5 ett genuint s\u00e4tt.\" \/>\n<meta name=\"robots\" content=\"index, follow, max-snippet:-1, max-image-preview:large, max-video-preview:-1\" \/>\n<link rel=\"canonical\" href=\"https:\/\/www.sttk.fi\/sv\/2023\/09\/19\/sttk-regeringsprogrammet-ar-ett-jargongprogram\/\" \/>\n<meta property=\"og:locale\" content=\"sv_SE\" \/>\n<meta property=\"og:type\" content=\"article\" \/>\n<meta property=\"og:title\" content=\"STTK: Regeringsprogrammet \u00e4r ett jargongprogram - STTK\" \/>\n<meta property=\"og:description\" content=\"STTK:s styrelse litar inte l\u00e4ngre p\u00e5 att det trepartsarbete som anknyter till regeringsprogrammet kommer att beredas p\u00e5 ett genuint s\u00e4tt.\" \/>\n<meta property=\"og:url\" content=\"https:\/\/www.sttk.fi\/sv\/2023\/09\/19\/sttk-regeringsprogrammet-ar-ett-jargongprogram\/\" \/>\n<meta property=\"og:site_name\" content=\"STTK\" \/>\n<meta property=\"article:publisher\" content=\"https:\/\/www.facebook.com\/#%21%2fKeskusjarjestoSTTK\" \/>\n<meta property=\"article:published_time\" content=\"2023-09-19T10:45:54+00:00\" \/>\n<meta property=\"article:modified_time\" content=\"2023-09-19T10:47:13+00:00\" \/>\n<meta property=\"og:image\" content=\"https:\/\/www.sttk.fi\/wp-content\/uploads\/sites\/2\/2023\/09\/anttipalola-2.jpeg\" \/>\n\t<meta property=\"og:image:width\" content=\"3000\" \/>\n\t<meta property=\"og:image:height\" content=\"2000\" \/>\n\t<meta property=\"og:image:type\" content=\"image\/jpeg\" \/>\n<meta name=\"twitter:card\" content=\"summary_large_image\" \/>\n<meta name=\"twitter:creator\" content=\"@STTKMikonkatu\" \/>\n<meta name=\"twitter:site\" content=\"@STTKMikonkatu\" \/>\n<meta name=\"twitter:label1\" content=\"Written by\" \/>\n\t<meta name=\"twitter:data1\" content=\"paka\" \/>\n\t<meta name=\"twitter:label2\" content=\"Est. reading time\" \/>\n\t<meta name=\"twitter:data2\" content=\"3 minuter\" \/>\n<script type=\"application\/ld+json\" class=\"yoast-schema-graph\">{\"@context\":\"https:\\\/\\\/schema.org\",\"@graph\":[{\"@type\":\"Article\",\"@id\":\"https:\\\/\\\/www.sttk.fi\\\/sv\\\/2023\\\/09\\\/19\\\/sttk-regeringsprogrammet-ar-ett-jargongprogram\\\/#article\",\"isPartOf\":{\"@id\":\"https:\\\/\\\/www.sttk.fi\\\/sv\\\/2023\\\/09\\\/19\\\/sttk-regeringsprogrammet-ar-ett-jargongprogram\\\/\"},\"author\":{\"name\":\"paka\",\"@id\":\"https:\\\/\\\/www.sttk.fi\\\/#\\\/schema\\\/person\\\/58abb54d7b15ed34e29dc4514a5c1210\"},\"headline\":\"STTK: Regeringsprogrammet \u00e4r ett jargongprogram\",\"datePublished\":\"2023-09-19T10:45:54+00:00\",\"dateModified\":\"2023-09-19T10:47:13+00:00\",\"mainEntityOfPage\":{\"@id\":\"https:\\\/\\\/www.sttk.fi\\\/sv\\\/2023\\\/09\\\/19\\\/sttk-regeringsprogrammet-ar-ett-jargongprogram\\\/\"},\"wordCount\":441,\"publisher\":{\"@id\":\"https:\\\/\\\/www.sttk.fi\\\/#organization\"},\"image\":{\"@id\":\"https:\\\/\\\/www.sttk.fi\\\/sv\\\/2023\\\/09\\\/19\\\/sttk-regeringsprogrammet-ar-ett-jargongprogram\\\/#primaryimage\"},\"thumbnailUrl\":\"https:\\\/\\\/www.sttk.fi\\\/wp-content\\\/uploads\\\/sites\\\/2\\\/2023\\\/09\\\/anttipalola-2.jpeg\",\"articleSection\":[\"Pressmeddelande\"],\"inLanguage\":\"sv-SE\"},{\"@type\":\"WebPage\",\"@id\":\"https:\\\/\\\/www.sttk.fi\\\/sv\\\/2023\\\/09\\\/19\\\/sttk-regeringsprogrammet-ar-ett-jargongprogram\\\/\",\"url\":\"https:\\\/\\\/www.sttk.fi\\\/sv\\\/2023\\\/09\\\/19\\\/sttk-regeringsprogrammet-ar-ett-jargongprogram\\\/\",\"name\":\"STTK: Regeringsprogrammet \u00e4r ett jargongprogram - STTK\",\"isPartOf\":{\"@id\":\"https:\\\/\\\/www.sttk.fi\\\/#website\"},\"primaryImageOfPage\":{\"@id\":\"https:\\\/\\\/www.sttk.fi\\\/sv\\\/2023\\\/09\\\/19\\\/sttk-regeringsprogrammet-ar-ett-jargongprogram\\\/#primaryimage\"},\"image\":{\"@id\":\"https:\\\/\\\/www.sttk.fi\\\/sv\\\/2023\\\/09\\\/19\\\/sttk-regeringsprogrammet-ar-ett-jargongprogram\\\/#primaryimage\"},\"thumbnailUrl\":\"https:\\\/\\\/www.sttk.fi\\\/wp-content\\\/uploads\\\/sites\\\/2\\\/2023\\\/09\\\/anttipalola-2.jpeg\",\"datePublished\":\"2023-09-19T10:45:54+00:00\",\"dateModified\":\"2023-09-19T10:47:13+00:00\",\"description\":\"STTK:s styrelse litar inte l\u00e4ngre p\u00e5 att det trepartsarbete som anknyter till regeringsprogrammet kommer att beredas p\u00e5 ett genuint s\u00e4tt.\",\"breadcrumb\":{\"@id\":\"https:\\\/\\\/www.sttk.fi\\\/sv\\\/2023\\\/09\\\/19\\\/sttk-regeringsprogrammet-ar-ett-jargongprogram\\\/#breadcrumb\"},\"inLanguage\":\"sv-SE\",\"potentialAction\":[{\"@type\":\"ReadAction\",\"target\":[\"https:\\\/\\\/www.sttk.fi\\\/sv\\\/2023\\\/09\\\/19\\\/sttk-regeringsprogrammet-ar-ett-jargongprogram\\\/\"]}]},{\"@type\":\"ImageObject\",\"inLanguage\":\"sv-SE\",\"@id\":\"https:\\\/\\\/www.sttk.fi\\\/sv\\\/2023\\\/09\\\/19\\\/sttk-regeringsprogrammet-ar-ett-jargongprogram\\\/#primaryimage\",\"url\":\"https:\\\/\\\/www.sttk.fi\\\/wp-content\\\/uploads\\\/sites\\\/2\\\/2023\\\/09\\\/anttipalola-2.jpeg\",\"contentUrl\":\"https:\\\/\\\/www.sttk.fi\\\/wp-content\\\/uploads\\\/sites\\\/2\\\/2023\\\/09\\\/anttipalola-2.jpeg\",\"width\":3000,\"height\":2000},{\"@type\":\"BreadcrumbList\",\"@id\":\"https:\\\/\\\/www.sttk.fi\\\/sv\\\/2023\\\/09\\\/19\\\/sttk-regeringsprogrammet-ar-ett-jargongprogram\\\/#breadcrumb\",\"itemListElement\":[{\"@type\":\"ListItem\",\"position\":1,\"name\":\"Home\",\"item\":\"https:\\\/\\\/www.sttk.fi\\\/sv\\\/\"},{\"@type\":\"ListItem\",\"position\":2,\"name\":\"STTK: Regeringsprogrammet \u00e4r ett jargongprogram\"}]},{\"@type\":\"WebSite\",\"@id\":\"https:\\\/\\\/www.sttk.fi\\\/#website\",\"url\":\"https:\\\/\\\/www.sttk.fi\\\/\",\"name\":\"STTK\",\"description\":\"\",\"publisher\":{\"@id\":\"https:\\\/\\\/www.sttk.fi\\\/#organization\"},\"potentialAction\":[{\"@type\":\"SearchAction\",\"target\":{\"@type\":\"EntryPoint\",\"urlTemplate\":\"https:\\\/\\\/www.sttk.fi\\\/?s={search_term_string}\"},\"query-input\":{\"@type\":\"PropertyValueSpecification\",\"valueRequired\":true,\"valueName\":\"search_term_string\"}}],\"inLanguage\":\"sv-SE\"},{\"@type\":\"Organization\",\"@id\":\"https:\\\/\\\/www.sttk.fi\\\/#organization\",\"name\":\"STTK\",\"url\":\"https:\\\/\\\/www.sttk.fi\\\/\",\"logo\":{\"@type\":\"ImageObject\",\"inLanguage\":\"sv-SE\",\"@id\":\"https:\\\/\\\/www.sttk.fi\\\/#\\\/schema\\\/logo\\\/image\\\/\",\"url\":\"https:\\\/\\\/www.sttk.fi\\\/wp-content\\\/uploads\\\/sites\\\/2\\\/2025\\\/12\\\/vector3.svg\",\"contentUrl\":\"https:\\\/\\\/www.sttk.fi\\\/wp-content\\\/uploads\\\/sites\\\/2\\\/2025\\\/12\\\/vector3.svg\",\"caption\":\"STTK\"},\"image\":{\"@id\":\"https:\\\/\\\/www.sttk.fi\\\/#\\\/schema\\\/logo\\\/image\\\/\"},\"sameAs\":[\"https:\\\/\\\/www.facebook.com\\\/#!\\\/KeskusjarjestoSTTK\",\"https:\\\/\\\/x.com\\\/STTKMikonkatu\",\"http:\\\/\\\/www.youtube.com\\\/user\\\/protoimihenkilot\"]},{\"@type\":\"Person\",\"@id\":\"https:\\\/\\\/www.sttk.fi\\\/#\\\/schema\\\/person\\\/58abb54d7b15ed34e29dc4514a5c1210\",\"name\":\"paka\",\"image\":{\"@type\":\"ImageObject\",\"inLanguage\":\"sv-SE\",\"@id\":\"https:\\\/\\\/secure.gravatar.com\\\/avatar\\\/4475a9b815f64182a53e96cb5d0f5f7720cc03120a202c52530424ca5902a916?s=96&d=mm&r=g\",\"url\":\"https:\\\/\\\/secure.gravatar.com\\\/avatar\\\/4475a9b815f64182a53e96cb5d0f5f7720cc03120a202c52530424ca5902a916?s=96&d=mm&r=g\",\"contentUrl\":\"https:\\\/\\\/secure.gravatar.com\\\/avatar\\\/4475a9b815f64182a53e96cb5d0f5f7720cc03120a202c52530424ca5902a916?s=96&d=mm&r=g\",\"caption\":\"paka\"},\"url\":\"https:\\\/\\\/www.sttk.fi\\\/sv\\\/author\\\/paka\\\/\"}]}<\/script>\n<!-- \/ Yoast SEO plugin. -->","yoast_head_json":{"title":"STTK: Regeringsprogrammet \u00e4r ett jargongprogram - STTK","description":"STTK:s styrelse litar inte l\u00e4ngre p\u00e5 att det trepartsarbete som anknyter till regeringsprogrammet kommer att beredas p\u00e5 ett genuint s\u00e4tt.","robots":{"index":"index","follow":"follow","max-snippet":"max-snippet:-1","max-image-preview":"max-image-preview:large","max-video-preview":"max-video-preview:-1"},"canonical":"https:\/\/www.sttk.fi\/sv\/2023\/09\/19\/sttk-regeringsprogrammet-ar-ett-jargongprogram\/","og_locale":"sv_SE","og_type":"article","og_title":"STTK: Regeringsprogrammet \u00e4r ett jargongprogram - STTK","og_description":"STTK:s styrelse litar inte l\u00e4ngre p\u00e5 att det trepartsarbete som anknyter till regeringsprogrammet kommer att beredas p\u00e5 ett genuint s\u00e4tt.","og_url":"https:\/\/www.sttk.fi\/sv\/2023\/09\/19\/sttk-regeringsprogrammet-ar-ett-jargongprogram\/","og_site_name":"STTK","article_publisher":"https:\/\/www.facebook.com\/#%21%2fKeskusjarjestoSTTK","article_published_time":"2023-09-19T10:45:54+00:00","article_modified_time":"2023-09-19T10:47:13+00:00","og_image":[{"width":3000,"height":2000,"url":"https:\/\/www.sttk.fi\/wp-content\/uploads\/sites\/2\/2023\/09\/anttipalola-2.jpeg","type":"image\/jpeg"}],"twitter_card":"summary_large_image","twitter_creator":"@STTKMikonkatu","twitter_site":"@STTKMikonkatu","twitter_misc":{"Written by":"paka","Est. reading time":"3 minuter"},"schema":{"@context":"https:\/\/schema.org","@graph":[{"@type":"Article","@id":"https:\/\/www.sttk.fi\/sv\/2023\/09\/19\/sttk-regeringsprogrammet-ar-ett-jargongprogram\/#article","isPartOf":{"@id":"https:\/\/www.sttk.fi\/sv\/2023\/09\/19\/sttk-regeringsprogrammet-ar-ett-jargongprogram\/"},"author":{"name":"paka","@id":"https:\/\/www.sttk.fi\/#\/schema\/person\/58abb54d7b15ed34e29dc4514a5c1210"},"headline":"STTK: Regeringsprogrammet \u00e4r ett jargongprogram","datePublished":"2023-09-19T10:45:54+00:00","dateModified":"2023-09-19T10:47:13+00:00","mainEntityOfPage":{"@id":"https:\/\/www.sttk.fi\/sv\/2023\/09\/19\/sttk-regeringsprogrammet-ar-ett-jargongprogram\/"},"wordCount":441,"publisher":{"@id":"https:\/\/www.sttk.fi\/#organization"},"image":{"@id":"https:\/\/www.sttk.fi\/sv\/2023\/09\/19\/sttk-regeringsprogrammet-ar-ett-jargongprogram\/#primaryimage"},"thumbnailUrl":"https:\/\/www.sttk.fi\/wp-content\/uploads\/sites\/2\/2023\/09\/anttipalola-2.jpeg","articleSection":["Pressmeddelande"],"inLanguage":"sv-SE"},{"@type":"WebPage","@id":"https:\/\/www.sttk.fi\/sv\/2023\/09\/19\/sttk-regeringsprogrammet-ar-ett-jargongprogram\/","url":"https:\/\/www.sttk.fi\/sv\/2023\/09\/19\/sttk-regeringsprogrammet-ar-ett-jargongprogram\/","name":"STTK: Regeringsprogrammet \u00e4r ett jargongprogram - STTK","isPartOf":{"@id":"https:\/\/www.sttk.fi\/#website"},"primaryImageOfPage":{"@id":"https:\/\/www.sttk.fi\/sv\/2023\/09\/19\/sttk-regeringsprogrammet-ar-ett-jargongprogram\/#primaryimage"},"image":{"@id":"https:\/\/www.sttk.fi\/sv\/2023\/09\/19\/sttk-regeringsprogrammet-ar-ett-jargongprogram\/#primaryimage"},"thumbnailUrl":"https:\/\/www.sttk.fi\/wp-content\/uploads\/sites\/2\/2023\/09\/anttipalola-2.jpeg","datePublished":"2023-09-19T10:45:54+00:00","dateModified":"2023-09-19T10:47:13+00:00","description":"STTK:s styrelse litar inte l\u00e4ngre p\u00e5 att det trepartsarbete som anknyter till regeringsprogrammet kommer att beredas p\u00e5 ett genuint s\u00e4tt.","breadcrumb":{"@id":"https:\/\/www.sttk.fi\/sv\/2023\/09\/19\/sttk-regeringsprogrammet-ar-ett-jargongprogram\/#breadcrumb"},"inLanguage":"sv-SE","potentialAction":[{"@type":"ReadAction","target":["https:\/\/www.sttk.fi\/sv\/2023\/09\/19\/sttk-regeringsprogrammet-ar-ett-jargongprogram\/"]}]},{"@type":"ImageObject","inLanguage":"sv-SE","@id":"https:\/\/www.sttk.fi\/sv\/2023\/09\/19\/sttk-regeringsprogrammet-ar-ett-jargongprogram\/#primaryimage","url":"https:\/\/www.sttk.fi\/wp-content\/uploads\/sites\/2\/2023\/09\/anttipalola-2.jpeg","contentUrl":"https:\/\/www.sttk.fi\/wp-content\/uploads\/sites\/2\/2023\/09\/anttipalola-2.jpeg","width":3000,"height":2000},{"@type":"BreadcrumbList","@id":"https:\/\/www.sttk.fi\/sv\/2023\/09\/19\/sttk-regeringsprogrammet-ar-ett-jargongprogram\/#breadcrumb","itemListElement":[{"@type":"ListItem","position":1,"name":"Home","item":"https:\/\/www.sttk.fi\/sv\/"},{"@type":"ListItem","position":2,"name":"STTK: Regeringsprogrammet \u00e4r ett jargongprogram"}]},{"@type":"WebSite","@id":"https:\/\/www.sttk.fi\/#website","url":"https:\/\/www.sttk.fi\/","name":"STTK","description":"","publisher":{"@id":"https:\/\/www.sttk.fi\/#organization"},"potentialAction":[{"@type":"SearchAction","target":{"@type":"EntryPoint","urlTemplate":"https:\/\/www.sttk.fi\/?s={search_term_string}"},"query-input":{"@type":"PropertyValueSpecification","valueRequired":true,"valueName":"search_term_string"}}],"inLanguage":"sv-SE"},{"@type":"Organization","@id":"https:\/\/www.sttk.fi\/#organization","name":"STTK","url":"https:\/\/www.sttk.fi\/","logo":{"@type":"ImageObject","inLanguage":"sv-SE","@id":"https:\/\/www.sttk.fi\/#\/schema\/logo\/image\/","url":"https:\/\/www.sttk.fi\/wp-content\/uploads\/sites\/2\/2025\/12\/vector3.svg","contentUrl":"https:\/\/www.sttk.fi\/wp-content\/uploads\/sites\/2\/2025\/12\/vector3.svg","caption":"STTK"},"image":{"@id":"https:\/\/www.sttk.fi\/#\/schema\/logo\/image\/"},"sameAs":["https:\/\/www.facebook.com\/#!\/KeskusjarjestoSTTK","https:\/\/x.com\/STTKMikonkatu","http:\/\/www.youtube.com\/user\/protoimihenkilot"]},{"@type":"Person","@id":"https:\/\/www.sttk.fi\/#\/schema\/person\/58abb54d7b15ed34e29dc4514a5c1210","name":"paka","image":{"@type":"ImageObject","inLanguage":"sv-SE","@id":"https:\/\/secure.gravatar.com\/avatar\/4475a9b815f64182a53e96cb5d0f5f7720cc03120a202c52530424ca5902a916?s=96&d=mm&r=g","url":"https:\/\/secure.gravatar.com\/avatar\/4475a9b815f64182a53e96cb5d0f5f7720cc03120a202c52530424ca5902a916?s=96&d=mm&r=g","contentUrl":"https:\/\/secure.gravatar.com\/avatar\/4475a9b815f64182a53e96cb5d0f5f7720cc03120a202c52530424ca5902a916?s=96&d=mm&r=g","caption":"paka"},"url":"https:\/\/www.sttk.fi\/sv\/author\/paka\/"}]}},"_links":{"self":[{"href":"https:\/\/www.sttk.fi\/sv\/wp-json\/wp\/v2\/posts\/47591","targetHints":{"allow":["GET"]}}],"collection":[{"href":"https:\/\/www.sttk.fi\/sv\/wp-json\/wp\/v2\/posts"}],"about":[{"href":"https:\/\/www.sttk.fi\/sv\/wp-json\/wp\/v2\/types\/post"}],"author":[{"embeddable":true,"href":"https:\/\/www.sttk.fi\/sv\/wp-json\/wp\/v2\/users\/3"}],"replies":[{"embeddable":true,"href":"https:\/\/www.sttk.fi\/sv\/wp-json\/wp\/v2\/comments?post=47591"}],"version-history":[{"count":3,"href":"https:\/\/www.sttk.fi\/sv\/wp-json\/wp\/v2\/posts\/47591\/revisions"}],"predecessor-version":[{"id":47594,"href":"https:\/\/www.sttk.fi\/sv\/wp-json\/wp\/v2\/posts\/47591\/revisions\/47594"}],"wp:featuredmedia":[{"embeddable":true,"href":"https:\/\/www.sttk.fi\/sv\/wp-json\/wp\/v2\/media\/47373"}],"wp:attachment":[{"href":"https:\/\/www.sttk.fi\/sv\/wp-json\/wp\/v2\/media?parent=47591"}],"wp:term":[{"taxonomy":"category","embeddable":true,"href":"https:\/\/www.sttk.fi\/sv\/wp-json\/wp\/v2\/categories?post=47591"},{"taxonomy":"subject","embeddable":true,"href":"https:\/\/www.sttk.fi\/sv\/wp-json\/wp\/v2\/subject?post=47591"}],"curies":[{"name":"wp","href":"https:\/\/api.w.org\/{rel}","templated":true}]}}