{"id":47070,"date":"2023-08-16T13:53:49","date_gmt":"2023-08-16T10:53:49","guid":{"rendered":"https:\/\/www.sttk.fi\/?p=47070"},"modified":"2023-08-16T13:54:24","modified_gmt":"2023-08-16T10:54:24","slug":"sttks-styrelse-omojligt-att-lita-pa-trepartsmodellens-riktighet","status":"publish","type":"post","link":"https:\/\/www.sttk.fi\/sv\/2023\/08\/16\/sttks-styrelse-omojligt-att-lita-pa-trepartsmodellens-riktighet\/","title":{"rendered":"STTK:s styrelse: Om\u00f6jligt att lita p\u00e5 trepartsmodellens riktighet"},"content":{"rendered":"\n<p>STTK:s styrelse \u00e4r n\u00f6jd med att i regeringsprogrammet \u00e4r beredningen p\u00e5 trepartsbasis utg\u00e5ngspunkten f\u00f6r reformen av arbetslagstiftningen, men det \u00e4r om\u00f6jligt f\u00f6r organisationen att lita p\u00e5 trepartsmodellens riktighet.<\/p>\n\n\n\n<p>\u2013 Tiden f\u00f6r konsensus \u00e4r \u00f6ver. De skrivningar som g\u00e4ller arbetslagstiftningen beaktar endast m\u00e5len f\u00f6r arbetargivarsidan och n\u00e4ringslivet, men man har gl\u00f6mt arbetstagarorganisationerna. N\u00e4r ut\u00f6ver m\u00e5len \u00e4ven metoder som syftar till att f\u00f6rnya arbetslagstiftningen har antecknats i regeringsprogrammet p\u00e5 f\u00f6rhand, kan man fr\u00e5ga sig, vad f\u00f6rhandlingarna slutligen handlar om och hurdana arbetartagarorganisationernas verkliga m\u00f6jligheter att p\u00e5verka \u00e4r, konstaterar ordf\u00f6rande<strong> Antti Palola<\/strong>.<\/p>\n\n\n\n<p>STTK anser att regeringsprogrammets m\u00e5l \u00e4r mycket obalanserade och or\u00e4ttvisa. Organisationen f\u00f6ruts\u00e4ger att det uppst\u00e5r konflikter p\u00e5 arbetsmarknaden.<br>\u2013 Det som \u00e4r f\u00f6rv\u00e5nande till exempel med m\u00e5len som g\u00e4ller begr\u00e4nsande av arbetskonflikter \u00e4r att regeringen vill st\u00e4lla enskilda personer till svars ekonomiskt f\u00f6r att de deltar i arbetskonflikter. Regeringen vill f\u00f6rsvaga anst\u00e4llningsskyddet samtidigt som arbetsl\u00f6shetsf\u00f6rm\u00e5nerna f\u00f6rsvagas. Utvecklingen av den exportdrivna arbetsmarknadsmodellen \u00e4r oroande med tanke p\u00e5 arbetslivets j\u00e4mst\u00e4lldhet, s\u00e4ger Palola.<\/p>\n\n\n\n<p>Regeringen, som har inlett sitt samarbete med t\u00e4mligen m\u00e5nga motg\u00e5ngar, har framf\u00f6r sig n\u00e4sta pr\u00f6vning som \u00e4r h\u00f6stens budgetmangling. STTK anser att det \u00e4r l\u00e4tt f\u00f6r regeringspartierna att komma \u00f6verens om de ekonomiska m\u00e5len, men p\u00e5 grund av arbetsmarknadsreformerna och nedsk\u00e4rningarna i de offentliga finanserna f\u00e5r enskilda medborgare det k\u00e4rvt.<br>\u2013 Regeringsprogrammet \u00e4r mycket ideologiskt, och det som h\u00e5ller partierna t\u00e4tast ihop \u00e4r ekonomi. Om de genomf\u00f6rs, r\u00e4ddar arbetsmarknadsreformerna dock inte Finlands ekonomi. \u00d6ver huvud taget \u00e4r det konstigt att arbetsmarknadspolitiken blandas s\u00e5 starkt med st\u00e4rkandet av ekonomin, f\u00f6rundrar sig Palola.<\/p>\n\n\n\n<p>STTK godtar inte regeringsprogrammets skrivningar som g\u00e4ller arbetslivet och funderar p\u00e5 fortsatta \u00e5tg\u00e4rder med sina medlemsf\u00f6rbund.<\/p>\n\n\n\n<h2 class=\"wp-block-heading\">Varf\u00f6r sk\u00e4r det kompetenta Finland i utbildningen?<\/h2>\n\n\n\n<p>Behovet av att st\u00e4rka kompetensen hos befolkningen i arbetsf\u00f6r \u00e5lder \u00e4r en kontinuerlig utmaning f\u00f6r Finland. Till exempel \u00e5ldrande av befolkningen i arbetsf\u00f6r \u00e5lder, framskridande av digitaliseringen och de m\u00e5l som anknyter till det kolneutrala Finland f\u00f6ruts\u00e4tter hela tiden nya kunskaper och livsl\u00e5ngt l\u00e4rande.<br>Med tanke p\u00e5 detta anser STTK att regeringsprogrammets m\u00e5l att dra in vuxenutbildningsst\u00f6det \u00e4r mycket kortsiktigt.<br>\u2013 Det g\u00f6r det \u00e4nnu sv\u00e5rare att f\u00e5 tillg\u00e5ng p\u00e5 kompetent arbetskraft inom de branscher som redan nu lider av bristen p\u00e5 arbetskraft. Om st\u00f6det nu riktas p\u00e5 fel s\u00e4tt eller anhopas, ska st\u00f6det utvecklas, men inte dras in, s\u00e4ger Palola.<\/p>\n\n\n\n<p><strong>Mer information p\u00e5 STTK: Antti Palola, telefon 040 509 6030.<\/strong><\/p>\n\n\n\n<p><\/p>\n","protected":false},"excerpt":{"rendered":"STTK:s styrelse \u00e4r n\u00f6jd med att i regeringsprogrammet \u00e4r beredningen p\u00e5 trepartsbasis utg\u00e5ngspunkten f\u00f6r reformen av arbetslagstiftningen, men&#8230; ","protected":false},"author":2,"featured_media":46339,"comment_status":"closed","ping_status":"closed","sticky":false,"template":"","format":"standard","meta":{"_acf_changed":false,"lead_paragraph":"","footnotes":""},"categories":[135],"subject":[222,319],"class_list":["post-47070","post","type-post","status-publish","format-standard","has-post-thumbnail","hentry","category-pressmeddelande","subject-kunnande","subject-trepartssamarbete"],"acf":{"lead_paragraph":""},"yoast_head":"<!-- This site is optimized with the Yoast SEO plugin v27.4 - https:\/\/yoast.com\/product\/yoast-seo-wordpress\/ -->\n<title>STTK:s styrelse: Om\u00f6jligt att lita p\u00e5 trepartsmodellens riktighet - STTK<\/title>\n<meta name=\"robots\" content=\"index, follow, max-snippet:-1, max-image-preview:large, max-video-preview:-1\" \/>\n<link rel=\"canonical\" href=\"https:\/\/www.sttk.fi\/sv\/2023\/08\/16\/sttks-styrelse-omojligt-att-lita-pa-trepartsmodellens-riktighet\/\" \/>\n<meta property=\"og:locale\" content=\"sv_SE\" \/>\n<meta property=\"og:type\" content=\"article\" \/>\n<meta property=\"og:title\" content=\"STTK:s styrelse: Om\u00f6jligt att lita p\u00e5 trepartsmodellens riktighet - STTK\" \/>\n<meta property=\"og:description\" content=\"STTK:s styrelse \u00e4r n\u00f6jd med att i regeringsprogrammet \u00e4r beredningen p\u00e5 trepartsbasis utg\u00e5ngspunkten f\u00f6r reformen av arbetslagstiftningen, men...\" \/>\n<meta property=\"og:url\" content=\"https:\/\/www.sttk.fi\/sv\/2023\/08\/16\/sttks-styrelse-omojligt-att-lita-pa-trepartsmodellens-riktighet\/\" \/>\n<meta property=\"og:site_name\" content=\"STTK\" \/>\n<meta property=\"article:publisher\" content=\"https:\/\/www.facebook.com\/#%21%2fKeskusjarjestoSTTK\" \/>\n<meta property=\"article:published_time\" content=\"2023-08-16T10:53:49+00:00\" \/>\n<meta property=\"article:modified_time\" content=\"2023-08-16T10:54:24+00:00\" \/>\n<meta property=\"og:image\" content=\"https:\/\/www.sttk.fi\/wp-content\/uploads\/sites\/2\/2023\/05\/anttipalola-11.jpeg\" \/>\n\t<meta property=\"og:image:width\" content=\"3000\" \/>\n\t<meta property=\"og:image:height\" content=\"2000\" \/>\n\t<meta property=\"og:image:type\" content=\"image\/jpeg\" \/>\n<meta name=\"twitter:card\" content=\"summary_large_image\" \/>\n<meta name=\"twitter:creator\" content=\"@STTKMikonkatu\" \/>\n<meta name=\"twitter:site\" content=\"@STTKMikonkatu\" \/>\n<meta name=\"twitter:label1\" content=\"Written by\" \/>\n\t<meta name=\"twitter:data1\" content=\"kirsi\" \/>\n\t<meta name=\"twitter:label2\" content=\"Est. reading time\" \/>\n\t<meta name=\"twitter:data2\" content=\"3 minuter\" \/>\n<script type=\"application\/ld+json\" class=\"yoast-schema-graph\">{\"@context\":\"https:\\\/\\\/schema.org\",\"@graph\":[{\"@type\":\"Article\",\"@id\":\"https:\\\/\\\/www.sttk.fi\\\/sv\\\/2023\\\/08\\\/16\\\/sttks-styrelse-omojligt-att-lita-pa-trepartsmodellens-riktighet\\\/#article\",\"isPartOf\":{\"@id\":\"https:\\\/\\\/www.sttk.fi\\\/sv\\\/2023\\\/08\\\/16\\\/sttks-styrelse-omojligt-att-lita-pa-trepartsmodellens-riktighet\\\/\"},\"author\":{\"name\":\"kirsi\",\"@id\":\"https:\\\/\\\/www.sttk.fi\\\/#\\\/schema\\\/person\\\/ed53906d4ee084622aed91f83f774657\"},\"headline\":\"STTK:s styrelse: Om\u00f6jligt att lita p\u00e5 trepartsmodellens riktighet\",\"datePublished\":\"2023-08-16T10:53:49+00:00\",\"dateModified\":\"2023-08-16T10:54:24+00:00\",\"mainEntityOfPage\":{\"@id\":\"https:\\\/\\\/www.sttk.fi\\\/sv\\\/2023\\\/08\\\/16\\\/sttks-styrelse-omojligt-att-lita-pa-trepartsmodellens-riktighet\\\/\"},\"wordCount\":472,\"publisher\":{\"@id\":\"https:\\\/\\\/www.sttk.fi\\\/#organization\"},\"image\":{\"@id\":\"https:\\\/\\\/www.sttk.fi\\\/sv\\\/2023\\\/08\\\/16\\\/sttks-styrelse-omojligt-att-lita-pa-trepartsmodellens-riktighet\\\/#primaryimage\"},\"thumbnailUrl\":\"https:\\\/\\\/www.sttk.fi\\\/wp-content\\\/uploads\\\/sites\\\/2\\\/2023\\\/05\\\/anttipalola-11.jpeg\",\"articleSection\":[\"Pressmeddelande\"],\"inLanguage\":\"sv-SE\"},{\"@type\":\"WebPage\",\"@id\":\"https:\\\/\\\/www.sttk.fi\\\/sv\\\/2023\\\/08\\\/16\\\/sttks-styrelse-omojligt-att-lita-pa-trepartsmodellens-riktighet\\\/\",\"url\":\"https:\\\/\\\/www.sttk.fi\\\/sv\\\/2023\\\/08\\\/16\\\/sttks-styrelse-omojligt-att-lita-pa-trepartsmodellens-riktighet\\\/\",\"name\":\"STTK:s styrelse: Om\u00f6jligt att lita p\u00e5 trepartsmodellens riktighet - STTK\",\"isPartOf\":{\"@id\":\"https:\\\/\\\/www.sttk.fi\\\/#website\"},\"primaryImageOfPage\":{\"@id\":\"https:\\\/\\\/www.sttk.fi\\\/sv\\\/2023\\\/08\\\/16\\\/sttks-styrelse-omojligt-att-lita-pa-trepartsmodellens-riktighet\\\/#primaryimage\"},\"image\":{\"@id\":\"https:\\\/\\\/www.sttk.fi\\\/sv\\\/2023\\\/08\\\/16\\\/sttks-styrelse-omojligt-att-lita-pa-trepartsmodellens-riktighet\\\/#primaryimage\"},\"thumbnailUrl\":\"https:\\\/\\\/www.sttk.fi\\\/wp-content\\\/uploads\\\/sites\\\/2\\\/2023\\\/05\\\/anttipalola-11.jpeg\",\"datePublished\":\"2023-08-16T10:53:49+00:00\",\"dateModified\":\"2023-08-16T10:54:24+00:00\",\"breadcrumb\":{\"@id\":\"https:\\\/\\\/www.sttk.fi\\\/sv\\\/2023\\\/08\\\/16\\\/sttks-styrelse-omojligt-att-lita-pa-trepartsmodellens-riktighet\\\/#breadcrumb\"},\"inLanguage\":\"sv-SE\",\"potentialAction\":[{\"@type\":\"ReadAction\",\"target\":[\"https:\\\/\\\/www.sttk.fi\\\/sv\\\/2023\\\/08\\\/16\\\/sttks-styrelse-omojligt-att-lita-pa-trepartsmodellens-riktighet\\\/\"]}]},{\"@type\":\"ImageObject\",\"inLanguage\":\"sv-SE\",\"@id\":\"https:\\\/\\\/www.sttk.fi\\\/sv\\\/2023\\\/08\\\/16\\\/sttks-styrelse-omojligt-att-lita-pa-trepartsmodellens-riktighet\\\/#primaryimage\",\"url\":\"https:\\\/\\\/www.sttk.fi\\\/wp-content\\\/uploads\\\/sites\\\/2\\\/2023\\\/05\\\/anttipalola-11.jpeg\",\"contentUrl\":\"https:\\\/\\\/www.sttk.fi\\\/wp-content\\\/uploads\\\/sites\\\/2\\\/2023\\\/05\\\/anttipalola-11.jpeg\",\"width\":3000,\"height\":2000,\"caption\":\"Antti Palola\"},{\"@type\":\"BreadcrumbList\",\"@id\":\"https:\\\/\\\/www.sttk.fi\\\/sv\\\/2023\\\/08\\\/16\\\/sttks-styrelse-omojligt-att-lita-pa-trepartsmodellens-riktighet\\\/#breadcrumb\",\"itemListElement\":[{\"@type\":\"ListItem\",\"position\":1,\"name\":\"Home\",\"item\":\"https:\\\/\\\/www.sttk.fi\\\/sv\\\/\"},{\"@type\":\"ListItem\",\"position\":2,\"name\":\"STTK:s styrelse: Om\u00f6jligt att lita p\u00e5 trepartsmodellens riktighet\"}]},{\"@type\":\"WebSite\",\"@id\":\"https:\\\/\\\/www.sttk.fi\\\/#website\",\"url\":\"https:\\\/\\\/www.sttk.fi\\\/\",\"name\":\"STTK\",\"description\":\"\",\"publisher\":{\"@id\":\"https:\\\/\\\/www.sttk.fi\\\/#organization\"},\"potentialAction\":[{\"@type\":\"SearchAction\",\"target\":{\"@type\":\"EntryPoint\",\"urlTemplate\":\"https:\\\/\\\/www.sttk.fi\\\/?s={search_term_string}\"},\"query-input\":{\"@type\":\"PropertyValueSpecification\",\"valueRequired\":true,\"valueName\":\"search_term_string\"}}],\"inLanguage\":\"sv-SE\"},{\"@type\":\"Organization\",\"@id\":\"https:\\\/\\\/www.sttk.fi\\\/#organization\",\"name\":\"STTK\",\"url\":\"https:\\\/\\\/www.sttk.fi\\\/\",\"logo\":{\"@type\":\"ImageObject\",\"inLanguage\":\"sv-SE\",\"@id\":\"https:\\\/\\\/www.sttk.fi\\\/#\\\/schema\\\/logo\\\/image\\\/\",\"url\":\"https:\\\/\\\/www.sttk.fi\\\/wp-content\\\/uploads\\\/sites\\\/2\\\/2025\\\/12\\\/vector3.svg\",\"contentUrl\":\"https:\\\/\\\/www.sttk.fi\\\/wp-content\\\/uploads\\\/sites\\\/2\\\/2025\\\/12\\\/vector3.svg\",\"caption\":\"STTK\"},\"image\":{\"@id\":\"https:\\\/\\\/www.sttk.fi\\\/#\\\/schema\\\/logo\\\/image\\\/\"},\"sameAs\":[\"https:\\\/\\\/www.facebook.com\\\/#!\\\/KeskusjarjestoSTTK\",\"https:\\\/\\\/x.com\\\/STTKMikonkatu\",\"http:\\\/\\\/www.youtube.com\\\/user\\\/protoimihenkilot\"]},{\"@type\":\"Person\",\"@id\":\"https:\\\/\\\/www.sttk.fi\\\/#\\\/schema\\\/person\\\/ed53906d4ee084622aed91f83f774657\",\"name\":\"kirsi\",\"image\":{\"@type\":\"ImageObject\",\"inLanguage\":\"sv-SE\",\"@id\":\"https:\\\/\\\/secure.gravatar.com\\\/avatar\\\/6d9e8dc932504000b4cb59a5b0eb1e7a99475d86f1caf6de0772713dbf646430?s=96&d=mm&r=g\",\"url\":\"https:\\\/\\\/secure.gravatar.com\\\/avatar\\\/6d9e8dc932504000b4cb59a5b0eb1e7a99475d86f1caf6de0772713dbf646430?s=96&d=mm&r=g\",\"contentUrl\":\"https:\\\/\\\/secure.gravatar.com\\\/avatar\\\/6d9e8dc932504000b4cb59a5b0eb1e7a99475d86f1caf6de0772713dbf646430?s=96&d=mm&r=g\",\"caption\":\"kirsi\"},\"url\":\"https:\\\/\\\/www.sttk.fi\\\/sv\\\/author\\\/kirsi\\\/\"}]}<\/script>\n<!-- \/ Yoast SEO plugin. -->","yoast_head_json":{"title":"STTK:s styrelse: Om\u00f6jligt att lita p\u00e5 trepartsmodellens riktighet - STTK","robots":{"index":"index","follow":"follow","max-snippet":"max-snippet:-1","max-image-preview":"max-image-preview:large","max-video-preview":"max-video-preview:-1"},"canonical":"https:\/\/www.sttk.fi\/sv\/2023\/08\/16\/sttks-styrelse-omojligt-att-lita-pa-trepartsmodellens-riktighet\/","og_locale":"sv_SE","og_type":"article","og_title":"STTK:s styrelse: Om\u00f6jligt att lita p\u00e5 trepartsmodellens riktighet - STTK","og_description":"STTK:s styrelse \u00e4r n\u00f6jd med att i regeringsprogrammet \u00e4r beredningen p\u00e5 trepartsbasis utg\u00e5ngspunkten f\u00f6r reformen av arbetslagstiftningen, men...","og_url":"https:\/\/www.sttk.fi\/sv\/2023\/08\/16\/sttks-styrelse-omojligt-att-lita-pa-trepartsmodellens-riktighet\/","og_site_name":"STTK","article_publisher":"https:\/\/www.facebook.com\/#%21%2fKeskusjarjestoSTTK","article_published_time":"2023-08-16T10:53:49+00:00","article_modified_time":"2023-08-16T10:54:24+00:00","og_image":[{"width":3000,"height":2000,"url":"https:\/\/www.sttk.fi\/wp-content\/uploads\/sites\/2\/2023\/05\/anttipalola-11.jpeg","type":"image\/jpeg"}],"twitter_card":"summary_large_image","twitter_creator":"@STTKMikonkatu","twitter_site":"@STTKMikonkatu","twitter_misc":{"Written by":"kirsi","Est. reading time":"3 minuter"},"schema":{"@context":"https:\/\/schema.org","@graph":[{"@type":"Article","@id":"https:\/\/www.sttk.fi\/sv\/2023\/08\/16\/sttks-styrelse-omojligt-att-lita-pa-trepartsmodellens-riktighet\/#article","isPartOf":{"@id":"https:\/\/www.sttk.fi\/sv\/2023\/08\/16\/sttks-styrelse-omojligt-att-lita-pa-trepartsmodellens-riktighet\/"},"author":{"name":"kirsi","@id":"https:\/\/www.sttk.fi\/#\/schema\/person\/ed53906d4ee084622aed91f83f774657"},"headline":"STTK:s styrelse: Om\u00f6jligt att lita p\u00e5 trepartsmodellens riktighet","datePublished":"2023-08-16T10:53:49+00:00","dateModified":"2023-08-16T10:54:24+00:00","mainEntityOfPage":{"@id":"https:\/\/www.sttk.fi\/sv\/2023\/08\/16\/sttks-styrelse-omojligt-att-lita-pa-trepartsmodellens-riktighet\/"},"wordCount":472,"publisher":{"@id":"https:\/\/www.sttk.fi\/#organization"},"image":{"@id":"https:\/\/www.sttk.fi\/sv\/2023\/08\/16\/sttks-styrelse-omojligt-att-lita-pa-trepartsmodellens-riktighet\/#primaryimage"},"thumbnailUrl":"https:\/\/www.sttk.fi\/wp-content\/uploads\/sites\/2\/2023\/05\/anttipalola-11.jpeg","articleSection":["Pressmeddelande"],"inLanguage":"sv-SE"},{"@type":"WebPage","@id":"https:\/\/www.sttk.fi\/sv\/2023\/08\/16\/sttks-styrelse-omojligt-att-lita-pa-trepartsmodellens-riktighet\/","url":"https:\/\/www.sttk.fi\/sv\/2023\/08\/16\/sttks-styrelse-omojligt-att-lita-pa-trepartsmodellens-riktighet\/","name":"STTK:s styrelse: Om\u00f6jligt att lita p\u00e5 trepartsmodellens riktighet - STTK","isPartOf":{"@id":"https:\/\/www.sttk.fi\/#website"},"primaryImageOfPage":{"@id":"https:\/\/www.sttk.fi\/sv\/2023\/08\/16\/sttks-styrelse-omojligt-att-lita-pa-trepartsmodellens-riktighet\/#primaryimage"},"image":{"@id":"https:\/\/www.sttk.fi\/sv\/2023\/08\/16\/sttks-styrelse-omojligt-att-lita-pa-trepartsmodellens-riktighet\/#primaryimage"},"thumbnailUrl":"https:\/\/www.sttk.fi\/wp-content\/uploads\/sites\/2\/2023\/05\/anttipalola-11.jpeg","datePublished":"2023-08-16T10:53:49+00:00","dateModified":"2023-08-16T10:54:24+00:00","breadcrumb":{"@id":"https:\/\/www.sttk.fi\/sv\/2023\/08\/16\/sttks-styrelse-omojligt-att-lita-pa-trepartsmodellens-riktighet\/#breadcrumb"},"inLanguage":"sv-SE","potentialAction":[{"@type":"ReadAction","target":["https:\/\/www.sttk.fi\/sv\/2023\/08\/16\/sttks-styrelse-omojligt-att-lita-pa-trepartsmodellens-riktighet\/"]}]},{"@type":"ImageObject","inLanguage":"sv-SE","@id":"https:\/\/www.sttk.fi\/sv\/2023\/08\/16\/sttks-styrelse-omojligt-att-lita-pa-trepartsmodellens-riktighet\/#primaryimage","url":"https:\/\/www.sttk.fi\/wp-content\/uploads\/sites\/2\/2023\/05\/anttipalola-11.jpeg","contentUrl":"https:\/\/www.sttk.fi\/wp-content\/uploads\/sites\/2\/2023\/05\/anttipalola-11.jpeg","width":3000,"height":2000,"caption":"Antti Palola"},{"@type":"BreadcrumbList","@id":"https:\/\/www.sttk.fi\/sv\/2023\/08\/16\/sttks-styrelse-omojligt-att-lita-pa-trepartsmodellens-riktighet\/#breadcrumb","itemListElement":[{"@type":"ListItem","position":1,"name":"Home","item":"https:\/\/www.sttk.fi\/sv\/"},{"@type":"ListItem","position":2,"name":"STTK:s styrelse: Om\u00f6jligt att lita p\u00e5 trepartsmodellens riktighet"}]},{"@type":"WebSite","@id":"https:\/\/www.sttk.fi\/#website","url":"https:\/\/www.sttk.fi\/","name":"STTK","description":"","publisher":{"@id":"https:\/\/www.sttk.fi\/#organization"},"potentialAction":[{"@type":"SearchAction","target":{"@type":"EntryPoint","urlTemplate":"https:\/\/www.sttk.fi\/?s={search_term_string}"},"query-input":{"@type":"PropertyValueSpecification","valueRequired":true,"valueName":"search_term_string"}}],"inLanguage":"sv-SE"},{"@type":"Organization","@id":"https:\/\/www.sttk.fi\/#organization","name":"STTK","url":"https:\/\/www.sttk.fi\/","logo":{"@type":"ImageObject","inLanguage":"sv-SE","@id":"https:\/\/www.sttk.fi\/#\/schema\/logo\/image\/","url":"https:\/\/www.sttk.fi\/wp-content\/uploads\/sites\/2\/2025\/12\/vector3.svg","contentUrl":"https:\/\/www.sttk.fi\/wp-content\/uploads\/sites\/2\/2025\/12\/vector3.svg","caption":"STTK"},"image":{"@id":"https:\/\/www.sttk.fi\/#\/schema\/logo\/image\/"},"sameAs":["https:\/\/www.facebook.com\/#!\/KeskusjarjestoSTTK","https:\/\/x.com\/STTKMikonkatu","http:\/\/www.youtube.com\/user\/protoimihenkilot"]},{"@type":"Person","@id":"https:\/\/www.sttk.fi\/#\/schema\/person\/ed53906d4ee084622aed91f83f774657","name":"kirsi","image":{"@type":"ImageObject","inLanguage":"sv-SE","@id":"https:\/\/secure.gravatar.com\/avatar\/6d9e8dc932504000b4cb59a5b0eb1e7a99475d86f1caf6de0772713dbf646430?s=96&d=mm&r=g","url":"https:\/\/secure.gravatar.com\/avatar\/6d9e8dc932504000b4cb59a5b0eb1e7a99475d86f1caf6de0772713dbf646430?s=96&d=mm&r=g","contentUrl":"https:\/\/secure.gravatar.com\/avatar\/6d9e8dc932504000b4cb59a5b0eb1e7a99475d86f1caf6de0772713dbf646430?s=96&d=mm&r=g","caption":"kirsi"},"url":"https:\/\/www.sttk.fi\/sv\/author\/kirsi\/"}]}},"_links":{"self":[{"href":"https:\/\/www.sttk.fi\/sv\/wp-json\/wp\/v2\/posts\/47070","targetHints":{"allow":["GET"]}}],"collection":[{"href":"https:\/\/www.sttk.fi\/sv\/wp-json\/wp\/v2\/posts"}],"about":[{"href":"https:\/\/www.sttk.fi\/sv\/wp-json\/wp\/v2\/types\/post"}],"author":[{"embeddable":true,"href":"https:\/\/www.sttk.fi\/sv\/wp-json\/wp\/v2\/users\/2"}],"replies":[{"embeddable":true,"href":"https:\/\/www.sttk.fi\/sv\/wp-json\/wp\/v2\/comments?post=47070"}],"version-history":[{"count":2,"href":"https:\/\/www.sttk.fi\/sv\/wp-json\/wp\/v2\/posts\/47070\/revisions"}],"predecessor-version":[{"id":47072,"href":"https:\/\/www.sttk.fi\/sv\/wp-json\/wp\/v2\/posts\/47070\/revisions\/47072"}],"wp:featuredmedia":[{"embeddable":true,"href":"https:\/\/www.sttk.fi\/sv\/wp-json\/wp\/v2\/media\/46339"}],"wp:attachment":[{"href":"https:\/\/www.sttk.fi\/sv\/wp-json\/wp\/v2\/media?parent=47070"}],"wp:term":[{"taxonomy":"category","embeddable":true,"href":"https:\/\/www.sttk.fi\/sv\/wp-json\/wp\/v2\/categories?post=47070"},{"taxonomy":"subject","embeddable":true,"href":"https:\/\/www.sttk.fi\/sv\/wp-json\/wp\/v2\/subject?post=47070"}],"curies":[{"name":"wp","href":"https:\/\/api.w.org\/{rel}","templated":true}]}}