{"id":46702,"date":"2023-06-08T10:37:31","date_gmt":"2023-06-08T07:37:31","guid":{"rendered":"https:\/\/www.sttk.fi\/?p=46702"},"modified":"2023-06-08T10:37:32","modified_gmt":"2023-06-08T07:37:32","slug":"finlandarna-forhaller-sig-negativare-till-den-grona-omstallningen-an-befolkningen-i-de-ovriga-nordiska-landerna","status":"publish","type":"post","link":"https:\/\/www.sttk.fi\/sv\/2023\/06\/08\/finlandarna-forhaller-sig-negativare-till-den-grona-omstallningen-an-befolkningen-i-de-ovriga-nordiska-landerna\/","title":{"rendered":"Finl\u00e4ndarna f\u00f6rh\u00e5ller sig negativare till den gr\u00f6na omst\u00e4llningen \u00e4n befolkningen i de \u00f6vriga nordiska l\u00e4nderna"},"content":{"rendered":"\n<p class=\"lead-paragraph\">J\u00e4mf\u00f6rt med befolkningen i de \u00f6vriga nordiska l\u00e4nderna ser finl\u00e4ndarna klimatf\u00f6r\u00e4ndringen som ett mindre allvarligt hot, de anser att kostnaderna f\u00f6r klimat\u00e5tg\u00e4rderna \u00e4r f\u00f6r h\u00f6ga och de \u00e4r inte lika villiga att satsa offentliga medel p\u00e5 att bek\u00e4mpa klimatf\u00f6r\u00e4ndringen. Det visar en enk\u00e4t som Nordiska r\u00e5det har l\u00e5tit g\u00f6ra. Finl\u00e4ndarna \u00e4r ocks\u00e5 mer bekymrade \u00e4n genomsnittet \u00f6ver hur klimat\u00e5tg\u00e4rderna p\u00e5verkar syssels\u00e4ttningen.<\/p>\n\n\n\n<p>Av finl\u00e4ndarna h\u00f6ll 55 procent med om att klimatf\u00f6r\u00e4ndringen \u00e4r ett allvarligt eller mycket allvarligt problem. Andelen \u00e4r klart l\u00e4gre \u00e4n i Danmark (80 %), Sverige (75 %), Island (72 %) och Norge (71 %).<\/p>\n\n\n\n<p>N\u00e4r de fick fr\u00e5gan om mer offentliga medel borde satsas p\u00e5 att bek\u00e4mpa klimatf\u00f6r\u00e4ndringen, \u00e4ven om det skulle inneb\u00e4ra skatteh\u00f6jningar, var andelen av de svarande som skulle vara beredd att g\u00f6ra det 55 procent i Sverige, 52 procent i Danmark, 48 procent i Norge, 46 procent i Island och bara 37 procent i Finland.<\/p>\n\n\n\n<figure class=\"wp-block-image size-full\"><a href=\"https:\/\/www.sttk.fi\/wp-content\/uploads\/sites\/2\/2023\/06\/vs2023-julkiset-varat.png\"><img loading=\"lazy\" decoding=\"async\" width=\"642\" height=\"402\" src=\"https:\/\/www.sttk.fi\/wp-content\/uploads\/sites\/2\/2023\/06\/vs2023-julkiset-varat.png\" alt=\"\" class=\"wp-image-46666\" srcset=\"https:\/\/www.sttk.fi\/wp-content\/uploads\/sites\/2\/2023\/06\/vs2023-julkiset-varat.png 642w, https:\/\/www.sttk.fi\/wp-content\/uploads\/sites\/2\/2023\/06\/vs2023-julkiset-varat-300x188.png 300w, https:\/\/www.sttk.fi\/wp-content\/uploads\/sites\/2\/2023\/06\/vs2023-julkiset-varat-320x200.png 320w, https:\/\/www.sttk.fi\/wp-content\/uploads\/sites\/2\/2023\/06\/vs2023-julkiset-varat-14x8.png 14w\" sizes=\"auto, (max-width: 642px) 100vw, 642px\" \/><\/a><\/figure>\n\n\n\n<p>\u2013 L\u00e4nderna har olika m\u00f6jligheter att anv\u00e4nda offentliga medel och man kan ifr\u00e5gas\u00e4tta hur effektiva \u00e5tg\u00e4rderna \u00e4r. Men i svaren syns finl\u00e4ndarnas tvivlande inst\u00e4llning till \u00e5tg\u00e4rderna mot klimatf\u00f6r\u00e4ndringen i sin helhet. Skillnaden till de \u00f6vriga nordiska l\u00e4nderna \u00e4r klar, konstaterar <strong>Pia Bj\u00f6rkbacka<\/strong> som \u00e4r internationell expert p\u00e5 FFC.<\/p>\n\n\n\n<p>Det \u00e4r viktigt att f\u00f6rb\u00e4ttra kunskaperna om vilka konsekvenser klimatf\u00f6r\u00e4ndringen f\u00e5r f\u00f6r folks vardag. Samtidigt m\u00e5ste man ta oron p\u00e5 allvar. F\u00f6r att det ska lyckas m\u00e5ste omst\u00e4llningen vara r\u00e4ttvis. I de nationella och branschspecifika klimatplanerna m\u00e5ste man g\u00f6ra kartl\u00e4ggningar av syssels\u00e4ttningen och kompetensbehovet, s\u00e5 att arbetstagarna kan f\u00f6rutse f\u00f6r\u00e4ndringarna. Arbetstagarna m\u00e5ste involveras i planeringen och genomf\u00f6randet av klimat\u00e5tg\u00e4rder p\u00e5 arbetsplatserna.<\/p>\n\n\n\n<p>\u2013 Satsningar p\u00e5 arbetstagarnas kunnande \u00e4r det b\u00e4sta s\u00e4ttet att s\u00e4kerst\u00e4lla att de har m\u00f6jlighet att vara delaktiga i f\u00f6r\u00e4ndringen. Det \u00e4r ocks\u00e5 ett s\u00e4tt att \u00f6ka kompetensutbudet, vilket \u00e4r viktigt n\u00e4r man konkurrerar om investeringar i den gr\u00f6na omst\u00e4llningen, betonar <strong>Jaakko Haikonen<\/strong> som sakkunnig i klimat- och energifr\u00e5gor p\u00e5 STTK.<\/p>\n\n\n\n<h3 class=\"wp-block-heading\">Majoriteten av finl\u00e4ndarna tror inte p\u00e5 ekonomiska f\u00f6rdelar med gr\u00f6n omst\u00e4llning<\/h3>\n\n\n\n<p>Ocks\u00e5 n\u00e4r man fr\u00e5gade om \u00e5tg\u00e4rderna mot klimatf\u00f6r\u00e4ndringen medf\u00f6r ekonomisk nytta skiljde sig finl\u00e4ndarnas \u00e5sikter fr\u00e5n den \u00f6vriga nordiska befolkningens. Av finl\u00e4ndarna ans\u00e5g 46 procent att \u00e5tg\u00e4rderna mot klimatf\u00f6r\u00e4ndringen medf\u00f6r ekonomiska f\u00f6rdelar f\u00f6r samh\u00e4llsekonomin i det egna landet. Motsvarande siffra var 61 procent i Island, 58 procent i Danmark och 56 procent i Sverige. I Norge, som \u00e4r en stor oljeproducent, var siffran 42 procent.<\/p>\n\n\n\n<figure class=\"wp-block-image size-full\"><a href=\"https:\/\/www.sttk.fi\/wp-content\/uploads\/sites\/2\/2023\/06\/vs2023-hyodyt-kansantaloudelle.png\"><img loading=\"lazy\" decoding=\"async\" width=\"642\" height=\"401\" src=\"https:\/\/www.sttk.fi\/wp-content\/uploads\/sites\/2\/2023\/06\/vs2023-hyodyt-kansantaloudelle.png\" alt=\"\" class=\"wp-image-46677\" srcset=\"https:\/\/www.sttk.fi\/wp-content\/uploads\/sites\/2\/2023\/06\/vs2023-hyodyt-kansantaloudelle.png 642w, https:\/\/www.sttk.fi\/wp-content\/uploads\/sites\/2\/2023\/06\/vs2023-hyodyt-kansantaloudelle-300x187.png 300w, https:\/\/www.sttk.fi\/wp-content\/uploads\/sites\/2\/2023\/06\/vs2023-hyodyt-kansantaloudelle-320x200.png 320w, https:\/\/www.sttk.fi\/wp-content\/uploads\/sites\/2\/2023\/06\/vs2023-hyodyt-kansantaloudelle-14x8.png 14w\" sizes=\"auto, (max-width: 642px) 100vw, 642px\" \/><\/a><\/figure>\n\n\n\n<p>Enk\u00e4ten gjordes i h\u00f6stas n\u00e4r energipriserna var h\u00f6ga och det f\u00f6rdes mycket diskussion om huruvida tillg\u00e5ngen till energi var tillr\u00e4cklig. Det har garanterat p\u00e5verkat \u00e5sikterna. Det \u00e4r f\u00f6rst efter att enk\u00e4ten gjordes som det har talats mer om investeringar i den gr\u00f6na omst\u00e4llningen och den positiva inverkan som investeringarna kan ha p\u00e5 syssels\u00e4ttningen. Det betyder att resultaten kunde se mycket annorlunda ut om enk\u00e4ten gjordes nu.<\/p>\n\n\n\n<p>\u2013 I vilket fall som helst anser inte finl\u00e4ndarna att hotet som klimatf\u00f6r\u00e4ndringen medf\u00f6r \u00e4r lika allvarligt som befolkningen i de \u00f6vriga nordiska l\u00e4nderna, och finl\u00e4ndarna anser inte heller att m\u00f6jligheterna med den gr\u00f6na omst\u00e4llningen \u00e4r lika stora. Ligger vi i Finland faktiskt efter n\u00e4r det g\u00e4ller investeringar, eller \u00e4r det s\u00e5 att vi inte har lyckats ber\u00e4tta om de positiva m\u00f6jligheterna p\u00e5 arbetsplatserna och i offentligheten, funderar Bj\u00f6rkbacka och Haikonen.<\/p>\n\n\n\n<p>P\u00e5 fr\u00e5gan om \u00e5tg\u00e4rderna mot klimatf\u00f6r\u00e4ndringen g\u00f6r det m\u00f6jligt att skapa fler arbetstillf\u00e4llen var skillnaderna i svaren mindre mellan l\u00e4nderna. Ocks\u00e5 h\u00e4r var finl\u00e4ndarna mest tveksamma. Av de finl\u00e4ndare som svarade p\u00e5 enk\u00e4ten trodde endast 27 procent att det uppst\u00e5r nya jobb i samband med den gr\u00f6na omst\u00e4llningen. I Sverige och Norge var siffran 30 procent, i Island 35 procent och i Danmark 37 procent.<\/p>\n\n\n\n<p><strong>Mer information:<\/strong> <br>Pia Bj\u00f6rkbacka, internationell expert, FFC, tfn 050 464 5342<br>Jaakko Haikonen, sakkunnig i klimat- och energifr\u00e5gor, STTK, tfn 0400 273\u00a0385<\/p>\n","protected":false},"excerpt":{"rendered":"J\u00e4mf\u00f6rt med befolkningen i de \u00f6vriga nordiska l\u00e4nderna ser finl\u00e4ndarna klimatf\u00f6r\u00e4ndringen som ett mindre allvarligt hot, de anser&#8230; ","protected":false},"author":3,"featured_media":46673,"comment_status":"closed","ping_status":"closed","sticky":false,"template":"","format":"standard","meta":{"_acf_changed":false,"lead_paragraph":"","footnotes":""},"categories":[135],"subject":[312,496],"class_list":["post-46702","post","type-post","status-publish","format-standard","has-post-thumbnail","hentry","category-pressmeddelande","subject-klimatforandring","subject-tyollisyys-sv"],"acf":{"lead_paragraph":""},"yoast_head":"<!-- This site is optimized with the Yoast SEO plugin v27.5 - https:\/\/yoast.com\/product\/yoast-seo-wordpress\/ -->\n<title>Finl\u00e4ndarna f\u00f6rh\u00e5ller sig negativare till den gr\u00f6na omst\u00e4llningen \u00e4n befolkningen i de \u00f6vriga nordiska l\u00e4nderna - STTK<\/title>\n<meta name=\"description\" content=\"Finl\u00e4ndarna \u00e4r ocks\u00e5 mer bekymrade \u00e4n genomsnittet \u00f6ver hur klimat\u00e5tg\u00e4rderna p\u00e5verkar syssels\u00e4ttningen.\" \/>\n<meta name=\"robots\" content=\"index, follow, max-snippet:-1, max-image-preview:large, max-video-preview:-1\" \/>\n<link rel=\"canonical\" href=\"https:\/\/www.sttk.fi\/sv\/2023\/06\/08\/finlandarna-forhaller-sig-negativare-till-den-grona-omstallningen-an-befolkningen-i-de-ovriga-nordiska-landerna\/\" \/>\n<meta property=\"og:locale\" content=\"sv_SE\" \/>\n<meta property=\"og:type\" content=\"article\" \/>\n<meta property=\"og:title\" content=\"Finl\u00e4ndarna f\u00f6rh\u00e5ller sig negativare till den gr\u00f6na omst\u00e4llningen \u00e4n befolkningen i de \u00f6vriga nordiska l\u00e4nderna - STTK\" \/>\n<meta property=\"og:description\" content=\"Finl\u00e4ndarna \u00e4r ocks\u00e5 mer bekymrade \u00e4n genomsnittet \u00f6ver hur klimat\u00e5tg\u00e4rderna p\u00e5verkar syssels\u00e4ttningen.\" \/>\n<meta property=\"og:url\" content=\"https:\/\/www.sttk.fi\/sv\/2023\/06\/08\/finlandarna-forhaller-sig-negativare-till-den-grona-omstallningen-an-befolkningen-i-de-ovriga-nordiska-landerna\/\" \/>\n<meta property=\"og:site_name\" content=\"STTK\" \/>\n<meta property=\"article:publisher\" content=\"https:\/\/www.facebook.com\/#%21%2fKeskusjarjestoSTTK\" \/>\n<meta property=\"article:published_time\" content=\"2023-06-08T07:37:31+00:00\" \/>\n<meta property=\"article:modified_time\" content=\"2023-06-08T07:37:32+00:00\" \/>\n<meta property=\"og:image\" content=\"https:\/\/www.sttk.fi\/wp-content\/uploads\/sites\/2\/2023\/06\/ilmasto_juna-asema.jpg\" \/>\n\t<meta property=\"og:image:width\" content=\"1200\" \/>\n\t<meta property=\"og:image:height\" content=\"800\" \/>\n\t<meta property=\"og:image:type\" content=\"image\/jpeg\" \/>\n<meta name=\"twitter:card\" content=\"summary_large_image\" \/>\n<meta name=\"twitter:creator\" content=\"@STTKMikonkatu\" \/>\n<meta name=\"twitter:site\" content=\"@STTKMikonkatu\" \/>\n<meta name=\"twitter:label1\" content=\"Written by\" \/>\n\t<meta name=\"twitter:data1\" content=\"paka\" \/>\n\t<meta name=\"twitter:label2\" content=\"Est. reading time\" \/>\n\t<meta name=\"twitter:data2\" content=\"5 minuter\" \/>\n<script type=\"application\/ld+json\" class=\"yoast-schema-graph\">{\"@context\":\"https:\\\/\\\/schema.org\",\"@graph\":[{\"@type\":\"Article\",\"@id\":\"https:\\\/\\\/www.sttk.fi\\\/sv\\\/2023\\\/06\\\/08\\\/finlandarna-forhaller-sig-negativare-till-den-grona-omstallningen-an-befolkningen-i-de-ovriga-nordiska-landerna\\\/#article\",\"isPartOf\":{\"@id\":\"https:\\\/\\\/www.sttk.fi\\\/sv\\\/2023\\\/06\\\/08\\\/finlandarna-forhaller-sig-negativare-till-den-grona-omstallningen-an-befolkningen-i-de-ovriga-nordiska-landerna\\\/\"},\"author\":{\"name\":\"paka\",\"@id\":\"https:\\\/\\\/www.sttk.fi\\\/#\\\/schema\\\/person\\\/58abb54d7b15ed34e29dc4514a5c1210\"},\"headline\":\"Finl\u00e4ndarna f\u00f6rh\u00e5ller sig negativare till den gr\u00f6na omst\u00e4llningen \u00e4n befolkningen i de \u00f6vriga nordiska l\u00e4nderna\",\"datePublished\":\"2023-06-08T07:37:31+00:00\",\"dateModified\":\"2023-06-08T07:37:32+00:00\",\"mainEntityOfPage\":{\"@id\":\"https:\\\/\\\/www.sttk.fi\\\/sv\\\/2023\\\/06\\\/08\\\/finlandarna-forhaller-sig-negativare-till-den-grona-omstallningen-an-befolkningen-i-de-ovriga-nordiska-landerna\\\/\"},\"wordCount\":749,\"publisher\":{\"@id\":\"https:\\\/\\\/www.sttk.fi\\\/#organization\"},\"image\":{\"@id\":\"https:\\\/\\\/www.sttk.fi\\\/sv\\\/2023\\\/06\\\/08\\\/finlandarna-forhaller-sig-negativare-till-den-grona-omstallningen-an-befolkningen-i-de-ovriga-nordiska-landerna\\\/#primaryimage\"},\"thumbnailUrl\":\"https:\\\/\\\/www.sttk.fi\\\/wp-content\\\/uploads\\\/sites\\\/2\\\/2023\\\/06\\\/ilmasto_juna-asema.jpg\",\"articleSection\":[\"Pressmeddelande\"],\"inLanguage\":\"sv-SE\"},{\"@type\":\"WebPage\",\"@id\":\"https:\\\/\\\/www.sttk.fi\\\/sv\\\/2023\\\/06\\\/08\\\/finlandarna-forhaller-sig-negativare-till-den-grona-omstallningen-an-befolkningen-i-de-ovriga-nordiska-landerna\\\/\",\"url\":\"https:\\\/\\\/www.sttk.fi\\\/sv\\\/2023\\\/06\\\/08\\\/finlandarna-forhaller-sig-negativare-till-den-grona-omstallningen-an-befolkningen-i-de-ovriga-nordiska-landerna\\\/\",\"name\":\"Finl\u00e4ndarna f\u00f6rh\u00e5ller sig negativare till den gr\u00f6na omst\u00e4llningen \u00e4n befolkningen i de \u00f6vriga nordiska l\u00e4nderna - STTK\",\"isPartOf\":{\"@id\":\"https:\\\/\\\/www.sttk.fi\\\/#website\"},\"primaryImageOfPage\":{\"@id\":\"https:\\\/\\\/www.sttk.fi\\\/sv\\\/2023\\\/06\\\/08\\\/finlandarna-forhaller-sig-negativare-till-den-grona-omstallningen-an-befolkningen-i-de-ovriga-nordiska-landerna\\\/#primaryimage\"},\"image\":{\"@id\":\"https:\\\/\\\/www.sttk.fi\\\/sv\\\/2023\\\/06\\\/08\\\/finlandarna-forhaller-sig-negativare-till-den-grona-omstallningen-an-befolkningen-i-de-ovriga-nordiska-landerna\\\/#primaryimage\"},\"thumbnailUrl\":\"https:\\\/\\\/www.sttk.fi\\\/wp-content\\\/uploads\\\/sites\\\/2\\\/2023\\\/06\\\/ilmasto_juna-asema.jpg\",\"datePublished\":\"2023-06-08T07:37:31+00:00\",\"dateModified\":\"2023-06-08T07:37:32+00:00\",\"description\":\"Finl\u00e4ndarna \u00e4r ocks\u00e5 mer bekymrade \u00e4n genomsnittet \u00f6ver hur klimat\u00e5tg\u00e4rderna p\u00e5verkar syssels\u00e4ttningen.\",\"breadcrumb\":{\"@id\":\"https:\\\/\\\/www.sttk.fi\\\/sv\\\/2023\\\/06\\\/08\\\/finlandarna-forhaller-sig-negativare-till-den-grona-omstallningen-an-befolkningen-i-de-ovriga-nordiska-landerna\\\/#breadcrumb\"},\"inLanguage\":\"sv-SE\",\"potentialAction\":[{\"@type\":\"ReadAction\",\"target\":[\"https:\\\/\\\/www.sttk.fi\\\/sv\\\/2023\\\/06\\\/08\\\/finlandarna-forhaller-sig-negativare-till-den-grona-omstallningen-an-befolkningen-i-de-ovriga-nordiska-landerna\\\/\"]}]},{\"@type\":\"ImageObject\",\"inLanguage\":\"sv-SE\",\"@id\":\"https:\\\/\\\/www.sttk.fi\\\/sv\\\/2023\\\/06\\\/08\\\/finlandarna-forhaller-sig-negativare-till-den-grona-omstallningen-an-befolkningen-i-de-ovriga-nordiska-landerna\\\/#primaryimage\",\"url\":\"https:\\\/\\\/www.sttk.fi\\\/wp-content\\\/uploads\\\/sites\\\/2\\\/2023\\\/06\\\/ilmasto_juna-asema.jpg\",\"contentUrl\":\"https:\\\/\\\/www.sttk.fi\\\/wp-content\\\/uploads\\\/sites\\\/2\\\/2023\\\/06\\\/ilmasto_juna-asema.jpg\",\"width\":1200,\"height\":800,\"caption\":\"mies juna-asemalla\"},{\"@type\":\"BreadcrumbList\",\"@id\":\"https:\\\/\\\/www.sttk.fi\\\/sv\\\/2023\\\/06\\\/08\\\/finlandarna-forhaller-sig-negativare-till-den-grona-omstallningen-an-befolkningen-i-de-ovriga-nordiska-landerna\\\/#breadcrumb\",\"itemListElement\":[{\"@type\":\"ListItem\",\"position\":1,\"name\":\"Home\",\"item\":\"https:\\\/\\\/www.sttk.fi\\\/sv\\\/\"},{\"@type\":\"ListItem\",\"position\":2,\"name\":\"Finl\u00e4ndarna f\u00f6rh\u00e5ller sig negativare till den gr\u00f6na omst\u00e4llningen \u00e4n befolkningen i de \u00f6vriga nordiska l\u00e4nderna\"}]},{\"@type\":\"WebSite\",\"@id\":\"https:\\\/\\\/www.sttk.fi\\\/#website\",\"url\":\"https:\\\/\\\/www.sttk.fi\\\/\",\"name\":\"STTK\",\"description\":\"\",\"publisher\":{\"@id\":\"https:\\\/\\\/www.sttk.fi\\\/#organization\"},\"potentialAction\":[{\"@type\":\"SearchAction\",\"target\":{\"@type\":\"EntryPoint\",\"urlTemplate\":\"https:\\\/\\\/www.sttk.fi\\\/?s={search_term_string}\"},\"query-input\":{\"@type\":\"PropertyValueSpecification\",\"valueRequired\":true,\"valueName\":\"search_term_string\"}}],\"inLanguage\":\"sv-SE\"},{\"@type\":\"Organization\",\"@id\":\"https:\\\/\\\/www.sttk.fi\\\/#organization\",\"name\":\"STTK\",\"url\":\"https:\\\/\\\/www.sttk.fi\\\/\",\"logo\":{\"@type\":\"ImageObject\",\"inLanguage\":\"sv-SE\",\"@id\":\"https:\\\/\\\/www.sttk.fi\\\/#\\\/schema\\\/logo\\\/image\\\/\",\"url\":\"https:\\\/\\\/www.sttk.fi\\\/wp-content\\\/uploads\\\/sites\\\/2\\\/2025\\\/12\\\/vector3.svg\",\"contentUrl\":\"https:\\\/\\\/www.sttk.fi\\\/wp-content\\\/uploads\\\/sites\\\/2\\\/2025\\\/12\\\/vector3.svg\",\"caption\":\"STTK\"},\"image\":{\"@id\":\"https:\\\/\\\/www.sttk.fi\\\/#\\\/schema\\\/logo\\\/image\\\/\"},\"sameAs\":[\"https:\\\/\\\/www.facebook.com\\\/#!\\\/KeskusjarjestoSTTK\",\"https:\\\/\\\/x.com\\\/STTKMikonkatu\",\"http:\\\/\\\/www.youtube.com\\\/user\\\/protoimihenkilot\"]},{\"@type\":\"Person\",\"@id\":\"https:\\\/\\\/www.sttk.fi\\\/#\\\/schema\\\/person\\\/58abb54d7b15ed34e29dc4514a5c1210\",\"name\":\"paka\",\"image\":{\"@type\":\"ImageObject\",\"inLanguage\":\"sv-SE\",\"@id\":\"https:\\\/\\\/secure.gravatar.com\\\/avatar\\\/4475a9b815f64182a53e96cb5d0f5f7720cc03120a202c52530424ca5902a916?s=96&d=mm&r=g\",\"url\":\"https:\\\/\\\/secure.gravatar.com\\\/avatar\\\/4475a9b815f64182a53e96cb5d0f5f7720cc03120a202c52530424ca5902a916?s=96&d=mm&r=g\",\"contentUrl\":\"https:\\\/\\\/secure.gravatar.com\\\/avatar\\\/4475a9b815f64182a53e96cb5d0f5f7720cc03120a202c52530424ca5902a916?s=96&d=mm&r=g\",\"caption\":\"paka\"},\"url\":\"https:\\\/\\\/www.sttk.fi\\\/sv\\\/author\\\/paka\\\/\"}]}<\/script>\n<!-- \/ Yoast SEO plugin. -->","yoast_head_json":{"title":"Finl\u00e4ndarna f\u00f6rh\u00e5ller sig negativare till den gr\u00f6na omst\u00e4llningen \u00e4n befolkningen i de \u00f6vriga nordiska l\u00e4nderna - STTK","description":"Finl\u00e4ndarna \u00e4r ocks\u00e5 mer bekymrade \u00e4n genomsnittet \u00f6ver hur klimat\u00e5tg\u00e4rderna p\u00e5verkar syssels\u00e4ttningen.","robots":{"index":"index","follow":"follow","max-snippet":"max-snippet:-1","max-image-preview":"max-image-preview:large","max-video-preview":"max-video-preview:-1"},"canonical":"https:\/\/www.sttk.fi\/sv\/2023\/06\/08\/finlandarna-forhaller-sig-negativare-till-den-grona-omstallningen-an-befolkningen-i-de-ovriga-nordiska-landerna\/","og_locale":"sv_SE","og_type":"article","og_title":"Finl\u00e4ndarna f\u00f6rh\u00e5ller sig negativare till den gr\u00f6na omst\u00e4llningen \u00e4n befolkningen i de \u00f6vriga nordiska l\u00e4nderna - STTK","og_description":"Finl\u00e4ndarna \u00e4r ocks\u00e5 mer bekymrade \u00e4n genomsnittet \u00f6ver hur klimat\u00e5tg\u00e4rderna p\u00e5verkar syssels\u00e4ttningen.","og_url":"https:\/\/www.sttk.fi\/sv\/2023\/06\/08\/finlandarna-forhaller-sig-negativare-till-den-grona-omstallningen-an-befolkningen-i-de-ovriga-nordiska-landerna\/","og_site_name":"STTK","article_publisher":"https:\/\/www.facebook.com\/#%21%2fKeskusjarjestoSTTK","article_published_time":"2023-06-08T07:37:31+00:00","article_modified_time":"2023-06-08T07:37:32+00:00","og_image":[{"width":1200,"height":800,"url":"https:\/\/www.sttk.fi\/wp-content\/uploads\/sites\/2\/2023\/06\/ilmasto_juna-asema.jpg","type":"image\/jpeg"}],"twitter_card":"summary_large_image","twitter_creator":"@STTKMikonkatu","twitter_site":"@STTKMikonkatu","twitter_misc":{"Written by":"paka","Est. reading time":"5 minuter"},"schema":{"@context":"https:\/\/schema.org","@graph":[{"@type":"Article","@id":"https:\/\/www.sttk.fi\/sv\/2023\/06\/08\/finlandarna-forhaller-sig-negativare-till-den-grona-omstallningen-an-befolkningen-i-de-ovriga-nordiska-landerna\/#article","isPartOf":{"@id":"https:\/\/www.sttk.fi\/sv\/2023\/06\/08\/finlandarna-forhaller-sig-negativare-till-den-grona-omstallningen-an-befolkningen-i-de-ovriga-nordiska-landerna\/"},"author":{"name":"paka","@id":"https:\/\/www.sttk.fi\/#\/schema\/person\/58abb54d7b15ed34e29dc4514a5c1210"},"headline":"Finl\u00e4ndarna f\u00f6rh\u00e5ller sig negativare till den gr\u00f6na omst\u00e4llningen \u00e4n befolkningen i de \u00f6vriga nordiska l\u00e4nderna","datePublished":"2023-06-08T07:37:31+00:00","dateModified":"2023-06-08T07:37:32+00:00","mainEntityOfPage":{"@id":"https:\/\/www.sttk.fi\/sv\/2023\/06\/08\/finlandarna-forhaller-sig-negativare-till-den-grona-omstallningen-an-befolkningen-i-de-ovriga-nordiska-landerna\/"},"wordCount":749,"publisher":{"@id":"https:\/\/www.sttk.fi\/#organization"},"image":{"@id":"https:\/\/www.sttk.fi\/sv\/2023\/06\/08\/finlandarna-forhaller-sig-negativare-till-den-grona-omstallningen-an-befolkningen-i-de-ovriga-nordiska-landerna\/#primaryimage"},"thumbnailUrl":"https:\/\/www.sttk.fi\/wp-content\/uploads\/sites\/2\/2023\/06\/ilmasto_juna-asema.jpg","articleSection":["Pressmeddelande"],"inLanguage":"sv-SE"},{"@type":"WebPage","@id":"https:\/\/www.sttk.fi\/sv\/2023\/06\/08\/finlandarna-forhaller-sig-negativare-till-den-grona-omstallningen-an-befolkningen-i-de-ovriga-nordiska-landerna\/","url":"https:\/\/www.sttk.fi\/sv\/2023\/06\/08\/finlandarna-forhaller-sig-negativare-till-den-grona-omstallningen-an-befolkningen-i-de-ovriga-nordiska-landerna\/","name":"Finl\u00e4ndarna f\u00f6rh\u00e5ller sig negativare till den gr\u00f6na omst\u00e4llningen \u00e4n befolkningen i de \u00f6vriga nordiska l\u00e4nderna - STTK","isPartOf":{"@id":"https:\/\/www.sttk.fi\/#website"},"primaryImageOfPage":{"@id":"https:\/\/www.sttk.fi\/sv\/2023\/06\/08\/finlandarna-forhaller-sig-negativare-till-den-grona-omstallningen-an-befolkningen-i-de-ovriga-nordiska-landerna\/#primaryimage"},"image":{"@id":"https:\/\/www.sttk.fi\/sv\/2023\/06\/08\/finlandarna-forhaller-sig-negativare-till-den-grona-omstallningen-an-befolkningen-i-de-ovriga-nordiska-landerna\/#primaryimage"},"thumbnailUrl":"https:\/\/www.sttk.fi\/wp-content\/uploads\/sites\/2\/2023\/06\/ilmasto_juna-asema.jpg","datePublished":"2023-06-08T07:37:31+00:00","dateModified":"2023-06-08T07:37:32+00:00","description":"Finl\u00e4ndarna \u00e4r ocks\u00e5 mer bekymrade \u00e4n genomsnittet \u00f6ver hur klimat\u00e5tg\u00e4rderna p\u00e5verkar syssels\u00e4ttningen.","breadcrumb":{"@id":"https:\/\/www.sttk.fi\/sv\/2023\/06\/08\/finlandarna-forhaller-sig-negativare-till-den-grona-omstallningen-an-befolkningen-i-de-ovriga-nordiska-landerna\/#breadcrumb"},"inLanguage":"sv-SE","potentialAction":[{"@type":"ReadAction","target":["https:\/\/www.sttk.fi\/sv\/2023\/06\/08\/finlandarna-forhaller-sig-negativare-till-den-grona-omstallningen-an-befolkningen-i-de-ovriga-nordiska-landerna\/"]}]},{"@type":"ImageObject","inLanguage":"sv-SE","@id":"https:\/\/www.sttk.fi\/sv\/2023\/06\/08\/finlandarna-forhaller-sig-negativare-till-den-grona-omstallningen-an-befolkningen-i-de-ovriga-nordiska-landerna\/#primaryimage","url":"https:\/\/www.sttk.fi\/wp-content\/uploads\/sites\/2\/2023\/06\/ilmasto_juna-asema.jpg","contentUrl":"https:\/\/www.sttk.fi\/wp-content\/uploads\/sites\/2\/2023\/06\/ilmasto_juna-asema.jpg","width":1200,"height":800,"caption":"mies juna-asemalla"},{"@type":"BreadcrumbList","@id":"https:\/\/www.sttk.fi\/sv\/2023\/06\/08\/finlandarna-forhaller-sig-negativare-till-den-grona-omstallningen-an-befolkningen-i-de-ovriga-nordiska-landerna\/#breadcrumb","itemListElement":[{"@type":"ListItem","position":1,"name":"Home","item":"https:\/\/www.sttk.fi\/sv\/"},{"@type":"ListItem","position":2,"name":"Finl\u00e4ndarna f\u00f6rh\u00e5ller sig negativare till den gr\u00f6na omst\u00e4llningen \u00e4n befolkningen i de \u00f6vriga nordiska l\u00e4nderna"}]},{"@type":"WebSite","@id":"https:\/\/www.sttk.fi\/#website","url":"https:\/\/www.sttk.fi\/","name":"STTK","description":"","publisher":{"@id":"https:\/\/www.sttk.fi\/#organization"},"potentialAction":[{"@type":"SearchAction","target":{"@type":"EntryPoint","urlTemplate":"https:\/\/www.sttk.fi\/?s={search_term_string}"},"query-input":{"@type":"PropertyValueSpecification","valueRequired":true,"valueName":"search_term_string"}}],"inLanguage":"sv-SE"},{"@type":"Organization","@id":"https:\/\/www.sttk.fi\/#organization","name":"STTK","url":"https:\/\/www.sttk.fi\/","logo":{"@type":"ImageObject","inLanguage":"sv-SE","@id":"https:\/\/www.sttk.fi\/#\/schema\/logo\/image\/","url":"https:\/\/www.sttk.fi\/wp-content\/uploads\/sites\/2\/2025\/12\/vector3.svg","contentUrl":"https:\/\/www.sttk.fi\/wp-content\/uploads\/sites\/2\/2025\/12\/vector3.svg","caption":"STTK"},"image":{"@id":"https:\/\/www.sttk.fi\/#\/schema\/logo\/image\/"},"sameAs":["https:\/\/www.facebook.com\/#!\/KeskusjarjestoSTTK","https:\/\/x.com\/STTKMikonkatu","http:\/\/www.youtube.com\/user\/protoimihenkilot"]},{"@type":"Person","@id":"https:\/\/www.sttk.fi\/#\/schema\/person\/58abb54d7b15ed34e29dc4514a5c1210","name":"paka","image":{"@type":"ImageObject","inLanguage":"sv-SE","@id":"https:\/\/secure.gravatar.com\/avatar\/4475a9b815f64182a53e96cb5d0f5f7720cc03120a202c52530424ca5902a916?s=96&d=mm&r=g","url":"https:\/\/secure.gravatar.com\/avatar\/4475a9b815f64182a53e96cb5d0f5f7720cc03120a202c52530424ca5902a916?s=96&d=mm&r=g","contentUrl":"https:\/\/secure.gravatar.com\/avatar\/4475a9b815f64182a53e96cb5d0f5f7720cc03120a202c52530424ca5902a916?s=96&d=mm&r=g","caption":"paka"},"url":"https:\/\/www.sttk.fi\/sv\/author\/paka\/"}]}},"_links":{"self":[{"href":"https:\/\/www.sttk.fi\/sv\/wp-json\/wp\/v2\/posts\/46702","targetHints":{"allow":["GET"]}}],"collection":[{"href":"https:\/\/www.sttk.fi\/sv\/wp-json\/wp\/v2\/posts"}],"about":[{"href":"https:\/\/www.sttk.fi\/sv\/wp-json\/wp\/v2\/types\/post"}],"author":[{"embeddable":true,"href":"https:\/\/www.sttk.fi\/sv\/wp-json\/wp\/v2\/users\/3"}],"replies":[{"embeddable":true,"href":"https:\/\/www.sttk.fi\/sv\/wp-json\/wp\/v2\/comments?post=46702"}],"version-history":[{"count":2,"href":"https:\/\/www.sttk.fi\/sv\/wp-json\/wp\/v2\/posts\/46702\/revisions"}],"predecessor-version":[{"id":46704,"href":"https:\/\/www.sttk.fi\/sv\/wp-json\/wp\/v2\/posts\/46702\/revisions\/46704"}],"wp:featuredmedia":[{"embeddable":true,"href":"https:\/\/www.sttk.fi\/sv\/wp-json\/wp\/v2\/media\/46673"}],"wp:attachment":[{"href":"https:\/\/www.sttk.fi\/sv\/wp-json\/wp\/v2\/media?parent=46702"}],"wp:term":[{"taxonomy":"category","embeddable":true,"href":"https:\/\/www.sttk.fi\/sv\/wp-json\/wp\/v2\/categories?post=46702"},{"taxonomy":"subject","embeddable":true,"href":"https:\/\/www.sttk.fi\/sv\/wp-json\/wp\/v2\/subject?post=46702"}],"curies":[{"name":"wp","href":"https:\/\/api.w.org\/{rel}","templated":true}]}}