{"id":44525,"date":"2023-01-19T12:15:25","date_gmt":"2023-01-19T10:15:25","guid":{"rendered":"https:\/\/www.sttk.fi\/?p=44525"},"modified":"2023-01-19T12:15:26","modified_gmt":"2023-01-19T10:15:26","slug":"sttk-ingen-balans-i-ekonomin-med-kortsiktiga-sparatgarder-och-atstramning-for-de-mest-utsatta","status":"publish","type":"post","link":"https:\/\/www.sttk.fi\/sv\/2023\/01\/19\/sttk-ingen-balans-i-ekonomin-med-kortsiktiga-sparatgarder-och-atstramning-for-de-mest-utsatta\/","title":{"rendered":"STTK: Ingen balans i ekonomin med kortsiktiga spar\u00e5tg\u00e4rder och \u00e5tstramning f\u00f6r de mest utsatta  "},"content":{"rendered":"\n<p>STTK genomf\u00f6rde i h\u00f6stas en f\u00f6rfr\u00e5gan med anledning av det instundande riksdagsvalet. Enligt f\u00f6rfr\u00e5gan har 36&nbsp;procent av medborgarna f\u00e5tt det ekonomiskt s\u00e4mre under innevarande valperiod. Av svarspersonerna uppgav 46&nbsp;procent att deras ekonomi inte p\u00e5verkats och endast 13&nbsp;procent s\u00e4ger att de f\u00e5tt det ekonomiskt b\u00e4ttre. F\u00f6rs\u00e4mringen var brantast (48&nbsp;%) hos dem som redan h\u00f6rde till l\u00e5ginkomsttagarna, det vill s\u00e4ga som tj\u00e4nade under 2&nbsp;000&nbsp;euro. Bland hush\u00e5llen var f\u00f6rs\u00e4mringen st\u00f6rst bland enpersonshush\u00e5llen.&nbsp;<br>&nbsp;<br>Svaren var ingen \u00f6verraskning f\u00f6r STTK: Under de \u00e5r som f\u00f6rfr\u00e5gan omfattar drabbades vi av coronapandemin, som gick ut \u00f6ver stabila anst\u00e4llningar, orsakade dr\u00f6jsm\u00e5l i studierna och yrkesexamina och f\u00f6rs\u00e4mrade utkomstm\u00f6jligheterna. Kriget i Ukraina har f\u00e5tt inflationstakten att \u00f6ka och gett upphov till en energikris, med diverse pristryck som f\u00f6ljd. Dessutom stiger r\u00e4ntorna.&nbsp;<br>\u2500 L\u00f6nerna har halkat efter de stigande levnadskostnaderna. K\u00f6pkraften har kollapsat. Den mest betydelsefulla metoden f\u00f6r att fixa k\u00f6pkraften \u00e4r l\u00f6neh\u00f6jningar, s\u00e4ger STTK:s ordf\u00f6rande Antti Palola.&nbsp;&nbsp;<\/p>\n\n\n\n<p>Med anledning av det instundande riksdagsvalet diskuterade STTK:s styrelse i dag partiernas fokuseringar f\u00f6r att bringa ekonomin i balans. Det finns \u00e4ven stora skillnader i de uttalade synpunkterna om beskattning, statsskuld och syssels\u00e4ttningsfr\u00e4mjande \u00e5tg\u00e4rder.&nbsp;<br>\u2500 Man b\u00f6r alltid planera ekonomin s\u00e5 att man inte tillgriper kortsiktiga \u00e5tg\u00e4rder, utan fokuserar p\u00e5 l\u00e5ngsiktiga m\u00e5l och prioriteringar. Till exempel att spara p\u00e5 utbildningen \u00e4r v\u00e4ldigt kortsiktigt och kommer att h\u00e4mna sig p\u00e5 l\u00e5ng sikt. Finland har varit framg\u00e5ngsrikt tack vare att h\u00e4r har alla lika m\u00f6jligheter till h\u00f6gkvalitativ utbildning. P\u00e5 det ska vi bygga v\u00e5ra framg\u00e5ngar ocks\u00e5 fram\u00f6ver.&nbsp;&nbsp;<\/p>\n\n\n\n<p>Ekonomin f\u00e5r inte balanseras p\u00e5 bekostnad av dem som redan \u00e4r utsatta och k\u00e4mpar med att f\u00e5 vardagen att g\u00e5 ihop.&nbsp;<br>\u2013 I st\u00e4llet f\u00f6r att uppr\u00e4tta konkurrerande nedsk\u00e4rningslistor borde partierna ha \u00f6gonen p\u00e5 helhetsbilden. Det g\u00e4ller att kunna bed\u00f6ma vilka \u00e5tg\u00e4rder som p\u00e5verkar helheten och vilka nedsk\u00e4rningar som endast s\u00e4tter ekonomin \u00e4nnu mer i gungning f\u00f6r utsatta personer, s\u00e5som arbetsl\u00f6sa och personer med h\u00e4lsoproblem, s\u00e4ger Antti Palola.&nbsp;&nbsp;<\/p>\n\n\n\n<p>Hittills har de f\u00f6reslagna insatserna f\u00f6r att f\u00f6rb\u00e4ttra arbetskraftsutbudet mest varit variationer p\u00e5 temat att f\u00f6rs\u00e4mra utkomstskyddet f\u00f6r arbetsl\u00f6sa.&nbsp;<br>\u2500 STTK godk\u00e4nner inga f\u00f6rs\u00e4mringar av utkomstskyddet f\u00f6r arbetsl\u00f6sa. Vi underst\u00f6djer inte heller att det inkomstrelaterade skyddet utvidgas till personer utanf\u00f6r arbetslivet genom att f\u00f6rs\u00e4mra det nuvarande skyddet, s\u00e4ger Antti Palola.&nbsp;<br>&nbsp;<br><strong>Mer information l\u00e4mnas p\u00e5 STTK av Antti Palola, telefon 040 509 6030.<\/strong><strong>&nbsp;<\/strong><\/p>\n\n\n\n<p><strong>Se resultaten av f\u00f6rfr\u00e5gan (p\u00e5 finska) p\u00e5&nbsp;<\/strong><a href=\"https:\/\/eur01.safelinks.protection.outlook.com\/?url=https:\/\/www.sttk.fi\/materiaalit\/eduskuntavaalikysely-taloudellinen-tilanne\/&amp;data=05|01|taru.soininkallio@sttk.fi|a80d14e67db148d79b8b08daf7c90a46|0465daf59d0b43bfb5bfb5db0a23d736|0|0|638094740066243152|Unknown|TWFpbGZsb3d8eyJWIjoiMC4wLjAwMDAiLCJQIjoiV2luMzIiLCJBTiI6Ik1haWwiLCJXVCI6Mn0=|3000|||&amp;sdata=LrgTxgdCAM\/tMhPJRz0js3SCwVUZ0mKy\/k529\/zchWw=&amp;reserved=0\"><strong>https:\/\/www.sttk.fi\/materiaalit\/eduskuntavaalikysely-taloudellinen-tilanne\/<\/strong><\/a><\/p>\n\n\n\n<p><\/p>\n","protected":false},"excerpt":{"rendered":"STTK genomf\u00f6rde i h\u00f6stas en f\u00f6rfr\u00e5gan med anledning av det instundande riksdagsvalet. Enligt f\u00f6rfr\u00e5gan har 36&nbsp;procent av medborgarna&#8230; ","protected":false},"author":3,"featured_media":43502,"comment_status":"closed","ping_status":"closed","sticky":false,"template":"","format":"standard","meta":{"_acf_changed":false,"lead_paragraph":"","footnotes":""},"categories":[135],"subject":[207,203],"class_list":["post-44525","post","type-post","status-publish","format-standard","has-post-thumbnail","hentry","category-pressmeddelande","subject-beskattning","subject-ekonomi"],"acf":{"lead_paragraph":""},"yoast_head":"<!-- This site is optimized with the Yoast SEO plugin v27.4 - https:\/\/yoast.com\/product\/yoast-seo-wordpress\/ -->\n<title>STTK: Ingen balans i ekonomin med kortsiktiga spar\u00e5tg\u00e4rder och \u00e5tstramning f\u00f6r de mest utsatta\u00a0\u00a0 - STTK<\/title>\n<meta name=\"description\" content=\"STTK genomf\u00f6rde i h\u00f6stas en f\u00f6rfr\u00e5gan med anledning av det instundande riksdagsvalet.\" \/>\n<meta name=\"robots\" content=\"index, follow, max-snippet:-1, max-image-preview:large, max-video-preview:-1\" \/>\n<link rel=\"canonical\" href=\"https:\/\/www.sttk.fi\/sv\/2023\/01\/19\/sttk-ingen-balans-i-ekonomin-med-kortsiktiga-sparatgarder-och-atstramning-for-de-mest-utsatta\/\" \/>\n<meta property=\"og:locale\" content=\"sv_SE\" \/>\n<meta property=\"og:type\" content=\"article\" \/>\n<meta property=\"og:title\" content=\"STTK: Ingen balans i ekonomin med kortsiktiga spar\u00e5tg\u00e4rder och \u00e5tstramning f\u00f6r de mest utsatta\u00a0\u00a0 - STTK\" \/>\n<meta property=\"og:description\" content=\"STTK genomf\u00f6rde i h\u00f6stas en f\u00f6rfr\u00e5gan med anledning av det instundande riksdagsvalet.\" \/>\n<meta property=\"og:url\" content=\"https:\/\/www.sttk.fi\/sv\/2023\/01\/19\/sttk-ingen-balans-i-ekonomin-med-kortsiktiga-sparatgarder-och-atstramning-for-de-mest-utsatta\/\" \/>\n<meta property=\"og:site_name\" content=\"STTK\" \/>\n<meta property=\"article:publisher\" content=\"https:\/\/www.facebook.com\/#%21%2fKeskusjarjestoSTTK\" \/>\n<meta property=\"article:published_time\" content=\"2023-01-19T10:15:25+00:00\" \/>\n<meta property=\"article:modified_time\" content=\"2023-01-19T10:15:26+00:00\" \/>\n<meta property=\"og:image\" content=\"https:\/\/www.sttk.fi\/wp-content\/uploads\/sites\/2\/2022\/11\/antti-palola-1200x800-1.png\" \/>\n\t<meta property=\"og:image:width\" content=\"1200\" \/>\n\t<meta property=\"og:image:height\" content=\"800\" \/>\n\t<meta property=\"og:image:type\" content=\"image\/png\" \/>\n<meta name=\"twitter:card\" content=\"summary_large_image\" \/>\n<meta name=\"twitter:creator\" content=\"@STTKMikonkatu\" \/>\n<meta name=\"twitter:site\" content=\"@STTKMikonkatu\" \/>\n<meta name=\"twitter:label1\" content=\"Written by\" \/>\n\t<meta name=\"twitter:data1\" content=\"paka\" \/>\n\t<meta name=\"twitter:label2\" content=\"Est. reading time\" \/>\n\t<meta name=\"twitter:data2\" content=\"3 minuter\" \/>\n<script type=\"application\/ld+json\" class=\"yoast-schema-graph\">{\"@context\":\"https:\\\/\\\/schema.org\",\"@graph\":[{\"@type\":\"Article\",\"@id\":\"https:\\\/\\\/www.sttk.fi\\\/sv\\\/2023\\\/01\\\/19\\\/sttk-ingen-balans-i-ekonomin-med-kortsiktiga-sparatgarder-och-atstramning-for-de-mest-utsatta\\\/#article\",\"isPartOf\":{\"@id\":\"https:\\\/\\\/www.sttk.fi\\\/sv\\\/2023\\\/01\\\/19\\\/sttk-ingen-balans-i-ekonomin-med-kortsiktiga-sparatgarder-och-atstramning-for-de-mest-utsatta\\\/\"},\"author\":{\"name\":\"paka\",\"@id\":\"https:\\\/\\\/www.sttk.fi\\\/#\\\/schema\\\/person\\\/58abb54d7b15ed34e29dc4514a5c1210\"},\"headline\":\"STTK: Ingen balans i ekonomin med kortsiktiga spar\u00e5tg\u00e4rder och \u00e5tstramning f\u00f6r de mest utsatta\",\"datePublished\":\"2023-01-19T10:15:25+00:00\",\"dateModified\":\"2023-01-19T10:15:26+00:00\",\"mainEntityOfPage\":{\"@id\":\"https:\\\/\\\/www.sttk.fi\\\/sv\\\/2023\\\/01\\\/19\\\/sttk-ingen-balans-i-ekonomin-med-kortsiktiga-sparatgarder-och-atstramning-for-de-mest-utsatta\\\/\"},\"wordCount\":518,\"publisher\":{\"@id\":\"https:\\\/\\\/www.sttk.fi\\\/#organization\"},\"image\":{\"@id\":\"https:\\\/\\\/www.sttk.fi\\\/sv\\\/2023\\\/01\\\/19\\\/sttk-ingen-balans-i-ekonomin-med-kortsiktiga-sparatgarder-och-atstramning-for-de-mest-utsatta\\\/#primaryimage\"},\"thumbnailUrl\":\"https:\\\/\\\/www.sttk.fi\\\/wp-content\\\/uploads\\\/sites\\\/2\\\/2022\\\/11\\\/antti-palola-1200x800-1.png\",\"articleSection\":[\"Pressmeddelande\"],\"inLanguage\":\"sv-SE\"},{\"@type\":\"WebPage\",\"@id\":\"https:\\\/\\\/www.sttk.fi\\\/sv\\\/2023\\\/01\\\/19\\\/sttk-ingen-balans-i-ekonomin-med-kortsiktiga-sparatgarder-och-atstramning-for-de-mest-utsatta\\\/\",\"url\":\"https:\\\/\\\/www.sttk.fi\\\/sv\\\/2023\\\/01\\\/19\\\/sttk-ingen-balans-i-ekonomin-med-kortsiktiga-sparatgarder-och-atstramning-for-de-mest-utsatta\\\/\",\"name\":\"STTK: Ingen balans i ekonomin med kortsiktiga spar\u00e5tg\u00e4rder och \u00e5tstramning f\u00f6r de mest utsatta\u00a0\u00a0 - STTK\",\"isPartOf\":{\"@id\":\"https:\\\/\\\/www.sttk.fi\\\/#website\"},\"primaryImageOfPage\":{\"@id\":\"https:\\\/\\\/www.sttk.fi\\\/sv\\\/2023\\\/01\\\/19\\\/sttk-ingen-balans-i-ekonomin-med-kortsiktiga-sparatgarder-och-atstramning-for-de-mest-utsatta\\\/#primaryimage\"},\"image\":{\"@id\":\"https:\\\/\\\/www.sttk.fi\\\/sv\\\/2023\\\/01\\\/19\\\/sttk-ingen-balans-i-ekonomin-med-kortsiktiga-sparatgarder-och-atstramning-for-de-mest-utsatta\\\/#primaryimage\"},\"thumbnailUrl\":\"https:\\\/\\\/www.sttk.fi\\\/wp-content\\\/uploads\\\/sites\\\/2\\\/2022\\\/11\\\/antti-palola-1200x800-1.png\",\"datePublished\":\"2023-01-19T10:15:25+00:00\",\"dateModified\":\"2023-01-19T10:15:26+00:00\",\"description\":\"STTK genomf\u00f6rde i h\u00f6stas en f\u00f6rfr\u00e5gan med anledning av det instundande riksdagsvalet.\",\"breadcrumb\":{\"@id\":\"https:\\\/\\\/www.sttk.fi\\\/sv\\\/2023\\\/01\\\/19\\\/sttk-ingen-balans-i-ekonomin-med-kortsiktiga-sparatgarder-och-atstramning-for-de-mest-utsatta\\\/#breadcrumb\"},\"inLanguage\":\"sv-SE\",\"potentialAction\":[{\"@type\":\"ReadAction\",\"target\":[\"https:\\\/\\\/www.sttk.fi\\\/sv\\\/2023\\\/01\\\/19\\\/sttk-ingen-balans-i-ekonomin-med-kortsiktiga-sparatgarder-och-atstramning-for-de-mest-utsatta\\\/\"]}]},{\"@type\":\"ImageObject\",\"inLanguage\":\"sv-SE\",\"@id\":\"https:\\\/\\\/www.sttk.fi\\\/sv\\\/2023\\\/01\\\/19\\\/sttk-ingen-balans-i-ekonomin-med-kortsiktiga-sparatgarder-och-atstramning-for-de-mest-utsatta\\\/#primaryimage\",\"url\":\"https:\\\/\\\/www.sttk.fi\\\/wp-content\\\/uploads\\\/sites\\\/2\\\/2022\\\/11\\\/antti-palola-1200x800-1.png\",\"contentUrl\":\"https:\\\/\\\/www.sttk.fi\\\/wp-content\\\/uploads\\\/sites\\\/2\\\/2022\\\/11\\\/antti-palola-1200x800-1.png\",\"width\":1200,\"height\":800},{\"@type\":\"BreadcrumbList\",\"@id\":\"https:\\\/\\\/www.sttk.fi\\\/sv\\\/2023\\\/01\\\/19\\\/sttk-ingen-balans-i-ekonomin-med-kortsiktiga-sparatgarder-och-atstramning-for-de-mest-utsatta\\\/#breadcrumb\",\"itemListElement\":[{\"@type\":\"ListItem\",\"position\":1,\"name\":\"Home\",\"item\":\"https:\\\/\\\/www.sttk.fi\\\/sv\\\/\"},{\"@type\":\"ListItem\",\"position\":2,\"name\":\"STTK: Ingen balans i ekonomin med kortsiktiga spar\u00e5tg\u00e4rder och \u00e5tstramning f\u00f6r de mest utsatta\u00a0\u00a0\"}]},{\"@type\":\"WebSite\",\"@id\":\"https:\\\/\\\/www.sttk.fi\\\/#website\",\"url\":\"https:\\\/\\\/www.sttk.fi\\\/\",\"name\":\"STTK\",\"description\":\"\",\"publisher\":{\"@id\":\"https:\\\/\\\/www.sttk.fi\\\/#organization\"},\"potentialAction\":[{\"@type\":\"SearchAction\",\"target\":{\"@type\":\"EntryPoint\",\"urlTemplate\":\"https:\\\/\\\/www.sttk.fi\\\/?s={search_term_string}\"},\"query-input\":{\"@type\":\"PropertyValueSpecification\",\"valueRequired\":true,\"valueName\":\"search_term_string\"}}],\"inLanguage\":\"sv-SE\"},{\"@type\":\"Organization\",\"@id\":\"https:\\\/\\\/www.sttk.fi\\\/#organization\",\"name\":\"STTK\",\"url\":\"https:\\\/\\\/www.sttk.fi\\\/\",\"logo\":{\"@type\":\"ImageObject\",\"inLanguage\":\"sv-SE\",\"@id\":\"https:\\\/\\\/www.sttk.fi\\\/#\\\/schema\\\/logo\\\/image\\\/\",\"url\":\"https:\\\/\\\/www.sttk.fi\\\/wp-content\\\/uploads\\\/sites\\\/2\\\/2025\\\/12\\\/vector3.svg\",\"contentUrl\":\"https:\\\/\\\/www.sttk.fi\\\/wp-content\\\/uploads\\\/sites\\\/2\\\/2025\\\/12\\\/vector3.svg\",\"caption\":\"STTK\"},\"image\":{\"@id\":\"https:\\\/\\\/www.sttk.fi\\\/#\\\/schema\\\/logo\\\/image\\\/\"},\"sameAs\":[\"https:\\\/\\\/www.facebook.com\\\/#!\\\/KeskusjarjestoSTTK\",\"https:\\\/\\\/x.com\\\/STTKMikonkatu\",\"http:\\\/\\\/www.youtube.com\\\/user\\\/protoimihenkilot\"]},{\"@type\":\"Person\",\"@id\":\"https:\\\/\\\/www.sttk.fi\\\/#\\\/schema\\\/person\\\/58abb54d7b15ed34e29dc4514a5c1210\",\"name\":\"paka\",\"image\":{\"@type\":\"ImageObject\",\"inLanguage\":\"sv-SE\",\"@id\":\"https:\\\/\\\/secure.gravatar.com\\\/avatar\\\/4475a9b815f64182a53e96cb5d0f5f7720cc03120a202c52530424ca5902a916?s=96&d=mm&r=g\",\"url\":\"https:\\\/\\\/secure.gravatar.com\\\/avatar\\\/4475a9b815f64182a53e96cb5d0f5f7720cc03120a202c52530424ca5902a916?s=96&d=mm&r=g\",\"contentUrl\":\"https:\\\/\\\/secure.gravatar.com\\\/avatar\\\/4475a9b815f64182a53e96cb5d0f5f7720cc03120a202c52530424ca5902a916?s=96&d=mm&r=g\",\"caption\":\"paka\"},\"url\":\"https:\\\/\\\/www.sttk.fi\\\/sv\\\/author\\\/paka\\\/\"}]}<\/script>\n<!-- \/ Yoast SEO plugin. -->","yoast_head_json":{"title":"STTK: Ingen balans i ekonomin med kortsiktiga spar\u00e5tg\u00e4rder och \u00e5tstramning f\u00f6r de mest utsatta\u00a0\u00a0 - STTK","description":"STTK genomf\u00f6rde i h\u00f6stas en f\u00f6rfr\u00e5gan med anledning av det instundande riksdagsvalet.","robots":{"index":"index","follow":"follow","max-snippet":"max-snippet:-1","max-image-preview":"max-image-preview:large","max-video-preview":"max-video-preview:-1"},"canonical":"https:\/\/www.sttk.fi\/sv\/2023\/01\/19\/sttk-ingen-balans-i-ekonomin-med-kortsiktiga-sparatgarder-och-atstramning-for-de-mest-utsatta\/","og_locale":"sv_SE","og_type":"article","og_title":"STTK: Ingen balans i ekonomin med kortsiktiga spar\u00e5tg\u00e4rder och \u00e5tstramning f\u00f6r de mest utsatta\u00a0\u00a0 - STTK","og_description":"STTK genomf\u00f6rde i h\u00f6stas en f\u00f6rfr\u00e5gan med anledning av det instundande riksdagsvalet.","og_url":"https:\/\/www.sttk.fi\/sv\/2023\/01\/19\/sttk-ingen-balans-i-ekonomin-med-kortsiktiga-sparatgarder-och-atstramning-for-de-mest-utsatta\/","og_site_name":"STTK","article_publisher":"https:\/\/www.facebook.com\/#%21%2fKeskusjarjestoSTTK","article_published_time":"2023-01-19T10:15:25+00:00","article_modified_time":"2023-01-19T10:15:26+00:00","og_image":[{"width":1200,"height":800,"url":"https:\/\/www.sttk.fi\/wp-content\/uploads\/sites\/2\/2022\/11\/antti-palola-1200x800-1.png","type":"image\/png"}],"twitter_card":"summary_large_image","twitter_creator":"@STTKMikonkatu","twitter_site":"@STTKMikonkatu","twitter_misc":{"Written by":"paka","Est. reading time":"3 minuter"},"schema":{"@context":"https:\/\/schema.org","@graph":[{"@type":"Article","@id":"https:\/\/www.sttk.fi\/sv\/2023\/01\/19\/sttk-ingen-balans-i-ekonomin-med-kortsiktiga-sparatgarder-och-atstramning-for-de-mest-utsatta\/#article","isPartOf":{"@id":"https:\/\/www.sttk.fi\/sv\/2023\/01\/19\/sttk-ingen-balans-i-ekonomin-med-kortsiktiga-sparatgarder-och-atstramning-for-de-mest-utsatta\/"},"author":{"name":"paka","@id":"https:\/\/www.sttk.fi\/#\/schema\/person\/58abb54d7b15ed34e29dc4514a5c1210"},"headline":"STTK: Ingen balans i ekonomin med kortsiktiga spar\u00e5tg\u00e4rder och \u00e5tstramning f\u00f6r de mest utsatta","datePublished":"2023-01-19T10:15:25+00:00","dateModified":"2023-01-19T10:15:26+00:00","mainEntityOfPage":{"@id":"https:\/\/www.sttk.fi\/sv\/2023\/01\/19\/sttk-ingen-balans-i-ekonomin-med-kortsiktiga-sparatgarder-och-atstramning-for-de-mest-utsatta\/"},"wordCount":518,"publisher":{"@id":"https:\/\/www.sttk.fi\/#organization"},"image":{"@id":"https:\/\/www.sttk.fi\/sv\/2023\/01\/19\/sttk-ingen-balans-i-ekonomin-med-kortsiktiga-sparatgarder-och-atstramning-for-de-mest-utsatta\/#primaryimage"},"thumbnailUrl":"https:\/\/www.sttk.fi\/wp-content\/uploads\/sites\/2\/2022\/11\/antti-palola-1200x800-1.png","articleSection":["Pressmeddelande"],"inLanguage":"sv-SE"},{"@type":"WebPage","@id":"https:\/\/www.sttk.fi\/sv\/2023\/01\/19\/sttk-ingen-balans-i-ekonomin-med-kortsiktiga-sparatgarder-och-atstramning-for-de-mest-utsatta\/","url":"https:\/\/www.sttk.fi\/sv\/2023\/01\/19\/sttk-ingen-balans-i-ekonomin-med-kortsiktiga-sparatgarder-och-atstramning-for-de-mest-utsatta\/","name":"STTK: Ingen balans i ekonomin med kortsiktiga spar\u00e5tg\u00e4rder och \u00e5tstramning f\u00f6r de mest utsatta\u00a0\u00a0 - STTK","isPartOf":{"@id":"https:\/\/www.sttk.fi\/#website"},"primaryImageOfPage":{"@id":"https:\/\/www.sttk.fi\/sv\/2023\/01\/19\/sttk-ingen-balans-i-ekonomin-med-kortsiktiga-sparatgarder-och-atstramning-for-de-mest-utsatta\/#primaryimage"},"image":{"@id":"https:\/\/www.sttk.fi\/sv\/2023\/01\/19\/sttk-ingen-balans-i-ekonomin-med-kortsiktiga-sparatgarder-och-atstramning-for-de-mest-utsatta\/#primaryimage"},"thumbnailUrl":"https:\/\/www.sttk.fi\/wp-content\/uploads\/sites\/2\/2022\/11\/antti-palola-1200x800-1.png","datePublished":"2023-01-19T10:15:25+00:00","dateModified":"2023-01-19T10:15:26+00:00","description":"STTK genomf\u00f6rde i h\u00f6stas en f\u00f6rfr\u00e5gan med anledning av det instundande riksdagsvalet.","breadcrumb":{"@id":"https:\/\/www.sttk.fi\/sv\/2023\/01\/19\/sttk-ingen-balans-i-ekonomin-med-kortsiktiga-sparatgarder-och-atstramning-for-de-mest-utsatta\/#breadcrumb"},"inLanguage":"sv-SE","potentialAction":[{"@type":"ReadAction","target":["https:\/\/www.sttk.fi\/sv\/2023\/01\/19\/sttk-ingen-balans-i-ekonomin-med-kortsiktiga-sparatgarder-och-atstramning-for-de-mest-utsatta\/"]}]},{"@type":"ImageObject","inLanguage":"sv-SE","@id":"https:\/\/www.sttk.fi\/sv\/2023\/01\/19\/sttk-ingen-balans-i-ekonomin-med-kortsiktiga-sparatgarder-och-atstramning-for-de-mest-utsatta\/#primaryimage","url":"https:\/\/www.sttk.fi\/wp-content\/uploads\/sites\/2\/2022\/11\/antti-palola-1200x800-1.png","contentUrl":"https:\/\/www.sttk.fi\/wp-content\/uploads\/sites\/2\/2022\/11\/antti-palola-1200x800-1.png","width":1200,"height":800},{"@type":"BreadcrumbList","@id":"https:\/\/www.sttk.fi\/sv\/2023\/01\/19\/sttk-ingen-balans-i-ekonomin-med-kortsiktiga-sparatgarder-och-atstramning-for-de-mest-utsatta\/#breadcrumb","itemListElement":[{"@type":"ListItem","position":1,"name":"Home","item":"https:\/\/www.sttk.fi\/sv\/"},{"@type":"ListItem","position":2,"name":"STTK: Ingen balans i ekonomin med kortsiktiga spar\u00e5tg\u00e4rder och \u00e5tstramning f\u00f6r de mest utsatta\u00a0\u00a0"}]},{"@type":"WebSite","@id":"https:\/\/www.sttk.fi\/#website","url":"https:\/\/www.sttk.fi\/","name":"STTK","description":"","publisher":{"@id":"https:\/\/www.sttk.fi\/#organization"},"potentialAction":[{"@type":"SearchAction","target":{"@type":"EntryPoint","urlTemplate":"https:\/\/www.sttk.fi\/?s={search_term_string}"},"query-input":{"@type":"PropertyValueSpecification","valueRequired":true,"valueName":"search_term_string"}}],"inLanguage":"sv-SE"},{"@type":"Organization","@id":"https:\/\/www.sttk.fi\/#organization","name":"STTK","url":"https:\/\/www.sttk.fi\/","logo":{"@type":"ImageObject","inLanguage":"sv-SE","@id":"https:\/\/www.sttk.fi\/#\/schema\/logo\/image\/","url":"https:\/\/www.sttk.fi\/wp-content\/uploads\/sites\/2\/2025\/12\/vector3.svg","contentUrl":"https:\/\/www.sttk.fi\/wp-content\/uploads\/sites\/2\/2025\/12\/vector3.svg","caption":"STTK"},"image":{"@id":"https:\/\/www.sttk.fi\/#\/schema\/logo\/image\/"},"sameAs":["https:\/\/www.facebook.com\/#!\/KeskusjarjestoSTTK","https:\/\/x.com\/STTKMikonkatu","http:\/\/www.youtube.com\/user\/protoimihenkilot"]},{"@type":"Person","@id":"https:\/\/www.sttk.fi\/#\/schema\/person\/58abb54d7b15ed34e29dc4514a5c1210","name":"paka","image":{"@type":"ImageObject","inLanguage":"sv-SE","@id":"https:\/\/secure.gravatar.com\/avatar\/4475a9b815f64182a53e96cb5d0f5f7720cc03120a202c52530424ca5902a916?s=96&d=mm&r=g","url":"https:\/\/secure.gravatar.com\/avatar\/4475a9b815f64182a53e96cb5d0f5f7720cc03120a202c52530424ca5902a916?s=96&d=mm&r=g","contentUrl":"https:\/\/secure.gravatar.com\/avatar\/4475a9b815f64182a53e96cb5d0f5f7720cc03120a202c52530424ca5902a916?s=96&d=mm&r=g","caption":"paka"},"url":"https:\/\/www.sttk.fi\/sv\/author\/paka\/"}]}},"_links":{"self":[{"href":"https:\/\/www.sttk.fi\/sv\/wp-json\/wp\/v2\/posts\/44525","targetHints":{"allow":["GET"]}}],"collection":[{"href":"https:\/\/www.sttk.fi\/sv\/wp-json\/wp\/v2\/posts"}],"about":[{"href":"https:\/\/www.sttk.fi\/sv\/wp-json\/wp\/v2\/types\/post"}],"author":[{"embeddable":true,"href":"https:\/\/www.sttk.fi\/sv\/wp-json\/wp\/v2\/users\/3"}],"replies":[{"embeddable":true,"href":"https:\/\/www.sttk.fi\/sv\/wp-json\/wp\/v2\/comments?post=44525"}],"version-history":[{"count":2,"href":"https:\/\/www.sttk.fi\/sv\/wp-json\/wp\/v2\/posts\/44525\/revisions"}],"predecessor-version":[{"id":44527,"href":"https:\/\/www.sttk.fi\/sv\/wp-json\/wp\/v2\/posts\/44525\/revisions\/44527"}],"wp:featuredmedia":[{"embeddable":true,"href":"https:\/\/www.sttk.fi\/sv\/wp-json\/wp\/v2\/media\/43502"}],"wp:attachment":[{"href":"https:\/\/www.sttk.fi\/sv\/wp-json\/wp\/v2\/media?parent=44525"}],"wp:term":[{"taxonomy":"category","embeddable":true,"href":"https:\/\/www.sttk.fi\/sv\/wp-json\/wp\/v2\/categories?post=44525"},{"taxonomy":"subject","embeddable":true,"href":"https:\/\/www.sttk.fi\/sv\/wp-json\/wp\/v2\/subject?post=44525"}],"curies":[{"name":"wp","href":"https:\/\/api.w.org\/{rel}","templated":true}]}}