{"id":43468,"date":"2022-11-08T16:01:19","date_gmt":"2022-11-08T14:01:19","guid":{"rendered":"https:\/\/www.sttk.fi\/?p=43468"},"modified":"2022-11-08T16:01:20","modified_gmt":"2022-11-08T14:01:20","slug":"har-slaveriet-forpassats-till-historien-i-qatar","status":"publish","type":"post","link":"https:\/\/www.sttk.fi\/sv\/2022\/11\/08\/har-slaveriet-forpassats-till-historien-i-qatar\/","title":{"rendered":"Har slaveriet f\u00f6rpassats till historien i Qatar?"},"content":{"rendered":"\n<p class=\"lead-paragraph has-lead-font-size\"><strong>Fotbolls-VM f\u00f6r herrar i Qatar har kritiserats kraftigt f\u00f6r att arenor och annan infrastruktur har byggts med slavarbete. Men har turneringen ocks\u00e5 lett till n\u00e5got gott?<\/strong><\/p>\n\n\n\n<p>Det g\u00e5r inte att bestrida faktum, \u00e4ven om Internationella fotbollsf\u00f6rbundet Fifa och regimen i Qatar tiger om saken: Migrantarbetare fr\u00e5n fattiga l\u00e4nder har lidit av f\u00f6rh\u00e5llandena i Qatar och blivit utsatta f\u00f6r kr\u00e4nkningar av de m\u00e4nskliga r\u00e4ttigheterna. M\u00e5nga har d\u00f6tt.<\/p>\n\n\n\n<p>Landet till\u00e4mpade l\u00e4nge det s\u00e5 kallade kafalasystemet, som uppfyller k\u00e4nnetecknen p\u00e5 slaveri, och som fortfarande till\u00e4mpas i andra l\u00e4nder kring Persiska viken. Arbetsgivaren kunde beslagta arbetstagarnas pass och arbetstagarna beh\u00f6vde arbetsgivarens tillst\u00e5nd f\u00f6r att komma ut ur landet eller byta arbetsplats.<\/p>\n\n\n\n<p>\u2013 Det var just det som var det v\u00e4rsta, ber\u00e4ttar en migrantarbetare som jobbade i Qatar i m\u00e5nga \u00e5r och som sj\u00e4lv var tvungen att l\u00e4mna landet f\u00f6r en tv\u00e5\u00e5rsperiod, eftersom arbetsgivaren inte l\u00e4t honom byta jobb.<\/p>\n\n\n\n<p>Av h\u00e4lsosk\u00e4l hade han \u00e4nd\u00e5 inget annat val \u00e4n att komma bort fr\u00e5n jobbet d\u00e4r han var tvungen att g\u00f6ra arbetsdagar p\u00e5 mer \u00e4n 16 timmar. F\u00f6r att garantera hans s\u00e4kerhet kan vi inte n\u00e4mna hans riktiga namn, s\u00e5 vi kallar honom Alex.<\/p>\n\n\n\n<p>Att Alex s\u00e4kerhet \u00e4r hotad talar sitt dystra spr\u00e5k om situationen i Qatar. Men Alex vill betona att mycket har blivit b\u00e4ttre. Kafalasystemet upph\u00e4vdes delvis f\u00f6r sex \u00e5r sedan och det b\u00f6rjar leda till f\u00f6r\u00e4ndringar. Enligt Alex \u00e4r de v\u00e4rsta kr\u00e4nkningarna av de m\u00e4nskliga r\u00e4ttigheterna numera s\u00e4llsynta. Arbetstagarnas m\u00f6jligheter att klaga p\u00e5 hur de behandlas och f\u00e5 r\u00e4ttvisa har f\u00f6rb\u00e4ttrats, men vissa arbetsgivare \u00e4r uppfinningsrika n\u00e4r det g\u00e4ller s\u00e4tt att ber\u00f6va arbetstagarna deras frihet.<\/p>\n\n\n\n<p>\u2013 En arbetstagare som t\u00e4nker l\u00e4mna landet kan genast bli brottsanm\u00e4ld som rymling. D\u00e5 kan personen f\u00f6rlora r\u00e4tten till sin bostad, och som \u00e5talad har hen inte r\u00e4tt att anklaga arbetsgivaren f\u00f6r felaktigt bem\u00f6tande. Personen blir tvungen att stanna i landet illegalt och utan skydd, ber\u00e4ttar Alex.<\/p>\n\n\n\n<p>Alex \u00e4r aktiv i en f\u00f6rening som f\u00f6rs\u00f6ker hj\u00e4lpa arbetstagare i n\u00f6d. Man erbjuder dem information, utbildning och aktiviteter. Organisationen fungerar lite som ett fackf\u00f6rbund, men egentliga fackf\u00f6rbund har migrantarbetarna inte r\u00e4tt att grunda.<\/p>\n\n\n\n<p>Redan det \u00e4r ett allvarligt brott mot de m\u00e4nskliga r\u00e4ttigheterna.<\/p>\n\n\n\n<p>I Qatar finns \u00e4nd\u00e5 strukturer f\u00f6r att g\u00f6ra arbetstagarnas r\u00f6st h\u00f6rd. P\u00e5 arbetsplatser med \u00f6ver 30 anst\u00e4llda har man till exempel r\u00e4tt att inr\u00e4tta arbetstagarkommitt\u00e9er d\u00e4r arbetstagarna och arbetsgivarna \u00e4r lika representerade.<\/p>\n\n\n\n<h3 class=\"wp-block-heading\"><strong>F\u00f6rm\u00e5nerna g\u00e4ller inte alla<\/strong><\/h3>\n\n\n\n<div class=\"wp-block-media-text alignwide is-stacked-on-mobile\"><figure class=\"wp-block-media-text__media\"><img loading=\"lazy\" decoding=\"async\" width=\"480\" height=\"600\" src=\"https:\/\/www.sttk.fi\/wp-content\/uploads\/sites\/2\/2022\/11\/qatar-stadion-pysty-1200-480x600-1.jpg\" alt=\"\" class=\"wp-image-43463 size-full\" srcset=\"https:\/\/www.sttk.fi\/wp-content\/uploads\/sites\/2\/2022\/11\/qatar-stadion-pysty-1200-480x600-1.jpg 480w, https:\/\/www.sttk.fi\/wp-content\/uploads\/sites\/2\/2022\/11\/qatar-stadion-pysty-1200-480x600-1-240x300.jpg 240w\" sizes=\"auto, (max-width: 480px) 100vw, 480px\" \/><\/figure><div class=\"wp-block-media-text__content\">\n<p>De metoder som beskrivs ovan kan anses vara mycket progressiva med tanke p\u00e5 att det handlar om Qatar. Det \u00e4r dock bara vid f\u00f6retag som \u00e4r kopplade till fotbolls-VM som arbetstagarna har r\u00e4tt till representation p\u00e5 arbetsplatserna, allts\u00e5 p\u00e5 ungef\u00e4r tio procent av f\u00f6retagen. D\u00e4r \u00f6vervakas ocks\u00e5 arbetarskyddet, inkvarteringsf\u00f6rh\u00e5llandena och hur arbetstagarna bem\u00f6ts. Det \u00e4r d\u00e4rmed en lottovinst att f\u00e5 jobba f\u00f6r ett f\u00f6retag med kopplingar till Fifa.<\/p>\n<\/div><\/div>\n\n\n\n<p>Det verkar uppenbart att det internationella tryck som har uppst\u00e5tt i samband med fotbolls-VM verkligen har f\u00f6rb\u00e4ttrat f\u00f6rh\u00e5llandena f\u00f6r arbetstagarna \u2013 \u00e4ven om m\u00e5nga anser att Qatar aldrig borde ha beviljats turneringen. Dessutom \u00e4r det inte bara arbetstagarna som uts\u00e4tts f\u00f6r kr\u00e4nkningar av de m\u00e4nskliga r\u00e4ttigheterna, utan ocks\u00e5 till exempel \u00e5sk\u00e5dare som h\u00f6r till sexuella minoriteter.<\/p>\n\n\n\n<p>En annan fr\u00e5ga \u00e4r om f\u00f6r\u00e4ndringarna \u00e4r best\u00e5ende.<\/p>\n\n\n\n<p>\u2013 Jag vet inte. Lagarna kan \u00e4ndras p\u00e5 ett \u00f6gonblick. Det finns sk\u00e4l att anta att \u00e5tminstone arbetstagarkommitt\u00e9erna kommer att upph\u00f6ra att existera efter VM.<\/p>\n\n\n\n<p>Alex s\u00e4ger \u00e4nd\u00e5 att han tror att regimen i Qatar har l\u00e4rt sig hur saker och ting sk\u00f6ts i andra l\u00e4nder och att det kanske finns ett genuint intresse av att f\u00f6rb\u00e4ttra situationen f\u00f6r arbetstagarna. Alex kommentarer pr\u00e4glas av optimism, men utan optimism skulle det s\u00e4kert vara sv\u00e5rt att vara aktivist i Qatar. Delvis ligger det s\u00e4kert \u00e4nd\u00e5 i Qatars eget intresse att \u00e5stadkomma f\u00f6rb\u00e4ttringar, f\u00f6r landet vill nappa \u00e5t sig idrottst\u00e4vlingar ocks\u00e5 i framtiden.<\/p>\n\n\n\n<h3 class=\"wp-block-heading\"><strong>Familjerna f\u00e5r n\u00f6ja sig med sm\u00e5slantar<\/strong><\/h3>\n\n\n\n<p>Alex och andra frivilliga oroar sig f\u00f6r de mest utsatta arbetstagarna och \u00e4ventyrar sin egen s\u00e4kerhet f\u00f6r att hj\u00e4lpa dem. Allts\u00e5 de miljontals asiater och afrikaner som sliter i extrem v\u00e4rme och i \u00e5ratal bor i isolerade barackbyar l\u00e5ngt fr\u00e5n st\u00e4dernas bekv\u00e4mligheter.<\/p>\n\n\n\n<p>Hur ser deras vardag ut?<\/p>\n\n\n\n<p>Enligt lagen \u00e4r arbetstiden 48 timmar per vecka. Man jobbar sex dagar i veckan, s\u00e5 en arbetsdag \u00e4r \u00e5tta timmar. Det l\u00e5ter tufft, men fortfarande rimligt, f\u00f6r folk har kommit till Qatar f\u00f6r att tj\u00e4na pengar och inte f\u00f6r att lata sig. Samtidigt ska man komma ih\u00e5g att alkohol inte s\u00e4ljs i Qatar och att mycket annat \u00e4r f\u00f6rbjudet, s\u00e5som att dansa eller att kyssas och kramas offentliga platser.<\/p>\n\n\n\n<p>Arbetsdagen blir \u00e4nd\u00e5 l\u00e4ngre n\u00e4r man r\u00e4knar med matrasten och minst en timmes arbetsresor. D\u00e5 \u00e4r man redan uppe i 11 timmar, och m\u00e5nga jobbar \u00e4nnu mer. Arbetstagarna har r\u00e4tt till \u00f6vertidsers\u00e4ttning, men n\u00e4r jag lyssnar p\u00e5 Alex tvivlar jag p\u00e5 att ers\u00e4ttningen faktiskt betalas ut. Livet g\u00e5r ut p\u00e5 att jobba och sova.<\/p>\n\n\n\n<p>Grundl\u00f6nen \u00e4r s\u00e5 l\u00e5g att det knappt blir n\u00e5got \u00f6ver som kan skickas hem till familjen. Den lagstadgade minimil\u00f6nen \u00e4r 1000 rial, ungef\u00e4r 280 euro. D\u00e4rtill ska man f\u00e5 500 rial f\u00f6r boende och 300 rial f\u00f6r mat, om arbetsgivaren inte bekostar det.<\/p>\n\n\n\n<p>\u2013 Qatar \u00e4r ett dyrt land och inflationen skjuter i h\u00f6jden ocks\u00e5 d\u00e4r, p\u00e5pekar Alex.<\/p>\n\n\n\n<p>Lagen om minimil\u00f6n, som tr\u00e4dde i kraft i fjol, \u00e4r \u00e4nd\u00e5 viktig, f\u00f6r annars skulle det inte finnas n\u00e5gon norm att h\u00e4nvisa till f\u00f6r de organisationer som f\u00f6rsvarar arbetstagarnas r\u00e4ttigheter. Ett problem \u00e4r dock att minimil\u00f6nen l\u00e4tt ocks\u00e5 blir ett maximi.<\/p>\n\n\n\n<h3 class=\"wp-block-heading\"><strong>Det beh\u00f6vs ett center f\u00f6r migrantarbetare<\/strong><\/h3>\n\n\n\n<p>Reformerna \u00e4r inte bara Fifas och Qatars f\u00f6rtj\u00e4nst. Den internationella fackf\u00f6reningsr\u00f6relsen, med byggnadsarbetarnas v\u00e4rldsorganisation BWI och v\u00e4rldsfacket ITUC i spetsen, har jobbat h\u00e5rt f\u00f6r f\u00f6rb\u00e4ttringarna. Ocks\u00e5 Internationella arbetsorganisationen ILO har inr\u00e4ttat en tillf\u00e4llig byr\u00e5 i Qatar och organisationer f\u00f6r hembitr\u00e4den och transportarbetare har f\u00e5tt representation i landet.<\/p>\n\n\n\n<p>Allt det h\u00e4r \u00e4r goda tecken som tyder p\u00e5 att reformerna kan vara best\u00e5ende, men risken \u00e4r \u00e4nd\u00e5 stor att reformerna upph\u00e4vs n\u00e4r fotbollsfolket och d\u00e4rmed hela v\u00e4rlden slutar intressera sig f\u00f6r vad som h\u00e4nder i Qatar. Qatar har visserligen som strategi att ans\u00f6ka om stora idrottst\u00e4vlingar och kommer att st\u00e5 v\u00e4rd f\u00f6r en formel 1-delt\u00e4vling igen n\u00e4sta \u00e5r samt flersportsevenemanget asiatiska spelen 2030.<\/p>\n\n\n\n<p>Hur kan man d\u00e5 garantera att f\u00f6r\u00e4ndringarna blir best\u00e5ende?<\/p>\n\n\n\n<p>Alex anser att den qatariska staten borde ing\u00e5 avtal med arbetstagar- och m\u00e4nniskor\u00e4ttsorganisationer samt ocks\u00e5 med de idrottsorganisationer som i framtiden ordnar t\u00e4vlingar i Qatar.<\/p>\n\n\n\n<p>Den viktigaste konkreta reformen skulle \u00e4nd\u00e5 vara ett center d\u00e4r migrantarbetare kan f\u00e5 st\u00f6d och skydd om de drabbas av problem. Avsikten \u00e4r att ocks\u00e5 de som har f\u00f6rlorat sin bostad, till exempel p\u00e5 grund av utvisning, ska kunna bo d\u00e4r.<\/p>\n\n\n\n<p>\u2013 Det finns l\u00e5ngtg\u00e5ende planer p\u00e5 ett s\u00e5dant center, men \u00e4nnu saknas formellt klartecken fr\u00e5n staten.<\/p>\n\n\n\n<p>Bakgrundskraft bakom centret \u00e4r det globala byggfacket BWI, som har f\u00f6rs\u00f6kt f\u00e5 de f\u00f6retag som sponsrar t\u00e4vlingarna att f\u00f6respr\u00e5ka inr\u00e4ttandet av centret. Det verkar \u00e4nd\u00e5 som om inget j\u00e4ttef\u00f6retag \u00e4nnu har gjort det.<\/p>\n\n\n\n<p><\/p>\n\n\n\n<p><em>Text: Laura Vent\u00e4 (\u00f6vers\u00e4ttning: Jonny Smeds)<\/em><\/p>\n\n\n\n<p><em>Foto: Lassi Kaaria<\/em><\/p>\n\n\n\n<p><em>SASK och dess finl\u00e4ndska medlemsorganisationer st\u00f6der ett projekt i Nepal och Indien d\u00e4r de som ska \u00e5ka som migrantarbetare till bl.a. Qatar f\u00e5r information om sina r\u00e4ttigheter och vad som v\u00e4ntar dem. Dessutom arbetar SASK f\u00f6r att p\u00e5verka praxis och lagstiftning som g\u00e4ller migrantarbetare. Det finns inga lokala fackf\u00f6rbund i Qatar, s\u00e5 det \u00e4r inte m\u00f6jligt att kanalisera st\u00f6d direkt dit.<\/em><\/p>\n","protected":false},"excerpt":{"rendered":"Fotbolls-VM f\u00f6r herrar i Qatar har kritiserats kraftigt f\u00f6r att arenor och annan infrastruktur har byggts med slavarbete&#8230;. ","protected":false},"author":3,"featured_media":43462,"comment_status":"closed","ping_status":"closed","sticky":false,"template":"","format":"standard","meta":{"_acf_changed":false,"lead_paragraph":"","footnotes":""},"categories":[132],"subject":[],"class_list":["post-43468","post","type-post","status-publish","format-standard","has-post-thumbnail","hentry","category-nyhet"],"acf":{"lead_paragraph":""},"yoast_head":"<!-- This site is optimized with the Yoast SEO plugin v27.4 - https:\/\/yoast.com\/product\/yoast-seo-wordpress\/ -->\n<title>Har slaveriet f\u00f6rpassats till historien i Qatar? - STTK<\/title>\n<meta name=\"description\" content=\"Migrantarbetare fr\u00e5n fattiga l\u00e4nder har lidit av f\u00f6rh\u00e5llandena i Qatar och blivit utsatta f\u00f6r kr\u00e4nkningar av de m\u00e4nskliga r\u00e4ttigheterna.\" \/>\n<meta name=\"robots\" content=\"index, follow, max-snippet:-1, max-image-preview:large, max-video-preview:-1\" \/>\n<link rel=\"canonical\" href=\"https:\/\/www.sttk.fi\/sv\/2022\/11\/08\/har-slaveriet-forpassats-till-historien-i-qatar\/\" \/>\n<meta property=\"og:locale\" content=\"sv_SE\" \/>\n<meta property=\"og:type\" content=\"article\" \/>\n<meta property=\"og:title\" content=\"Har slaveriet f\u00f6rpassats till historien i Qatar? - STTK\" \/>\n<meta property=\"og:description\" content=\"Migrantarbetare fr\u00e5n fattiga l\u00e4nder har lidit av f\u00f6rh\u00e5llandena i Qatar och blivit utsatta f\u00f6r kr\u00e4nkningar av de m\u00e4nskliga r\u00e4ttigheterna.\" \/>\n<meta property=\"og:url\" content=\"https:\/\/www.sttk.fi\/sv\/2022\/11\/08\/har-slaveriet-forpassats-till-historien-i-qatar\/\" \/>\n<meta property=\"og:site_name\" content=\"STTK\" \/>\n<meta property=\"article:publisher\" content=\"https:\/\/www.facebook.com\/#%21%2fKeskusjarjestoSTTK\" \/>\n<meta property=\"article:published_time\" content=\"2022-11-08T14:01:19+00:00\" \/>\n<meta property=\"article:modified_time\" content=\"2022-11-08T14:01:20+00:00\" \/>\n<meta property=\"og:image\" content=\"https:\/\/www.sttk.fi\/wp-content\/uploads\/sites\/2\/2022\/11\/alex-1200.jpg\" \/>\n\t<meta property=\"og:image:width\" content=\"1200\" \/>\n\t<meta property=\"og:image:height\" content=\"800\" \/>\n\t<meta property=\"og:image:type\" content=\"image\/jpeg\" \/>\n<meta name=\"twitter:card\" content=\"summary_large_image\" \/>\n<meta name=\"twitter:creator\" content=\"@STTKMikonkatu\" \/>\n<meta name=\"twitter:site\" content=\"@STTKMikonkatu\" \/>\n<meta name=\"twitter:label1\" content=\"Written by\" \/>\n\t<meta name=\"twitter:data1\" content=\"paka\" \/>\n\t<meta name=\"twitter:label2\" content=\"Est. reading time\" \/>\n\t<meta name=\"twitter:data2\" content=\"8 minuter\" \/>\n<script type=\"application\/ld+json\" class=\"yoast-schema-graph\">{\"@context\":\"https:\\\/\\\/schema.org\",\"@graph\":[{\"@type\":\"Article\",\"@id\":\"https:\\\/\\\/www.sttk.fi\\\/sv\\\/2022\\\/11\\\/08\\\/har-slaveriet-forpassats-till-historien-i-qatar\\\/#article\",\"isPartOf\":{\"@id\":\"https:\\\/\\\/www.sttk.fi\\\/sv\\\/2022\\\/11\\\/08\\\/har-slaveriet-forpassats-till-historien-i-qatar\\\/\"},\"author\":{\"name\":\"paka\",\"@id\":\"https:\\\/\\\/www.sttk.fi\\\/#\\\/schema\\\/person\\\/58abb54d7b15ed34e29dc4514a5c1210\"},\"headline\":\"Har slaveriet f\u00f6rpassats till historien i Qatar?\",\"datePublished\":\"2022-11-08T14:01:19+00:00\",\"dateModified\":\"2022-11-08T14:01:20+00:00\",\"mainEntityOfPage\":{\"@id\":\"https:\\\/\\\/www.sttk.fi\\\/sv\\\/2022\\\/11\\\/08\\\/har-slaveriet-forpassats-till-historien-i-qatar\\\/\"},\"wordCount\":1456,\"publisher\":{\"@id\":\"https:\\\/\\\/www.sttk.fi\\\/#organization\"},\"image\":{\"@id\":\"https:\\\/\\\/www.sttk.fi\\\/sv\\\/2022\\\/11\\\/08\\\/har-slaveriet-forpassats-till-historien-i-qatar\\\/#primaryimage\"},\"thumbnailUrl\":\"https:\\\/\\\/www.sttk.fi\\\/wp-content\\\/uploads\\\/sites\\\/2\\\/2022\\\/11\\\/alex-1200.jpg\",\"articleSection\":[\"Nyhet\"],\"inLanguage\":\"sv-SE\"},{\"@type\":\"WebPage\",\"@id\":\"https:\\\/\\\/www.sttk.fi\\\/sv\\\/2022\\\/11\\\/08\\\/har-slaveriet-forpassats-till-historien-i-qatar\\\/\",\"url\":\"https:\\\/\\\/www.sttk.fi\\\/sv\\\/2022\\\/11\\\/08\\\/har-slaveriet-forpassats-till-historien-i-qatar\\\/\",\"name\":\"Har slaveriet f\u00f6rpassats till historien i Qatar? - STTK\",\"isPartOf\":{\"@id\":\"https:\\\/\\\/www.sttk.fi\\\/#website\"},\"primaryImageOfPage\":{\"@id\":\"https:\\\/\\\/www.sttk.fi\\\/sv\\\/2022\\\/11\\\/08\\\/har-slaveriet-forpassats-till-historien-i-qatar\\\/#primaryimage\"},\"image\":{\"@id\":\"https:\\\/\\\/www.sttk.fi\\\/sv\\\/2022\\\/11\\\/08\\\/har-slaveriet-forpassats-till-historien-i-qatar\\\/#primaryimage\"},\"thumbnailUrl\":\"https:\\\/\\\/www.sttk.fi\\\/wp-content\\\/uploads\\\/sites\\\/2\\\/2022\\\/11\\\/alex-1200.jpg\",\"datePublished\":\"2022-11-08T14:01:19+00:00\",\"dateModified\":\"2022-11-08T14:01:20+00:00\",\"description\":\"Migrantarbetare fr\u00e5n fattiga l\u00e4nder har lidit av f\u00f6rh\u00e5llandena i Qatar och blivit utsatta f\u00f6r kr\u00e4nkningar av de m\u00e4nskliga r\u00e4ttigheterna.\",\"breadcrumb\":{\"@id\":\"https:\\\/\\\/www.sttk.fi\\\/sv\\\/2022\\\/11\\\/08\\\/har-slaveriet-forpassats-till-historien-i-qatar\\\/#breadcrumb\"},\"inLanguage\":\"sv-SE\",\"potentialAction\":[{\"@type\":\"ReadAction\",\"target\":[\"https:\\\/\\\/www.sttk.fi\\\/sv\\\/2022\\\/11\\\/08\\\/har-slaveriet-forpassats-till-historien-i-qatar\\\/\"]}]},{\"@type\":\"ImageObject\",\"inLanguage\":\"sv-SE\",\"@id\":\"https:\\\/\\\/www.sttk.fi\\\/sv\\\/2022\\\/11\\\/08\\\/har-slaveriet-forpassats-till-historien-i-qatar\\\/#primaryimage\",\"url\":\"https:\\\/\\\/www.sttk.fi\\\/wp-content\\\/uploads\\\/sites\\\/2\\\/2022\\\/11\\\/alex-1200.jpg\",\"contentUrl\":\"https:\\\/\\\/www.sttk.fi\\\/wp-content\\\/uploads\\\/sites\\\/2\\\/2022\\\/11\\\/alex-1200.jpg\",\"width\":1200,\"height\":800,\"caption\":\"Meliza Ortiguerra, activism\"},{\"@type\":\"BreadcrumbList\",\"@id\":\"https:\\\/\\\/www.sttk.fi\\\/sv\\\/2022\\\/11\\\/08\\\/har-slaveriet-forpassats-till-historien-i-qatar\\\/#breadcrumb\",\"itemListElement\":[{\"@type\":\"ListItem\",\"position\":1,\"name\":\"Home\",\"item\":\"https:\\\/\\\/www.sttk.fi\\\/sv\\\/\"},{\"@type\":\"ListItem\",\"position\":2,\"name\":\"Har slaveriet f\u00f6rpassats till historien i Qatar?\"}]},{\"@type\":\"WebSite\",\"@id\":\"https:\\\/\\\/www.sttk.fi\\\/#website\",\"url\":\"https:\\\/\\\/www.sttk.fi\\\/\",\"name\":\"STTK\",\"description\":\"\",\"publisher\":{\"@id\":\"https:\\\/\\\/www.sttk.fi\\\/#organization\"},\"potentialAction\":[{\"@type\":\"SearchAction\",\"target\":{\"@type\":\"EntryPoint\",\"urlTemplate\":\"https:\\\/\\\/www.sttk.fi\\\/?s={search_term_string}\"},\"query-input\":{\"@type\":\"PropertyValueSpecification\",\"valueRequired\":true,\"valueName\":\"search_term_string\"}}],\"inLanguage\":\"sv-SE\"},{\"@type\":\"Organization\",\"@id\":\"https:\\\/\\\/www.sttk.fi\\\/#organization\",\"name\":\"STTK\",\"url\":\"https:\\\/\\\/www.sttk.fi\\\/\",\"logo\":{\"@type\":\"ImageObject\",\"inLanguage\":\"sv-SE\",\"@id\":\"https:\\\/\\\/www.sttk.fi\\\/#\\\/schema\\\/logo\\\/image\\\/\",\"url\":\"https:\\\/\\\/www.sttk.fi\\\/wp-content\\\/uploads\\\/sites\\\/2\\\/2025\\\/12\\\/vector3.svg\",\"contentUrl\":\"https:\\\/\\\/www.sttk.fi\\\/wp-content\\\/uploads\\\/sites\\\/2\\\/2025\\\/12\\\/vector3.svg\",\"caption\":\"STTK\"},\"image\":{\"@id\":\"https:\\\/\\\/www.sttk.fi\\\/#\\\/schema\\\/logo\\\/image\\\/\"},\"sameAs\":[\"https:\\\/\\\/www.facebook.com\\\/#!\\\/KeskusjarjestoSTTK\",\"https:\\\/\\\/x.com\\\/STTKMikonkatu\",\"http:\\\/\\\/www.youtube.com\\\/user\\\/protoimihenkilot\"]},{\"@type\":\"Person\",\"@id\":\"https:\\\/\\\/www.sttk.fi\\\/#\\\/schema\\\/person\\\/58abb54d7b15ed34e29dc4514a5c1210\",\"name\":\"paka\",\"image\":{\"@type\":\"ImageObject\",\"inLanguage\":\"sv-SE\",\"@id\":\"https:\\\/\\\/secure.gravatar.com\\\/avatar\\\/4475a9b815f64182a53e96cb5d0f5f7720cc03120a202c52530424ca5902a916?s=96&d=mm&r=g\",\"url\":\"https:\\\/\\\/secure.gravatar.com\\\/avatar\\\/4475a9b815f64182a53e96cb5d0f5f7720cc03120a202c52530424ca5902a916?s=96&d=mm&r=g\",\"contentUrl\":\"https:\\\/\\\/secure.gravatar.com\\\/avatar\\\/4475a9b815f64182a53e96cb5d0f5f7720cc03120a202c52530424ca5902a916?s=96&d=mm&r=g\",\"caption\":\"paka\"},\"url\":\"https:\\\/\\\/www.sttk.fi\\\/sv\\\/author\\\/paka\\\/\"}]}<\/script>\n<!-- \/ Yoast SEO plugin. -->","yoast_head_json":{"title":"Har slaveriet f\u00f6rpassats till historien i Qatar? - STTK","description":"Migrantarbetare fr\u00e5n fattiga l\u00e4nder har lidit av f\u00f6rh\u00e5llandena i Qatar och blivit utsatta f\u00f6r kr\u00e4nkningar av de m\u00e4nskliga r\u00e4ttigheterna.","robots":{"index":"index","follow":"follow","max-snippet":"max-snippet:-1","max-image-preview":"max-image-preview:large","max-video-preview":"max-video-preview:-1"},"canonical":"https:\/\/www.sttk.fi\/sv\/2022\/11\/08\/har-slaveriet-forpassats-till-historien-i-qatar\/","og_locale":"sv_SE","og_type":"article","og_title":"Har slaveriet f\u00f6rpassats till historien i Qatar? - STTK","og_description":"Migrantarbetare fr\u00e5n fattiga l\u00e4nder har lidit av f\u00f6rh\u00e5llandena i Qatar och blivit utsatta f\u00f6r kr\u00e4nkningar av de m\u00e4nskliga r\u00e4ttigheterna.","og_url":"https:\/\/www.sttk.fi\/sv\/2022\/11\/08\/har-slaveriet-forpassats-till-historien-i-qatar\/","og_site_name":"STTK","article_publisher":"https:\/\/www.facebook.com\/#%21%2fKeskusjarjestoSTTK","article_published_time":"2022-11-08T14:01:19+00:00","article_modified_time":"2022-11-08T14:01:20+00:00","og_image":[{"width":1200,"height":800,"url":"https:\/\/www.sttk.fi\/wp-content\/uploads\/sites\/2\/2022\/11\/alex-1200.jpg","type":"image\/jpeg"}],"twitter_card":"summary_large_image","twitter_creator":"@STTKMikonkatu","twitter_site":"@STTKMikonkatu","twitter_misc":{"Written by":"paka","Est. reading time":"8 minuter"},"schema":{"@context":"https:\/\/schema.org","@graph":[{"@type":"Article","@id":"https:\/\/www.sttk.fi\/sv\/2022\/11\/08\/har-slaveriet-forpassats-till-historien-i-qatar\/#article","isPartOf":{"@id":"https:\/\/www.sttk.fi\/sv\/2022\/11\/08\/har-slaveriet-forpassats-till-historien-i-qatar\/"},"author":{"name":"paka","@id":"https:\/\/www.sttk.fi\/#\/schema\/person\/58abb54d7b15ed34e29dc4514a5c1210"},"headline":"Har slaveriet f\u00f6rpassats till historien i Qatar?","datePublished":"2022-11-08T14:01:19+00:00","dateModified":"2022-11-08T14:01:20+00:00","mainEntityOfPage":{"@id":"https:\/\/www.sttk.fi\/sv\/2022\/11\/08\/har-slaveriet-forpassats-till-historien-i-qatar\/"},"wordCount":1456,"publisher":{"@id":"https:\/\/www.sttk.fi\/#organization"},"image":{"@id":"https:\/\/www.sttk.fi\/sv\/2022\/11\/08\/har-slaveriet-forpassats-till-historien-i-qatar\/#primaryimage"},"thumbnailUrl":"https:\/\/www.sttk.fi\/wp-content\/uploads\/sites\/2\/2022\/11\/alex-1200.jpg","articleSection":["Nyhet"],"inLanguage":"sv-SE"},{"@type":"WebPage","@id":"https:\/\/www.sttk.fi\/sv\/2022\/11\/08\/har-slaveriet-forpassats-till-historien-i-qatar\/","url":"https:\/\/www.sttk.fi\/sv\/2022\/11\/08\/har-slaveriet-forpassats-till-historien-i-qatar\/","name":"Har slaveriet f\u00f6rpassats till historien i Qatar? - STTK","isPartOf":{"@id":"https:\/\/www.sttk.fi\/#website"},"primaryImageOfPage":{"@id":"https:\/\/www.sttk.fi\/sv\/2022\/11\/08\/har-slaveriet-forpassats-till-historien-i-qatar\/#primaryimage"},"image":{"@id":"https:\/\/www.sttk.fi\/sv\/2022\/11\/08\/har-slaveriet-forpassats-till-historien-i-qatar\/#primaryimage"},"thumbnailUrl":"https:\/\/www.sttk.fi\/wp-content\/uploads\/sites\/2\/2022\/11\/alex-1200.jpg","datePublished":"2022-11-08T14:01:19+00:00","dateModified":"2022-11-08T14:01:20+00:00","description":"Migrantarbetare fr\u00e5n fattiga l\u00e4nder har lidit av f\u00f6rh\u00e5llandena i Qatar och blivit utsatta f\u00f6r kr\u00e4nkningar av de m\u00e4nskliga r\u00e4ttigheterna.","breadcrumb":{"@id":"https:\/\/www.sttk.fi\/sv\/2022\/11\/08\/har-slaveriet-forpassats-till-historien-i-qatar\/#breadcrumb"},"inLanguage":"sv-SE","potentialAction":[{"@type":"ReadAction","target":["https:\/\/www.sttk.fi\/sv\/2022\/11\/08\/har-slaveriet-forpassats-till-historien-i-qatar\/"]}]},{"@type":"ImageObject","inLanguage":"sv-SE","@id":"https:\/\/www.sttk.fi\/sv\/2022\/11\/08\/har-slaveriet-forpassats-till-historien-i-qatar\/#primaryimage","url":"https:\/\/www.sttk.fi\/wp-content\/uploads\/sites\/2\/2022\/11\/alex-1200.jpg","contentUrl":"https:\/\/www.sttk.fi\/wp-content\/uploads\/sites\/2\/2022\/11\/alex-1200.jpg","width":1200,"height":800,"caption":"Meliza Ortiguerra, activism"},{"@type":"BreadcrumbList","@id":"https:\/\/www.sttk.fi\/sv\/2022\/11\/08\/har-slaveriet-forpassats-till-historien-i-qatar\/#breadcrumb","itemListElement":[{"@type":"ListItem","position":1,"name":"Home","item":"https:\/\/www.sttk.fi\/sv\/"},{"@type":"ListItem","position":2,"name":"Har slaveriet f\u00f6rpassats till historien i Qatar?"}]},{"@type":"WebSite","@id":"https:\/\/www.sttk.fi\/#website","url":"https:\/\/www.sttk.fi\/","name":"STTK","description":"","publisher":{"@id":"https:\/\/www.sttk.fi\/#organization"},"potentialAction":[{"@type":"SearchAction","target":{"@type":"EntryPoint","urlTemplate":"https:\/\/www.sttk.fi\/?s={search_term_string}"},"query-input":{"@type":"PropertyValueSpecification","valueRequired":true,"valueName":"search_term_string"}}],"inLanguage":"sv-SE"},{"@type":"Organization","@id":"https:\/\/www.sttk.fi\/#organization","name":"STTK","url":"https:\/\/www.sttk.fi\/","logo":{"@type":"ImageObject","inLanguage":"sv-SE","@id":"https:\/\/www.sttk.fi\/#\/schema\/logo\/image\/","url":"https:\/\/www.sttk.fi\/wp-content\/uploads\/sites\/2\/2025\/12\/vector3.svg","contentUrl":"https:\/\/www.sttk.fi\/wp-content\/uploads\/sites\/2\/2025\/12\/vector3.svg","caption":"STTK"},"image":{"@id":"https:\/\/www.sttk.fi\/#\/schema\/logo\/image\/"},"sameAs":["https:\/\/www.facebook.com\/#!\/KeskusjarjestoSTTK","https:\/\/x.com\/STTKMikonkatu","http:\/\/www.youtube.com\/user\/protoimihenkilot"]},{"@type":"Person","@id":"https:\/\/www.sttk.fi\/#\/schema\/person\/58abb54d7b15ed34e29dc4514a5c1210","name":"paka","image":{"@type":"ImageObject","inLanguage":"sv-SE","@id":"https:\/\/secure.gravatar.com\/avatar\/4475a9b815f64182a53e96cb5d0f5f7720cc03120a202c52530424ca5902a916?s=96&d=mm&r=g","url":"https:\/\/secure.gravatar.com\/avatar\/4475a9b815f64182a53e96cb5d0f5f7720cc03120a202c52530424ca5902a916?s=96&d=mm&r=g","contentUrl":"https:\/\/secure.gravatar.com\/avatar\/4475a9b815f64182a53e96cb5d0f5f7720cc03120a202c52530424ca5902a916?s=96&d=mm&r=g","caption":"paka"},"url":"https:\/\/www.sttk.fi\/sv\/author\/paka\/"}]}},"_links":{"self":[{"href":"https:\/\/www.sttk.fi\/sv\/wp-json\/wp\/v2\/posts\/43468","targetHints":{"allow":["GET"]}}],"collection":[{"href":"https:\/\/www.sttk.fi\/sv\/wp-json\/wp\/v2\/posts"}],"about":[{"href":"https:\/\/www.sttk.fi\/sv\/wp-json\/wp\/v2\/types\/post"}],"author":[{"embeddable":true,"href":"https:\/\/www.sttk.fi\/sv\/wp-json\/wp\/v2\/users\/3"}],"replies":[{"embeddable":true,"href":"https:\/\/www.sttk.fi\/sv\/wp-json\/wp\/v2\/comments?post=43468"}],"version-history":[{"count":2,"href":"https:\/\/www.sttk.fi\/sv\/wp-json\/wp\/v2\/posts\/43468\/revisions"}],"predecessor-version":[{"id":43470,"href":"https:\/\/www.sttk.fi\/sv\/wp-json\/wp\/v2\/posts\/43468\/revisions\/43470"}],"wp:featuredmedia":[{"embeddable":true,"href":"https:\/\/www.sttk.fi\/sv\/wp-json\/wp\/v2\/media\/43462"}],"wp:attachment":[{"href":"https:\/\/www.sttk.fi\/sv\/wp-json\/wp\/v2\/media?parent=43468"}],"wp:term":[{"taxonomy":"category","embeddable":true,"href":"https:\/\/www.sttk.fi\/sv\/wp-json\/wp\/v2\/categories?post=43468"},{"taxonomy":"subject","embeddable":true,"href":"https:\/\/www.sttk.fi\/sv\/wp-json\/wp\/v2\/subject?post=43468"}],"curies":[{"name":"wp","href":"https:\/\/api.w.org\/{rel}","templated":true}]}}