{"id":42186,"date":"2022-08-29T10:31:00","date_gmt":"2022-08-29T07:31:00","guid":{"rendered":"https:\/\/www.sttk.fi\/?p=42186"},"modified":"2022-08-29T10:37:46","modified_gmt":"2022-08-29T07:37:46","slug":"valet-av-medlemmar-till-regionverksamheten-for-2023-2024-ar-i-gang","status":"publish","type":"post","link":"https:\/\/www.sttk.fi\/sv\/2022\/08\/29\/valet-av-medlemmar-till-regionverksamheten-for-2023-2024-ar-i-gang\/","title":{"rendered":"VALET AV MEDLEMMAR TILL REGIONVERKSAMHETEN F\u00d6R 2023-2024 \u00c4R I G\u00c5NG!"},"content":{"rendered":"\n<h3 class=\"wp-block-heading\">Vad \u00e4r regionverksamhet?<\/h3>\n\n\n\n<p>STTK deltar i beslutsfattandet och intressebevakningen p\u00e5 regional niv\u00e5 runt om i Finland och f\u00f6renar akt\u00f6rer fr\u00e5n STTK:s medlemsf\u00f6rbund. STTK:s medlemsf\u00f6rbund utser sina egna medlemmar till en tv\u00e5\u00e5rsperiod, 2023-2024, inom regionverksamheten.<\/p>\n\n\n\n<h3 class=\"wp-block-heading\">Regionverksamhetens m\u00e5l<\/h3>\n\n\n\n<p>M\u00e5let f\u00f6r den regionala intressebevakningen \u00e4r att g\u00f6ra STTK:s r\u00f6st h\u00f6rd i landskapen. lntressebevakningen genomf\u00f6rs genom region- och lokalkommitteer.<\/p>\n\n\n\n<p>I centrum av den regionala intressebevakningen finns, ut\u00f6ver arbetsplatserna, \u00e4ven andra delar som p\u00e5verkar tj\u00e4n stem\u00e4nnens vardag s\u00e5som boende, v\u00e4lf\u00e4rdstj\u00e4nster, utbildning, f\u00f6rebyggande av diskriminering och trafikpolitik. Dessa fr\u00e5gor bevakas inom region verksamheten.<\/p>\n\n\n\n<p>Styrkan i den regionala intressebevakningen \u00e4r att den samlar experter fr\u00e5n olika branscher i arbetslivet. Regionverksamheten \u00f6kar \u00e4ven synligheten p\u00e5 landskapsniv\u00e5 samt k\u00e4nslan av sammanh\u00e5llning inom STTK:s olika medlemsf\u00f6rbund.<\/p>\n\n\n\n<div class=\"wp-block-columns is-layout-flex wp-container-core-columns-is-layout-28f84493 wp-block-columns-is-layout-flex\">\n<div class=\"wp-block-column is-layout-flow wp-block-column-is-layout-flow\">\n<figure class=\"wp-block-image size-large is-resized\"><a href=\"https:\/\/www.sttk.fi\/wp-content\/uploads\/sites\/2\/2021\/10\/2_sttk_aluevaalit_netti_suomi_800x1200px.jpg\"><img loading=\"lazy\" decoding=\"async\" src=\"https:\/\/www.sttk.fi\/wp-content\/uploads\/sites\/2\/2021\/10\/2_sttk_aluevaalit_netti_suomi_800x1200px-683x1024.jpg\" alt=\"aluevaalit-suomi\" class=\"wp-image-36057\" width=\"405\" height=\"607\" srcset=\"https:\/\/www.sttk.fi\/wp-content\/uploads\/sites\/2\/2021\/10\/2_sttk_aluevaalit_netti_suomi_800x1200px-683x1024.jpg 683w, https:\/\/www.sttk.fi\/wp-content\/uploads\/sites\/2\/2021\/10\/2_sttk_aluevaalit_netti_suomi_800x1200px-200x300.jpg 200w, https:\/\/www.sttk.fi\/wp-content\/uploads\/sites\/2\/2021\/10\/2_sttk_aluevaalit_netti_suomi_800x1200px-768x1152.jpg 768w, https:\/\/www.sttk.fi\/wp-content\/uploads\/sites\/2\/2021\/10\/2_sttk_aluevaalit_netti_suomi_800x1200px-661x992.jpg 661w, https:\/\/www.sttk.fi\/wp-content\/uploads\/sites\/2\/2021\/10\/2_sttk_aluevaalit_netti_suomi_800x1200px.jpg 800w\" sizes=\"auto, (max-width: 405px) 100vw, 405px\" \/><\/a><\/figure>\n<\/div>\n\n\n\n<div class=\"wp-block-column is-layout-flow wp-block-column-is-layout-flow\">\n<h3 class=\"wp-block-heading\">Vad g\u00f6r regionalkommitten (ATO)?<\/h3>\n\n\n\n<p>Regionalkommitten bedriver ett aktivt p\u00e5verkansarbete i fr\u00e5gor inom sitt omr\u00e5de bland annat genom m\u00f6ten med beslutsfattare, deltagande i regionf\u00f6rvaltningen och i regionala organisationers verksamhet. Social- och h\u00e4lsov\u00e5rdsreformen \u00e4r naturligtvis ett stort omr\u00e5de d\u00e4r p\u00e5verkansarbetet sker i samarbete med v\u00e5ra f\u00f6rbund!<\/p>\n\n\n\n<p>Regional p\u00e5verkan kan ocks\u00e5 ske genom att man tar st\u00e4llning i aktuella fr\u00e5gor inom regionen, till exempel genom att delta i aktuella arbetsgrupper eller genom att anordna diskussionsforum.<\/p>\n\n\n\n<h3 class=\"wp-block-heading\"><\/h3>\n<\/div>\n<\/div>\n\n\n\n<div class=\"wp-block-columns is-layout-flex wp-container-core-columns-is-layout-28f84493 wp-block-columns-is-layout-flex\">\n<div class=\"wp-block-column is-layout-flow wp-block-column-is-layout-flow\">\n<h3 class=\"wp-block-heading\">Vad g\u00f6r lokalkommitten (PATO)?<\/h3>\n\n\n\n<p>Regionkommitteerna inr\u00e4ttar vid behov lokalkommitteer i b\u00f6rjan av mandatperioden i syfte att de ska sk\u00f6ta intressebevakningen p\u00e5 lokal niv\u00e5 och i de ekonomiska regionerna.<\/p>\n\n\n\n<p>Lokalkommitteerna har till uppgift att \u00f6ka medvetenheten och p\u00e5verka i fr\u00e5gor som r\u00f6r det egna n\u00e4romr\u00e5det. Arbetss\u00e4ttet motsvarar i h\u00f6g grad regionalkommitteernas arbetss\u00e4tt.<\/p>\n<\/div>\n\n\n\n<div class=\"wp-block-column is-layout-flow wp-block-column-is-layout-flow\">\n<figure class=\"wp-block-image size-large\"><a href=\"https:\/\/www.sttk.fi\/wp-content\/uploads\/sites\/2\/2021\/10\/2_sttk_aluevaalit_netti_suomi_800x1200px.jpg\"><img loading=\"lazy\" decoding=\"async\" width=\"683\" height=\"1024\" src=\"https:\/\/www.sttk.fi\/wp-content\/uploads\/sites\/2\/2021\/10\/2_sttk_aluevaalit_netti_suomi_800x1200px-683x1024.jpg\" alt=\"aluevaalit-suomi\" class=\"wp-image-36057\" srcset=\"https:\/\/www.sttk.fi\/wp-content\/uploads\/sites\/2\/2021\/10\/2_sttk_aluevaalit_netti_suomi_800x1200px-683x1024.jpg 683w, https:\/\/www.sttk.fi\/wp-content\/uploads\/sites\/2\/2021\/10\/2_sttk_aluevaalit_netti_suomi_800x1200px-200x300.jpg 200w, https:\/\/www.sttk.fi\/wp-content\/uploads\/sites\/2\/2021\/10\/2_sttk_aluevaalit_netti_suomi_800x1200px-768x1152.jpg 768w, https:\/\/www.sttk.fi\/wp-content\/uploads\/sites\/2\/2021\/10\/2_sttk_aluevaalit_netti_suomi_800x1200px-661x992.jpg 661w, https:\/\/www.sttk.fi\/wp-content\/uploads\/sites\/2\/2021\/10\/2_sttk_aluevaalit_netti_suomi_800x1200px.jpg 800w\" sizes=\"auto, (max-width: 683px) 100vw, 683px\" \/><\/a><\/figure>\n<\/div>\n<\/div>\n\n\n\n<h2 class=\"wp-block-heading\">VAR MED OCH P\u00c5VERKA!<\/h2>\n\n\n\n<h3 class=\"wp-block-heading\">VAD KR\u00c4VS?<\/h3>\n\n\n\n<p>Ett intresse f\u00f6r samh\u00e4llsp\u00e5verkan och utveckling av STTK:s regionverksamhet. En vilja att anv\u00e4nda sin egen tid till att sk\u00f6ta gemensamma angel\u00e4genheter.<\/p>\n\n\n\n<h3 class=\"wp-block-heading\">VAD F\u00c5R DU I GENG\u00c4LD?<\/h3>\n\n\n\n<p>M\u00f6jlighet att l\u00e4ra dig mer om samh\u00e4llsp\u00e5verkan, n\u00e4tverka och l\u00e4ra k\u00e4nna de olika fackf\u00f6rbundens akt\u00f6rer. Du kan f\u00e5 m\u00f6jlighet att p\u00e5verka inom bland annat den statliga regionf\u00f6rvaltningen, landskapsf\u00f6rbunden och andra regionala organisationer s\u00e5som landskapsf\u00f6rbundet, NTM-centralen, Arbetsh\u00e4lsoinstitutet, regionf\u00f6rvaltningsverken, arbetskrafts- och f\u00f6retagsservicen, delegationer f\u00f6r etniska relationer och syssels\u00e4ttningen i st\u00e4derna samt organ inom bankernas l\u00f6ntagarkommitte.<\/p>\n\n\n\n<h3 class=\"wp-block-heading\">HUR DELTAR MAN I REGIONVERKSAMHETEN?<\/h3>\n\n\n\n<p>STTK:s fackf\u00f6rbund v\u00e4ljer sj\u00e4lvst\u00e4ndigt sina egna f\u00f6retr\u00e4dare till region- och lokalkommitteerna. Mer information om nomineringsprocessen f\u00e5r du fr\u00e5n ditt eget f\u00f6rbund.<\/p>\n\n\n\n<h2 class=\"wp-block-heading\">REGIONKOMMITTEER 2023\u20132024<\/h2>\n\n\n\n<div class=\"wp-block-columns is-layout-flex wp-container-core-columns-is-layout-28f84493 wp-block-columns-is-layout-flex\">\n<div class=\"wp-block-column is-layout-flow wp-block-column-is-layout-flow\">\n<ul class=\"wp-block-list\"><li>\u00c5land <\/li><li>S\u00f6dra \u00d6sterbotten<\/li><li>S\u00f6dra Savolax<\/li><li>Tavastland<\/li><li>Syd\u00f6stra Finland<\/li><li>Kajanaland<\/li><li>Mellersta Finland<\/li><li>Lapland<\/li><\/ul>\n<\/div>\n\n\n\n<div class=\"wp-block-column is-layout-flow wp-block-column-is-layout-flow\">\n<ul class=\"wp-block-list\"><li>Birkaland<\/li><li>\u00d6sterbotten<\/li><li>Norra Karelen<\/li><li>Norra \u00d6sterbotten<\/li><li>Norra Savolax<\/li><li>Satakunta<\/li><li>Nyland<\/li><li>Egentliga Finland<\/li><\/ul>\n<\/div>\n<\/div>\n","protected":false},"excerpt":{"rendered":"Vad \u00e4r regionverksamhet? STTK deltar i beslutsfattandet och intressebevakningen p\u00e5 regional niv\u00e5 runt om i Finland och f\u00f6renar&#8230; ","protected":false},"author":3,"featured_media":40959,"comment_status":"closed","ping_status":"closed","sticky":false,"template":"","format":"standard","meta":{"_acf_changed":false,"lead_paragraph":"","footnotes":""},"categories":[132],"subject":[],"class_list":["post-42186","post","type-post","status-publish","format-standard","has-post-thumbnail","hentry","category-nyhet"],"acf":{"lead_paragraph":""},"yoast_head":"<!-- This site is optimized with the Yoast SEO plugin v27.4 - https:\/\/yoast.com\/product\/yoast-seo-wordpress\/ -->\n<title>VALET AV MEDLEMMAR TILL REGIONVERKSAMHETEN F\u00d6R 2023-2024 \u00c4R I G\u00c5NG! - STTK<\/title>\n<meta name=\"description\" content=\"VAR MED OCH P\u00c5VERKA! STTK:s fackf\u00f6rbund v\u00e4ljer sj\u00e4lvst\u00e4ndigt sina egna f\u00f6retr\u00e4dare till region- och lokalkommitteerna.\" \/>\n<meta name=\"robots\" content=\"index, follow, max-snippet:-1, max-image-preview:large, max-video-preview:-1\" \/>\n<link rel=\"canonical\" href=\"https:\/\/www.sttk.fi\/sv\/2022\/08\/29\/valet-av-medlemmar-till-regionverksamheten-for-2023-2024-ar-i-gang\/\" \/>\n<meta property=\"og:locale\" content=\"sv_SE\" \/>\n<meta property=\"og:type\" content=\"article\" \/>\n<meta property=\"og:title\" content=\"VALET AV MEDLEMMAR TILL REGIONVERKSAMHETEN F\u00d6R 2023-2024 \u00c4R I G\u00c5NG! - STTK\" \/>\n<meta property=\"og:description\" content=\"VAR MED OCH P\u00c5VERKA! STTK:s fackf\u00f6rbund v\u00e4ljer sj\u00e4lvst\u00e4ndigt sina egna f\u00f6retr\u00e4dare till region- och lokalkommitteerna.\" \/>\n<meta property=\"og:url\" content=\"https:\/\/www.sttk.fi\/sv\/2022\/08\/29\/valet-av-medlemmar-till-regionverksamheten-for-2023-2024-ar-i-gang\/\" \/>\n<meta property=\"og:site_name\" content=\"STTK\" \/>\n<meta property=\"article:publisher\" content=\"https:\/\/www.facebook.com\/#%21%2fKeskusjarjestoSTTK\" \/>\n<meta property=\"article:published_time\" content=\"2022-08-29T07:31:00+00:00\" \/>\n<meta property=\"article:modified_time\" content=\"2022-08-29T07:37:46+00:00\" \/>\n<meta property=\"og:image\" content=\"https:\/\/www.sttk.fi\/wp-content\/uploads\/sites\/2\/2022\/06\/kaupunkikuva-ilmasta.jpg\" \/>\n\t<meta property=\"og:image:width\" content=\"1000\" \/>\n\t<meta property=\"og:image:height\" content=\"534\" \/>\n\t<meta property=\"og:image:type\" content=\"image\/jpeg\" \/>\n<meta name=\"twitter:card\" content=\"summary_large_image\" \/>\n<meta name=\"twitter:creator\" content=\"@STTKMikonkatu\" \/>\n<meta name=\"twitter:site\" content=\"@STTKMikonkatu\" \/>\n<meta name=\"twitter:label1\" content=\"Written by\" \/>\n\t<meta name=\"twitter:data1\" content=\"paka\" \/>\n\t<meta name=\"twitter:label2\" content=\"Est. reading time\" \/>\n\t<meta name=\"twitter:data2\" content=\"3 minuter\" \/>\n<script type=\"application\/ld+json\" class=\"yoast-schema-graph\">{\"@context\":\"https:\\\/\\\/schema.org\",\"@graph\":[{\"@type\":\"Article\",\"@id\":\"https:\\\/\\\/www.sttk.fi\\\/sv\\\/2022\\\/08\\\/29\\\/valet-av-medlemmar-till-regionverksamheten-for-2023-2024-ar-i-gang\\\/#article\",\"isPartOf\":{\"@id\":\"https:\\\/\\\/www.sttk.fi\\\/sv\\\/2022\\\/08\\\/29\\\/valet-av-medlemmar-till-regionverksamheten-for-2023-2024-ar-i-gang\\\/\"},\"author\":{\"name\":\"paka\",\"@id\":\"https:\\\/\\\/www.sttk.fi\\\/#\\\/schema\\\/person\\\/58abb54d7b15ed34e29dc4514a5c1210\"},\"headline\":\"VALET AV MEDLEMMAR TILL REGIONVERKSAMHETEN F\u00d6R 2023-2024 \u00c4R I G\u00c5NG!\",\"datePublished\":\"2022-08-29T07:31:00+00:00\",\"dateModified\":\"2022-08-29T07:37:46+00:00\",\"mainEntityOfPage\":{\"@id\":\"https:\\\/\\\/www.sttk.fi\\\/sv\\\/2022\\\/08\\\/29\\\/valet-av-medlemmar-till-regionverksamheten-for-2023-2024-ar-i-gang\\\/\"},\"wordCount\":492,\"publisher\":{\"@id\":\"https:\\\/\\\/www.sttk.fi\\\/#organization\"},\"image\":{\"@id\":\"https:\\\/\\\/www.sttk.fi\\\/sv\\\/2022\\\/08\\\/29\\\/valet-av-medlemmar-till-regionverksamheten-for-2023-2024-ar-i-gang\\\/#primaryimage\"},\"thumbnailUrl\":\"https:\\\/\\\/www.sttk.fi\\\/wp-content\\\/uploads\\\/sites\\\/2\\\/2022\\\/06\\\/kaupunkikuva-ilmasta.jpg\",\"articleSection\":[\"Nyhet\"],\"inLanguage\":\"sv-SE\"},{\"@type\":\"WebPage\",\"@id\":\"https:\\\/\\\/www.sttk.fi\\\/sv\\\/2022\\\/08\\\/29\\\/valet-av-medlemmar-till-regionverksamheten-for-2023-2024-ar-i-gang\\\/\",\"url\":\"https:\\\/\\\/www.sttk.fi\\\/sv\\\/2022\\\/08\\\/29\\\/valet-av-medlemmar-till-regionverksamheten-for-2023-2024-ar-i-gang\\\/\",\"name\":\"VALET AV MEDLEMMAR TILL REGIONVERKSAMHETEN F\u00d6R 2023-2024 \u00c4R I G\u00c5NG! - STTK\",\"isPartOf\":{\"@id\":\"https:\\\/\\\/www.sttk.fi\\\/#website\"},\"primaryImageOfPage\":{\"@id\":\"https:\\\/\\\/www.sttk.fi\\\/sv\\\/2022\\\/08\\\/29\\\/valet-av-medlemmar-till-regionverksamheten-for-2023-2024-ar-i-gang\\\/#primaryimage\"},\"image\":{\"@id\":\"https:\\\/\\\/www.sttk.fi\\\/sv\\\/2022\\\/08\\\/29\\\/valet-av-medlemmar-till-regionverksamheten-for-2023-2024-ar-i-gang\\\/#primaryimage\"},\"thumbnailUrl\":\"https:\\\/\\\/www.sttk.fi\\\/wp-content\\\/uploads\\\/sites\\\/2\\\/2022\\\/06\\\/kaupunkikuva-ilmasta.jpg\",\"datePublished\":\"2022-08-29T07:31:00+00:00\",\"dateModified\":\"2022-08-29T07:37:46+00:00\",\"description\":\"VAR MED OCH P\u00c5VERKA! STTK:s fackf\u00f6rbund v\u00e4ljer sj\u00e4lvst\u00e4ndigt sina egna f\u00f6retr\u00e4dare till region- och lokalkommitteerna.\",\"breadcrumb\":{\"@id\":\"https:\\\/\\\/www.sttk.fi\\\/sv\\\/2022\\\/08\\\/29\\\/valet-av-medlemmar-till-regionverksamheten-for-2023-2024-ar-i-gang\\\/#breadcrumb\"},\"inLanguage\":\"sv-SE\",\"potentialAction\":[{\"@type\":\"ReadAction\",\"target\":[\"https:\\\/\\\/www.sttk.fi\\\/sv\\\/2022\\\/08\\\/29\\\/valet-av-medlemmar-till-regionverksamheten-for-2023-2024-ar-i-gang\\\/\"]}]},{\"@type\":\"ImageObject\",\"inLanguage\":\"sv-SE\",\"@id\":\"https:\\\/\\\/www.sttk.fi\\\/sv\\\/2022\\\/08\\\/29\\\/valet-av-medlemmar-till-regionverksamheten-for-2023-2024-ar-i-gang\\\/#primaryimage\",\"url\":\"https:\\\/\\\/www.sttk.fi\\\/wp-content\\\/uploads\\\/sites\\\/2\\\/2022\\\/06\\\/kaupunkikuva-ilmasta.jpg\",\"contentUrl\":\"https:\\\/\\\/www.sttk.fi\\\/wp-content\\\/uploads\\\/sites\\\/2\\\/2022\\\/06\\\/kaupunkikuva-ilmasta.jpg\",\"width\":1000,\"height\":534,\"caption\":\"ihmisi\u00e4 ylitt\u00e4m\u00e4ss\u00e4 tiet\u00e4\"},{\"@type\":\"BreadcrumbList\",\"@id\":\"https:\\\/\\\/www.sttk.fi\\\/sv\\\/2022\\\/08\\\/29\\\/valet-av-medlemmar-till-regionverksamheten-for-2023-2024-ar-i-gang\\\/#breadcrumb\",\"itemListElement\":[{\"@type\":\"ListItem\",\"position\":1,\"name\":\"Home\",\"item\":\"https:\\\/\\\/www.sttk.fi\\\/sv\\\/\"},{\"@type\":\"ListItem\",\"position\":2,\"name\":\"VALET AV MEDLEMMAR TILL REGIONVERKSAMHETEN F\u00d6R 2023-2024 \u00c4R I G\u00c5NG!\"}]},{\"@type\":\"WebSite\",\"@id\":\"https:\\\/\\\/www.sttk.fi\\\/#website\",\"url\":\"https:\\\/\\\/www.sttk.fi\\\/\",\"name\":\"STTK\",\"description\":\"\",\"publisher\":{\"@id\":\"https:\\\/\\\/www.sttk.fi\\\/#organization\"},\"potentialAction\":[{\"@type\":\"SearchAction\",\"target\":{\"@type\":\"EntryPoint\",\"urlTemplate\":\"https:\\\/\\\/www.sttk.fi\\\/?s={search_term_string}\"},\"query-input\":{\"@type\":\"PropertyValueSpecification\",\"valueRequired\":true,\"valueName\":\"search_term_string\"}}],\"inLanguage\":\"sv-SE\"},{\"@type\":\"Organization\",\"@id\":\"https:\\\/\\\/www.sttk.fi\\\/#organization\",\"name\":\"STTK\",\"url\":\"https:\\\/\\\/www.sttk.fi\\\/\",\"logo\":{\"@type\":\"ImageObject\",\"inLanguage\":\"sv-SE\",\"@id\":\"https:\\\/\\\/www.sttk.fi\\\/#\\\/schema\\\/logo\\\/image\\\/\",\"url\":\"https:\\\/\\\/www.sttk.fi\\\/wp-content\\\/uploads\\\/sites\\\/2\\\/2025\\\/12\\\/vector3.svg\",\"contentUrl\":\"https:\\\/\\\/www.sttk.fi\\\/wp-content\\\/uploads\\\/sites\\\/2\\\/2025\\\/12\\\/vector3.svg\",\"caption\":\"STTK\"},\"image\":{\"@id\":\"https:\\\/\\\/www.sttk.fi\\\/#\\\/schema\\\/logo\\\/image\\\/\"},\"sameAs\":[\"https:\\\/\\\/www.facebook.com\\\/#!\\\/KeskusjarjestoSTTK\",\"https:\\\/\\\/x.com\\\/STTKMikonkatu\",\"http:\\\/\\\/www.youtube.com\\\/user\\\/protoimihenkilot\"]},{\"@type\":\"Person\",\"@id\":\"https:\\\/\\\/www.sttk.fi\\\/#\\\/schema\\\/person\\\/58abb54d7b15ed34e29dc4514a5c1210\",\"name\":\"paka\",\"image\":{\"@type\":\"ImageObject\",\"inLanguage\":\"sv-SE\",\"@id\":\"https:\\\/\\\/secure.gravatar.com\\\/avatar\\\/4475a9b815f64182a53e96cb5d0f5f7720cc03120a202c52530424ca5902a916?s=96&d=mm&r=g\",\"url\":\"https:\\\/\\\/secure.gravatar.com\\\/avatar\\\/4475a9b815f64182a53e96cb5d0f5f7720cc03120a202c52530424ca5902a916?s=96&d=mm&r=g\",\"contentUrl\":\"https:\\\/\\\/secure.gravatar.com\\\/avatar\\\/4475a9b815f64182a53e96cb5d0f5f7720cc03120a202c52530424ca5902a916?s=96&d=mm&r=g\",\"caption\":\"paka\"},\"url\":\"https:\\\/\\\/www.sttk.fi\\\/sv\\\/author\\\/paka\\\/\"}]}<\/script>\n<!-- \/ Yoast SEO plugin. -->","yoast_head_json":{"title":"VALET AV MEDLEMMAR TILL REGIONVERKSAMHETEN F\u00d6R 2023-2024 \u00c4R I G\u00c5NG! - STTK","description":"VAR MED OCH P\u00c5VERKA! STTK:s fackf\u00f6rbund v\u00e4ljer sj\u00e4lvst\u00e4ndigt sina egna f\u00f6retr\u00e4dare till region- och lokalkommitteerna.","robots":{"index":"index","follow":"follow","max-snippet":"max-snippet:-1","max-image-preview":"max-image-preview:large","max-video-preview":"max-video-preview:-1"},"canonical":"https:\/\/www.sttk.fi\/sv\/2022\/08\/29\/valet-av-medlemmar-till-regionverksamheten-for-2023-2024-ar-i-gang\/","og_locale":"sv_SE","og_type":"article","og_title":"VALET AV MEDLEMMAR TILL REGIONVERKSAMHETEN F\u00d6R 2023-2024 \u00c4R I G\u00c5NG! - STTK","og_description":"VAR MED OCH P\u00c5VERKA! STTK:s fackf\u00f6rbund v\u00e4ljer sj\u00e4lvst\u00e4ndigt sina egna f\u00f6retr\u00e4dare till region- och lokalkommitteerna.","og_url":"https:\/\/www.sttk.fi\/sv\/2022\/08\/29\/valet-av-medlemmar-till-regionverksamheten-for-2023-2024-ar-i-gang\/","og_site_name":"STTK","article_publisher":"https:\/\/www.facebook.com\/#%21%2fKeskusjarjestoSTTK","article_published_time":"2022-08-29T07:31:00+00:00","article_modified_time":"2022-08-29T07:37:46+00:00","og_image":[{"width":1000,"height":534,"url":"https:\/\/www.sttk.fi\/wp-content\/uploads\/sites\/2\/2022\/06\/kaupunkikuva-ilmasta.jpg","type":"image\/jpeg"}],"twitter_card":"summary_large_image","twitter_creator":"@STTKMikonkatu","twitter_site":"@STTKMikonkatu","twitter_misc":{"Written by":"paka","Est. reading time":"3 minuter"},"schema":{"@context":"https:\/\/schema.org","@graph":[{"@type":"Article","@id":"https:\/\/www.sttk.fi\/sv\/2022\/08\/29\/valet-av-medlemmar-till-regionverksamheten-for-2023-2024-ar-i-gang\/#article","isPartOf":{"@id":"https:\/\/www.sttk.fi\/sv\/2022\/08\/29\/valet-av-medlemmar-till-regionverksamheten-for-2023-2024-ar-i-gang\/"},"author":{"name":"paka","@id":"https:\/\/www.sttk.fi\/#\/schema\/person\/58abb54d7b15ed34e29dc4514a5c1210"},"headline":"VALET AV MEDLEMMAR TILL REGIONVERKSAMHETEN F\u00d6R 2023-2024 \u00c4R I G\u00c5NG!","datePublished":"2022-08-29T07:31:00+00:00","dateModified":"2022-08-29T07:37:46+00:00","mainEntityOfPage":{"@id":"https:\/\/www.sttk.fi\/sv\/2022\/08\/29\/valet-av-medlemmar-till-regionverksamheten-for-2023-2024-ar-i-gang\/"},"wordCount":492,"publisher":{"@id":"https:\/\/www.sttk.fi\/#organization"},"image":{"@id":"https:\/\/www.sttk.fi\/sv\/2022\/08\/29\/valet-av-medlemmar-till-regionverksamheten-for-2023-2024-ar-i-gang\/#primaryimage"},"thumbnailUrl":"https:\/\/www.sttk.fi\/wp-content\/uploads\/sites\/2\/2022\/06\/kaupunkikuva-ilmasta.jpg","articleSection":["Nyhet"],"inLanguage":"sv-SE"},{"@type":"WebPage","@id":"https:\/\/www.sttk.fi\/sv\/2022\/08\/29\/valet-av-medlemmar-till-regionverksamheten-for-2023-2024-ar-i-gang\/","url":"https:\/\/www.sttk.fi\/sv\/2022\/08\/29\/valet-av-medlemmar-till-regionverksamheten-for-2023-2024-ar-i-gang\/","name":"VALET AV MEDLEMMAR TILL REGIONVERKSAMHETEN F\u00d6R 2023-2024 \u00c4R I G\u00c5NG! - STTK","isPartOf":{"@id":"https:\/\/www.sttk.fi\/#website"},"primaryImageOfPage":{"@id":"https:\/\/www.sttk.fi\/sv\/2022\/08\/29\/valet-av-medlemmar-till-regionverksamheten-for-2023-2024-ar-i-gang\/#primaryimage"},"image":{"@id":"https:\/\/www.sttk.fi\/sv\/2022\/08\/29\/valet-av-medlemmar-till-regionverksamheten-for-2023-2024-ar-i-gang\/#primaryimage"},"thumbnailUrl":"https:\/\/www.sttk.fi\/wp-content\/uploads\/sites\/2\/2022\/06\/kaupunkikuva-ilmasta.jpg","datePublished":"2022-08-29T07:31:00+00:00","dateModified":"2022-08-29T07:37:46+00:00","description":"VAR MED OCH P\u00c5VERKA! STTK:s fackf\u00f6rbund v\u00e4ljer sj\u00e4lvst\u00e4ndigt sina egna f\u00f6retr\u00e4dare till region- och lokalkommitteerna.","breadcrumb":{"@id":"https:\/\/www.sttk.fi\/sv\/2022\/08\/29\/valet-av-medlemmar-till-regionverksamheten-for-2023-2024-ar-i-gang\/#breadcrumb"},"inLanguage":"sv-SE","potentialAction":[{"@type":"ReadAction","target":["https:\/\/www.sttk.fi\/sv\/2022\/08\/29\/valet-av-medlemmar-till-regionverksamheten-for-2023-2024-ar-i-gang\/"]}]},{"@type":"ImageObject","inLanguage":"sv-SE","@id":"https:\/\/www.sttk.fi\/sv\/2022\/08\/29\/valet-av-medlemmar-till-regionverksamheten-for-2023-2024-ar-i-gang\/#primaryimage","url":"https:\/\/www.sttk.fi\/wp-content\/uploads\/sites\/2\/2022\/06\/kaupunkikuva-ilmasta.jpg","contentUrl":"https:\/\/www.sttk.fi\/wp-content\/uploads\/sites\/2\/2022\/06\/kaupunkikuva-ilmasta.jpg","width":1000,"height":534,"caption":"ihmisi\u00e4 ylitt\u00e4m\u00e4ss\u00e4 tiet\u00e4"},{"@type":"BreadcrumbList","@id":"https:\/\/www.sttk.fi\/sv\/2022\/08\/29\/valet-av-medlemmar-till-regionverksamheten-for-2023-2024-ar-i-gang\/#breadcrumb","itemListElement":[{"@type":"ListItem","position":1,"name":"Home","item":"https:\/\/www.sttk.fi\/sv\/"},{"@type":"ListItem","position":2,"name":"VALET AV MEDLEMMAR TILL REGIONVERKSAMHETEN F\u00d6R 2023-2024 \u00c4R I G\u00c5NG!"}]},{"@type":"WebSite","@id":"https:\/\/www.sttk.fi\/#website","url":"https:\/\/www.sttk.fi\/","name":"STTK","description":"","publisher":{"@id":"https:\/\/www.sttk.fi\/#organization"},"potentialAction":[{"@type":"SearchAction","target":{"@type":"EntryPoint","urlTemplate":"https:\/\/www.sttk.fi\/?s={search_term_string}"},"query-input":{"@type":"PropertyValueSpecification","valueRequired":true,"valueName":"search_term_string"}}],"inLanguage":"sv-SE"},{"@type":"Organization","@id":"https:\/\/www.sttk.fi\/#organization","name":"STTK","url":"https:\/\/www.sttk.fi\/","logo":{"@type":"ImageObject","inLanguage":"sv-SE","@id":"https:\/\/www.sttk.fi\/#\/schema\/logo\/image\/","url":"https:\/\/www.sttk.fi\/wp-content\/uploads\/sites\/2\/2025\/12\/vector3.svg","contentUrl":"https:\/\/www.sttk.fi\/wp-content\/uploads\/sites\/2\/2025\/12\/vector3.svg","caption":"STTK"},"image":{"@id":"https:\/\/www.sttk.fi\/#\/schema\/logo\/image\/"},"sameAs":["https:\/\/www.facebook.com\/#!\/KeskusjarjestoSTTK","https:\/\/x.com\/STTKMikonkatu","http:\/\/www.youtube.com\/user\/protoimihenkilot"]},{"@type":"Person","@id":"https:\/\/www.sttk.fi\/#\/schema\/person\/58abb54d7b15ed34e29dc4514a5c1210","name":"paka","image":{"@type":"ImageObject","inLanguage":"sv-SE","@id":"https:\/\/secure.gravatar.com\/avatar\/4475a9b815f64182a53e96cb5d0f5f7720cc03120a202c52530424ca5902a916?s=96&d=mm&r=g","url":"https:\/\/secure.gravatar.com\/avatar\/4475a9b815f64182a53e96cb5d0f5f7720cc03120a202c52530424ca5902a916?s=96&d=mm&r=g","contentUrl":"https:\/\/secure.gravatar.com\/avatar\/4475a9b815f64182a53e96cb5d0f5f7720cc03120a202c52530424ca5902a916?s=96&d=mm&r=g","caption":"paka"},"url":"https:\/\/www.sttk.fi\/sv\/author\/paka\/"}]}},"_links":{"self":[{"href":"https:\/\/www.sttk.fi\/sv\/wp-json\/wp\/v2\/posts\/42186","targetHints":{"allow":["GET"]}}],"collection":[{"href":"https:\/\/www.sttk.fi\/sv\/wp-json\/wp\/v2\/posts"}],"about":[{"href":"https:\/\/www.sttk.fi\/sv\/wp-json\/wp\/v2\/types\/post"}],"author":[{"embeddable":true,"href":"https:\/\/www.sttk.fi\/sv\/wp-json\/wp\/v2\/users\/3"}],"replies":[{"embeddable":true,"href":"https:\/\/www.sttk.fi\/sv\/wp-json\/wp\/v2\/comments?post=42186"}],"version-history":[{"count":5,"href":"https:\/\/www.sttk.fi\/sv\/wp-json\/wp\/v2\/posts\/42186\/revisions"}],"predecessor-version":[{"id":42192,"href":"https:\/\/www.sttk.fi\/sv\/wp-json\/wp\/v2\/posts\/42186\/revisions\/42192"}],"wp:featuredmedia":[{"embeddable":true,"href":"https:\/\/www.sttk.fi\/sv\/wp-json\/wp\/v2\/media\/40959"}],"wp:attachment":[{"href":"https:\/\/www.sttk.fi\/sv\/wp-json\/wp\/v2\/media?parent=42186"}],"wp:term":[{"taxonomy":"category","embeddable":true,"href":"https:\/\/www.sttk.fi\/sv\/wp-json\/wp\/v2\/categories?post=42186"},{"taxonomy":"subject","embeddable":true,"href":"https:\/\/www.sttk.fi\/sv\/wp-json\/wp\/v2\/subject?post=42186"}],"curies":[{"name":"wp","href":"https:\/\/api.w.org\/{rel}","templated":true}]}}