{"id":36800,"date":"2021-11-16T11:21:45","date_gmt":"2021-11-16T09:21:45","guid":{"rendered":"https:\/\/www.sttk.fi\/?p=36800"},"modified":"2021-11-16T11:21:47","modified_gmt":"2021-11-16T09:21:47","slug":"sttk-pa-kvinnornas-lonedag-lika-lon-skall-betalas-for-likvardigt-arbete","status":"publish","type":"post","link":"https:\/\/www.sttk.fi\/sv\/2021\/11\/16\/sttk-pa-kvinnornas-lonedag-lika-lon-skall-betalas-for-likvardigt-arbete\/","title":{"rendered":"STTK P\u00e5 kvinnornas l\u00f6nedag: Lika l\u00f6n skall betalas f\u00f6r likv\u00e4rdigt arbete"},"content":{"rendered":"\n<p>I \u00e5r tj\u00e4nar kvinnor 84,3 procent av m\u00e4nnens inkomster. Utifr\u00e5n det firas Kvinnornas l\u00f6nedag, den 4 november 2021, och resten av \u00e5ret kommer kvinnorna att bildligt talat arbeta &#8221;gratis&#8221;. F\u00f6rra \u00e5ret var Kvinnornas l\u00f6nedag den 1 november, d\u00e5 kvinnornas inkomster utgjorde 83,8 procent av m\u00e4nnens inkomster. En liten f\u00f6rb\u00e4ttring i l\u00f6nej\u00e4mst\u00e4lldhet \u00e4r ett steg i r\u00e4tt riktning, men otillr\u00e4cklig i helheten.<\/p>\n\n\n\n<p>L\u00f6neskillnaderna mellan k\u00f6nen har praktiskt taget varit of\u00f6r\u00e4ndrade under \u00e5ren och decennierna, fast\u00e4n lika l\u00f6n \u00e4r en grundl\u00e4ggande och m\u00e4nsklig r\u00e4ttighet. Kvinnornas f\u00f6rh\u00f6jda utbildningsniv\u00e5 har inte n\u00e4mnv\u00e4rt \u00f6kat l\u00f6nej\u00e4mst\u00e4lldheten. Detta ih\u00e4rdiga problem i arbetslivet m\u00e5ste ytterligare \u00e5tg\u00e4rdas mer effektivt och \u00e4ndam\u00e5lsenligt.<\/p>\n\n\n\n<figure class=\"wp-block-image size-large\"><a href=\"https:\/\/www.sttk.fi\/wp-content\/uploads\/sites\/2\/2021\/11\/naisten-ja-miesten-palkkaus-ja-koulutusaste.jpg\"><img loading=\"lazy\" decoding=\"async\" width=\"1024\" height=\"576\" src=\"https:\/\/www.sttk.fi\/wp-content\/uploads\/sites\/2\/2021\/11\/naisten-ja-miesten-palkkaus-ja-koulutusaste-1024x576.jpg\" alt=\"Naisten ja miesten koulutus\" class=\"wp-image-36532\" srcset=\"https:\/\/www.sttk.fi\/wp-content\/uploads\/sites\/2\/2021\/11\/naisten-ja-miesten-palkkaus-ja-koulutusaste-1024x576.jpg 1024w, https:\/\/www.sttk.fi\/wp-content\/uploads\/sites\/2\/2021\/11\/naisten-ja-miesten-palkkaus-ja-koulutusaste-300x169.jpg 300w, https:\/\/www.sttk.fi\/wp-content\/uploads\/sites\/2\/2021\/11\/naisten-ja-miesten-palkkaus-ja-koulutusaste-768x432.jpg 768w, https:\/\/www.sttk.fi\/wp-content\/uploads\/sites\/2\/2021\/11\/naisten-ja-miesten-palkkaus-ja-koulutusaste-1536x864.jpg 1536w, https:\/\/www.sttk.fi\/wp-content\/uploads\/sites\/2\/2021\/11\/naisten-ja-miesten-palkkaus-ja-koulutusaste-1400x788.jpg 1400w, https:\/\/www.sttk.fi\/wp-content\/uploads\/sites\/2\/2021\/11\/naisten-ja-miesten-palkkaus-ja-koulutusaste-992x558.jpg 992w, https:\/\/www.sttk.fi\/wp-content\/uploads\/sites\/2\/2021\/11\/naisten-ja-miesten-palkkaus-ja-koulutusaste-14x8.jpg 14w, https:\/\/www.sttk.fi\/wp-content\/uploads\/sites\/2\/2021\/11\/naisten-ja-miesten-palkkaus-ja-koulutusaste.jpg 1920w\" sizes=\"auto, (max-width: 1024px) 100vw, 1024px\" \/><\/a><\/figure>\n\n\n\n<p>\u2013 Det finns m\u00e5nga orsaker bakom l\u00f6neskillnaderna och att minska klyftan kr\u00e4ver flera samtidiga \u00e5tg\u00e4rder. Det handlar bland annat om l\u00f6netransparens, b\u00e4ttre och j\u00e4mlikare l\u00f6ner och arbetsvillkor inom arbetsmarknadens avtalssystem, utveckling av l\u00f6nesystem och j\u00e4mst\u00e4lldhetsplaner, f\u00f6rmildrande av yrkessegregationen och en j\u00e4mnare f\u00f6rdelning av familjeledigheten, p\u00e5minner STTK:s <strong>Anja Lahermaa<\/strong>.<\/p>\n\n\n\n<p>STTK kr\u00e4ver att samma l\u00f6n ska betalas f\u00f6r likv\u00e4rdigt arbete. Olika jobb kan vara lika kr\u00e4vande och f\u00f6r att tydligg\u00f6ra detta m\u00e5ste det g\u00f6ras en utv\u00e4rdering av de olika jobben. Utv\u00e4rderingen ska baseras p\u00e5 de faktiska arbetsuppgifterna och p\u00e5 de krav dessa st\u00e4ller p\u00e5 arbetstagaren. Utv\u00e4rderingen ska g\u00f6ras i samarbete mellan arbetsgivaren och arbetstagarrepresentanten och resultatet ska visa ifall de utv\u00e4rderade arbeten \u00e4r lika kr\u00e4vande.<\/p>\n\n\n\n<p>\u2013 \u00a0Och om s\u00e5 \u00e4r fallet skall lika l\u00f6n betalas, konkluderar Lahermaa.<\/p>\n\n\n\n<p>STTK po\u00e4ngterar, att om det inte g\u00e5r att s\u00e4kerst\u00e4lla att lika l\u00f6n betalas f\u00f6r samma arbete s\u00e5v\u00e4l som f\u00f6r likv\u00e4rdigt arbete, uppn\u00e5s inte l\u00f6nj\u00e4mst\u00e4lldheten.<\/p>\n\n\n\n<p>STTK b\u00f6rjade fira den \u00e5rliga kvinnornas l\u00f6nedag \u00e5r 2011 f\u00f6r att klarg\u00f6ra och konkretisera l\u00f6neskillnaden mellan kvinnor och m\u00e4n. Kvinnornas l\u00f6nedag ber\u00e4knas p\u00e5 basen av Statistikcentralens inkomstniv\u00e5index f\u00f6r det andra kvartalet. Baserat p\u00e5 l\u00f6neskillnaderna mellan k\u00f6nen, blir det tydligt n\u00e4r kvinnors l\u00f6neutbetalningar bildligt talat upph\u00f6r varje \u00e5r.<\/p>\n","protected":false},"excerpt":{"rendered":"I \u00e5r tj\u00e4nar kvinnor 84,3 procent av m\u00e4nnens inkomster. Utifr\u00e5n det firas Kvinnornas l\u00f6nedag, den 4 november 2021,&#8230; ","protected":false},"author":3,"featured_media":36542,"comment_status":"closed","ping_status":"closed","sticky":false,"template":"","format":"standard","meta":{"_acf_changed":false,"lead_paragraph":"","footnotes":""},"categories":[135],"subject":[],"class_list":["post-36800","post","type-post","status-publish","format-standard","has-post-thumbnail","hentry","category-pressmeddelande"],"acf":{"lead_paragraph":""},"yoast_head":"<!-- This site is optimized with the Yoast SEO plugin v27.4 - https:\/\/yoast.com\/product\/yoast-seo-wordpress\/ -->\n<title>STTK P\u00e5 kvinnornas l\u00f6nedag: Lika l\u00f6n skall betalas f\u00f6r likv\u00e4rdigt arbete - STTK<\/title>\n<meta name=\"robots\" content=\"index, follow, max-snippet:-1, max-image-preview:large, max-video-preview:-1\" \/>\n<link rel=\"canonical\" href=\"https:\/\/www.sttk.fi\/sv\/2021\/11\/16\/sttk-pa-kvinnornas-lonedag-lika-lon-skall-betalas-for-likvardigt-arbete\/\" \/>\n<meta property=\"og:locale\" content=\"sv_SE\" \/>\n<meta property=\"og:type\" content=\"article\" \/>\n<meta property=\"og:title\" content=\"STTK P\u00e5 kvinnornas l\u00f6nedag: Lika l\u00f6n skall betalas f\u00f6r likv\u00e4rdigt arbete - STTK\" \/>\n<meta property=\"og:description\" content=\"I \u00e5r tj\u00e4nar kvinnor 84,3 procent av m\u00e4nnens inkomster. Utifr\u00e5n det firas Kvinnornas l\u00f6nedag, den 4 november 2021,...\" \/>\n<meta property=\"og:url\" content=\"https:\/\/www.sttk.fi\/sv\/2021\/11\/16\/sttk-pa-kvinnornas-lonedag-lika-lon-skall-betalas-for-likvardigt-arbete\/\" \/>\n<meta property=\"og:site_name\" content=\"STTK\" \/>\n<meta property=\"article:publisher\" content=\"https:\/\/www.facebook.com\/#%21%2fKeskusjarjestoSTTK\" \/>\n<meta property=\"article:published_time\" content=\"2021-11-16T09:21:45+00:00\" \/>\n<meta property=\"article:modified_time\" content=\"2021-11-16T09:21:47+00:00\" \/>\n<meta property=\"og:image\" content=\"https:\/\/www.sttk.fi\/wp-content\/uploads\/sites\/2\/2021\/11\/sukupuolten-vlinen-palkkaero.gif\" \/>\n\t<meta property=\"og:image:width\" content=\"1200\" \/>\n\t<meta property=\"og:image:height\" content=\"800\" \/>\n\t<meta property=\"og:image:type\" content=\"image\/gif\" \/>\n<meta name=\"twitter:card\" content=\"summary_large_image\" \/>\n<meta name=\"twitter:creator\" content=\"@STTKMikonkatu\" \/>\n<meta name=\"twitter:site\" content=\"@STTKMikonkatu\" \/>\n<meta name=\"twitter:label1\" content=\"Written by\" \/>\n\t<meta name=\"twitter:data1\" content=\"paka\" \/>\n\t<meta name=\"twitter:label2\" content=\"Est. reading time\" \/>\n\t<meta name=\"twitter:data2\" content=\"2 minuter\" \/>\n<script type=\"application\/ld+json\" class=\"yoast-schema-graph\">{\"@context\":\"https:\\\/\\\/schema.org\",\"@graph\":[{\"@type\":\"Article\",\"@id\":\"https:\\\/\\\/www.sttk.fi\\\/sv\\\/2021\\\/11\\\/16\\\/sttk-pa-kvinnornas-lonedag-lika-lon-skall-betalas-for-likvardigt-arbete\\\/#article\",\"isPartOf\":{\"@id\":\"https:\\\/\\\/www.sttk.fi\\\/sv\\\/2021\\\/11\\\/16\\\/sttk-pa-kvinnornas-lonedag-lika-lon-skall-betalas-for-likvardigt-arbete\\\/\"},\"author\":{\"name\":\"paka\",\"@id\":\"https:\\\/\\\/www.sttk.fi\\\/#\\\/schema\\\/person\\\/58abb54d7b15ed34e29dc4514a5c1210\"},\"headline\":\"STTK P\u00e5 kvinnornas l\u00f6nedag: Lika l\u00f6n skall betalas f\u00f6r likv\u00e4rdigt arbete\",\"datePublished\":\"2021-11-16T09:21:45+00:00\",\"dateModified\":\"2021-11-16T09:21:47+00:00\",\"mainEntityOfPage\":{\"@id\":\"https:\\\/\\\/www.sttk.fi\\\/sv\\\/2021\\\/11\\\/16\\\/sttk-pa-kvinnornas-lonedag-lika-lon-skall-betalas-for-likvardigt-arbete\\\/\"},\"wordCount\":401,\"publisher\":{\"@id\":\"https:\\\/\\\/www.sttk.fi\\\/#organization\"},\"image\":{\"@id\":\"https:\\\/\\\/www.sttk.fi\\\/sv\\\/2021\\\/11\\\/16\\\/sttk-pa-kvinnornas-lonedag-lika-lon-skall-betalas-for-likvardigt-arbete\\\/#primaryimage\"},\"thumbnailUrl\":\"https:\\\/\\\/www.sttk.fi\\\/wp-content\\\/uploads\\\/sites\\\/2\\\/2021\\\/11\\\/sukupuolten-vlinen-palkkaero.gif\",\"articleSection\":[\"Pressmeddelande\"],\"inLanguage\":\"sv-SE\"},{\"@type\":\"WebPage\",\"@id\":\"https:\\\/\\\/www.sttk.fi\\\/sv\\\/2021\\\/11\\\/16\\\/sttk-pa-kvinnornas-lonedag-lika-lon-skall-betalas-for-likvardigt-arbete\\\/\",\"url\":\"https:\\\/\\\/www.sttk.fi\\\/sv\\\/2021\\\/11\\\/16\\\/sttk-pa-kvinnornas-lonedag-lika-lon-skall-betalas-for-likvardigt-arbete\\\/\",\"name\":\"STTK P\u00e5 kvinnornas l\u00f6nedag: Lika l\u00f6n skall betalas f\u00f6r likv\u00e4rdigt arbete - STTK\",\"isPartOf\":{\"@id\":\"https:\\\/\\\/www.sttk.fi\\\/#website\"},\"primaryImageOfPage\":{\"@id\":\"https:\\\/\\\/www.sttk.fi\\\/sv\\\/2021\\\/11\\\/16\\\/sttk-pa-kvinnornas-lonedag-lika-lon-skall-betalas-for-likvardigt-arbete\\\/#primaryimage\"},\"image\":{\"@id\":\"https:\\\/\\\/www.sttk.fi\\\/sv\\\/2021\\\/11\\\/16\\\/sttk-pa-kvinnornas-lonedag-lika-lon-skall-betalas-for-likvardigt-arbete\\\/#primaryimage\"},\"thumbnailUrl\":\"https:\\\/\\\/www.sttk.fi\\\/wp-content\\\/uploads\\\/sites\\\/2\\\/2021\\\/11\\\/sukupuolten-vlinen-palkkaero.gif\",\"datePublished\":\"2021-11-16T09:21:45+00:00\",\"dateModified\":\"2021-11-16T09:21:47+00:00\",\"breadcrumb\":{\"@id\":\"https:\\\/\\\/www.sttk.fi\\\/sv\\\/2021\\\/11\\\/16\\\/sttk-pa-kvinnornas-lonedag-lika-lon-skall-betalas-for-likvardigt-arbete\\\/#breadcrumb\"},\"inLanguage\":\"sv-SE\",\"potentialAction\":[{\"@type\":\"ReadAction\",\"target\":[\"https:\\\/\\\/www.sttk.fi\\\/sv\\\/2021\\\/11\\\/16\\\/sttk-pa-kvinnornas-lonedag-lika-lon-skall-betalas-for-likvardigt-arbete\\\/\"]}]},{\"@type\":\"ImageObject\",\"inLanguage\":\"sv-SE\",\"@id\":\"https:\\\/\\\/www.sttk.fi\\\/sv\\\/2021\\\/11\\\/16\\\/sttk-pa-kvinnornas-lonedag-lika-lon-skall-betalas-for-likvardigt-arbete\\\/#primaryimage\",\"url\":\"https:\\\/\\\/www.sttk.fi\\\/wp-content\\\/uploads\\\/sites\\\/2\\\/2021\\\/11\\\/sukupuolten-vlinen-palkkaero.gif\",\"contentUrl\":\"https:\\\/\\\/www.sttk.fi\\\/wp-content\\\/uploads\\\/sites\\\/2\\\/2021\\\/11\\\/sukupuolten-vlinen-palkkaero.gif\",\"width\":1200,\"height\":800},{\"@type\":\"BreadcrumbList\",\"@id\":\"https:\\\/\\\/www.sttk.fi\\\/sv\\\/2021\\\/11\\\/16\\\/sttk-pa-kvinnornas-lonedag-lika-lon-skall-betalas-for-likvardigt-arbete\\\/#breadcrumb\",\"itemListElement\":[{\"@type\":\"ListItem\",\"position\":1,\"name\":\"Home\",\"item\":\"https:\\\/\\\/www.sttk.fi\\\/sv\\\/\"},{\"@type\":\"ListItem\",\"position\":2,\"name\":\"STTK P\u00e5 kvinnornas l\u00f6nedag: Lika l\u00f6n skall betalas f\u00f6r likv\u00e4rdigt arbete\"}]},{\"@type\":\"WebSite\",\"@id\":\"https:\\\/\\\/www.sttk.fi\\\/#website\",\"url\":\"https:\\\/\\\/www.sttk.fi\\\/\",\"name\":\"STTK\",\"description\":\"\",\"publisher\":{\"@id\":\"https:\\\/\\\/www.sttk.fi\\\/#organization\"},\"potentialAction\":[{\"@type\":\"SearchAction\",\"target\":{\"@type\":\"EntryPoint\",\"urlTemplate\":\"https:\\\/\\\/www.sttk.fi\\\/?s={search_term_string}\"},\"query-input\":{\"@type\":\"PropertyValueSpecification\",\"valueRequired\":true,\"valueName\":\"search_term_string\"}}],\"inLanguage\":\"sv-SE\"},{\"@type\":\"Organization\",\"@id\":\"https:\\\/\\\/www.sttk.fi\\\/#organization\",\"name\":\"STTK\",\"url\":\"https:\\\/\\\/www.sttk.fi\\\/\",\"logo\":{\"@type\":\"ImageObject\",\"inLanguage\":\"sv-SE\",\"@id\":\"https:\\\/\\\/www.sttk.fi\\\/#\\\/schema\\\/logo\\\/image\\\/\",\"url\":\"https:\\\/\\\/www.sttk.fi\\\/wp-content\\\/uploads\\\/sites\\\/2\\\/2025\\\/12\\\/vector3.svg\",\"contentUrl\":\"https:\\\/\\\/www.sttk.fi\\\/wp-content\\\/uploads\\\/sites\\\/2\\\/2025\\\/12\\\/vector3.svg\",\"caption\":\"STTK\"},\"image\":{\"@id\":\"https:\\\/\\\/www.sttk.fi\\\/#\\\/schema\\\/logo\\\/image\\\/\"},\"sameAs\":[\"https:\\\/\\\/www.facebook.com\\\/#!\\\/KeskusjarjestoSTTK\",\"https:\\\/\\\/x.com\\\/STTKMikonkatu\",\"http:\\\/\\\/www.youtube.com\\\/user\\\/protoimihenkilot\"]},{\"@type\":\"Person\",\"@id\":\"https:\\\/\\\/www.sttk.fi\\\/#\\\/schema\\\/person\\\/58abb54d7b15ed34e29dc4514a5c1210\",\"name\":\"paka\",\"image\":{\"@type\":\"ImageObject\",\"inLanguage\":\"sv-SE\",\"@id\":\"https:\\\/\\\/secure.gravatar.com\\\/avatar\\\/4475a9b815f64182a53e96cb5d0f5f7720cc03120a202c52530424ca5902a916?s=96&d=mm&r=g\",\"url\":\"https:\\\/\\\/secure.gravatar.com\\\/avatar\\\/4475a9b815f64182a53e96cb5d0f5f7720cc03120a202c52530424ca5902a916?s=96&d=mm&r=g\",\"contentUrl\":\"https:\\\/\\\/secure.gravatar.com\\\/avatar\\\/4475a9b815f64182a53e96cb5d0f5f7720cc03120a202c52530424ca5902a916?s=96&d=mm&r=g\",\"caption\":\"paka\"},\"url\":\"https:\\\/\\\/www.sttk.fi\\\/sv\\\/author\\\/paka\\\/\"}]}<\/script>\n<!-- \/ Yoast SEO plugin. -->","yoast_head_json":{"title":"STTK P\u00e5 kvinnornas l\u00f6nedag: Lika l\u00f6n skall betalas f\u00f6r likv\u00e4rdigt arbete - STTK","robots":{"index":"index","follow":"follow","max-snippet":"max-snippet:-1","max-image-preview":"max-image-preview:large","max-video-preview":"max-video-preview:-1"},"canonical":"https:\/\/www.sttk.fi\/sv\/2021\/11\/16\/sttk-pa-kvinnornas-lonedag-lika-lon-skall-betalas-for-likvardigt-arbete\/","og_locale":"sv_SE","og_type":"article","og_title":"STTK P\u00e5 kvinnornas l\u00f6nedag: Lika l\u00f6n skall betalas f\u00f6r likv\u00e4rdigt arbete - STTK","og_description":"I \u00e5r tj\u00e4nar kvinnor 84,3 procent av m\u00e4nnens inkomster. Utifr\u00e5n det firas Kvinnornas l\u00f6nedag, den 4 november 2021,...","og_url":"https:\/\/www.sttk.fi\/sv\/2021\/11\/16\/sttk-pa-kvinnornas-lonedag-lika-lon-skall-betalas-for-likvardigt-arbete\/","og_site_name":"STTK","article_publisher":"https:\/\/www.facebook.com\/#%21%2fKeskusjarjestoSTTK","article_published_time":"2021-11-16T09:21:45+00:00","article_modified_time":"2021-11-16T09:21:47+00:00","og_image":[{"width":1200,"height":800,"url":"https:\/\/www.sttk.fi\/wp-content\/uploads\/sites\/2\/2021\/11\/sukupuolten-vlinen-palkkaero.gif","type":"image\/gif"}],"twitter_card":"summary_large_image","twitter_creator":"@STTKMikonkatu","twitter_site":"@STTKMikonkatu","twitter_misc":{"Written by":"paka","Est. reading time":"2 minuter"},"schema":{"@context":"https:\/\/schema.org","@graph":[{"@type":"Article","@id":"https:\/\/www.sttk.fi\/sv\/2021\/11\/16\/sttk-pa-kvinnornas-lonedag-lika-lon-skall-betalas-for-likvardigt-arbete\/#article","isPartOf":{"@id":"https:\/\/www.sttk.fi\/sv\/2021\/11\/16\/sttk-pa-kvinnornas-lonedag-lika-lon-skall-betalas-for-likvardigt-arbete\/"},"author":{"name":"paka","@id":"https:\/\/www.sttk.fi\/#\/schema\/person\/58abb54d7b15ed34e29dc4514a5c1210"},"headline":"STTK P\u00e5 kvinnornas l\u00f6nedag: Lika l\u00f6n skall betalas f\u00f6r likv\u00e4rdigt arbete","datePublished":"2021-11-16T09:21:45+00:00","dateModified":"2021-11-16T09:21:47+00:00","mainEntityOfPage":{"@id":"https:\/\/www.sttk.fi\/sv\/2021\/11\/16\/sttk-pa-kvinnornas-lonedag-lika-lon-skall-betalas-for-likvardigt-arbete\/"},"wordCount":401,"publisher":{"@id":"https:\/\/www.sttk.fi\/#organization"},"image":{"@id":"https:\/\/www.sttk.fi\/sv\/2021\/11\/16\/sttk-pa-kvinnornas-lonedag-lika-lon-skall-betalas-for-likvardigt-arbete\/#primaryimage"},"thumbnailUrl":"https:\/\/www.sttk.fi\/wp-content\/uploads\/sites\/2\/2021\/11\/sukupuolten-vlinen-palkkaero.gif","articleSection":["Pressmeddelande"],"inLanguage":"sv-SE"},{"@type":"WebPage","@id":"https:\/\/www.sttk.fi\/sv\/2021\/11\/16\/sttk-pa-kvinnornas-lonedag-lika-lon-skall-betalas-for-likvardigt-arbete\/","url":"https:\/\/www.sttk.fi\/sv\/2021\/11\/16\/sttk-pa-kvinnornas-lonedag-lika-lon-skall-betalas-for-likvardigt-arbete\/","name":"STTK P\u00e5 kvinnornas l\u00f6nedag: Lika l\u00f6n skall betalas f\u00f6r likv\u00e4rdigt arbete - STTK","isPartOf":{"@id":"https:\/\/www.sttk.fi\/#website"},"primaryImageOfPage":{"@id":"https:\/\/www.sttk.fi\/sv\/2021\/11\/16\/sttk-pa-kvinnornas-lonedag-lika-lon-skall-betalas-for-likvardigt-arbete\/#primaryimage"},"image":{"@id":"https:\/\/www.sttk.fi\/sv\/2021\/11\/16\/sttk-pa-kvinnornas-lonedag-lika-lon-skall-betalas-for-likvardigt-arbete\/#primaryimage"},"thumbnailUrl":"https:\/\/www.sttk.fi\/wp-content\/uploads\/sites\/2\/2021\/11\/sukupuolten-vlinen-palkkaero.gif","datePublished":"2021-11-16T09:21:45+00:00","dateModified":"2021-11-16T09:21:47+00:00","breadcrumb":{"@id":"https:\/\/www.sttk.fi\/sv\/2021\/11\/16\/sttk-pa-kvinnornas-lonedag-lika-lon-skall-betalas-for-likvardigt-arbete\/#breadcrumb"},"inLanguage":"sv-SE","potentialAction":[{"@type":"ReadAction","target":["https:\/\/www.sttk.fi\/sv\/2021\/11\/16\/sttk-pa-kvinnornas-lonedag-lika-lon-skall-betalas-for-likvardigt-arbete\/"]}]},{"@type":"ImageObject","inLanguage":"sv-SE","@id":"https:\/\/www.sttk.fi\/sv\/2021\/11\/16\/sttk-pa-kvinnornas-lonedag-lika-lon-skall-betalas-for-likvardigt-arbete\/#primaryimage","url":"https:\/\/www.sttk.fi\/wp-content\/uploads\/sites\/2\/2021\/11\/sukupuolten-vlinen-palkkaero.gif","contentUrl":"https:\/\/www.sttk.fi\/wp-content\/uploads\/sites\/2\/2021\/11\/sukupuolten-vlinen-palkkaero.gif","width":1200,"height":800},{"@type":"BreadcrumbList","@id":"https:\/\/www.sttk.fi\/sv\/2021\/11\/16\/sttk-pa-kvinnornas-lonedag-lika-lon-skall-betalas-for-likvardigt-arbete\/#breadcrumb","itemListElement":[{"@type":"ListItem","position":1,"name":"Home","item":"https:\/\/www.sttk.fi\/sv\/"},{"@type":"ListItem","position":2,"name":"STTK P\u00e5 kvinnornas l\u00f6nedag: Lika l\u00f6n skall betalas f\u00f6r likv\u00e4rdigt arbete"}]},{"@type":"WebSite","@id":"https:\/\/www.sttk.fi\/#website","url":"https:\/\/www.sttk.fi\/","name":"STTK","description":"","publisher":{"@id":"https:\/\/www.sttk.fi\/#organization"},"potentialAction":[{"@type":"SearchAction","target":{"@type":"EntryPoint","urlTemplate":"https:\/\/www.sttk.fi\/?s={search_term_string}"},"query-input":{"@type":"PropertyValueSpecification","valueRequired":true,"valueName":"search_term_string"}}],"inLanguage":"sv-SE"},{"@type":"Organization","@id":"https:\/\/www.sttk.fi\/#organization","name":"STTK","url":"https:\/\/www.sttk.fi\/","logo":{"@type":"ImageObject","inLanguage":"sv-SE","@id":"https:\/\/www.sttk.fi\/#\/schema\/logo\/image\/","url":"https:\/\/www.sttk.fi\/wp-content\/uploads\/sites\/2\/2025\/12\/vector3.svg","contentUrl":"https:\/\/www.sttk.fi\/wp-content\/uploads\/sites\/2\/2025\/12\/vector3.svg","caption":"STTK"},"image":{"@id":"https:\/\/www.sttk.fi\/#\/schema\/logo\/image\/"},"sameAs":["https:\/\/www.facebook.com\/#!\/KeskusjarjestoSTTK","https:\/\/x.com\/STTKMikonkatu","http:\/\/www.youtube.com\/user\/protoimihenkilot"]},{"@type":"Person","@id":"https:\/\/www.sttk.fi\/#\/schema\/person\/58abb54d7b15ed34e29dc4514a5c1210","name":"paka","image":{"@type":"ImageObject","inLanguage":"sv-SE","@id":"https:\/\/secure.gravatar.com\/avatar\/4475a9b815f64182a53e96cb5d0f5f7720cc03120a202c52530424ca5902a916?s=96&d=mm&r=g","url":"https:\/\/secure.gravatar.com\/avatar\/4475a9b815f64182a53e96cb5d0f5f7720cc03120a202c52530424ca5902a916?s=96&d=mm&r=g","contentUrl":"https:\/\/secure.gravatar.com\/avatar\/4475a9b815f64182a53e96cb5d0f5f7720cc03120a202c52530424ca5902a916?s=96&d=mm&r=g","caption":"paka"},"url":"https:\/\/www.sttk.fi\/sv\/author\/paka\/"}]}},"_links":{"self":[{"href":"https:\/\/www.sttk.fi\/sv\/wp-json\/wp\/v2\/posts\/36800","targetHints":{"allow":["GET"]}}],"collection":[{"href":"https:\/\/www.sttk.fi\/sv\/wp-json\/wp\/v2\/posts"}],"about":[{"href":"https:\/\/www.sttk.fi\/sv\/wp-json\/wp\/v2\/types\/post"}],"author":[{"embeddable":true,"href":"https:\/\/www.sttk.fi\/sv\/wp-json\/wp\/v2\/users\/3"}],"replies":[{"embeddable":true,"href":"https:\/\/www.sttk.fi\/sv\/wp-json\/wp\/v2\/comments?post=36800"}],"version-history":[{"count":7,"href":"https:\/\/www.sttk.fi\/sv\/wp-json\/wp\/v2\/posts\/36800\/revisions"}],"predecessor-version":[{"id":36807,"href":"https:\/\/www.sttk.fi\/sv\/wp-json\/wp\/v2\/posts\/36800\/revisions\/36807"}],"wp:featuredmedia":[{"embeddable":true,"href":"https:\/\/www.sttk.fi\/sv\/wp-json\/wp\/v2\/media\/36542"}],"wp:attachment":[{"href":"https:\/\/www.sttk.fi\/sv\/wp-json\/wp\/v2\/media?parent=36800"}],"wp:term":[{"taxonomy":"category","embeddable":true,"href":"https:\/\/www.sttk.fi\/sv\/wp-json\/wp\/v2\/categories?post=36800"},{"taxonomy":"subject","embeddable":true,"href":"https:\/\/www.sttk.fi\/sv\/wp-json\/wp\/v2\/subject?post=36800"}],"curies":[{"name":"wp","href":"https:\/\/api.w.org\/{rel}","templated":true}]}}