{"id":35591,"date":"2021-09-15T12:27:25","date_gmt":"2021-09-15T09:27:25","guid":{"rendered":"https:\/\/www.sttk.fi\/?p=35591"},"modified":"2021-09-15T12:30:09","modified_gmt":"2021-09-15T09:30:09","slug":"regeringen-maste-halla-sitt-lofte-och-ingripa-i-diskriminering-i-arbetslivet-pa-grund-av-graviditet-och-familjeledighet","status":"publish","type":"post","link":"https:\/\/www.sttk.fi\/sv\/2021\/09\/15\/regeringen-maste-halla-sitt-lofte-och-ingripa-i-diskriminering-i-arbetslivet-pa-grund-av-graviditet-och-familjeledighet\/","title":{"rendered":"Regeringen m\u00e5ste h\u00e5lla sitt l\u00f6fte och ingripa i diskriminering i arbetslivet p\u00e5 grund av graviditet och familjeledighet"},"content":{"rendered":"\n<p>L\u00f6ntagarorganisationerna FFC, Akava och STTK samt Kvinnoorganisationernas Centralf\u00f6rbund, N\u00e4tverket f\u00f6r familjers diversitet och Mothers in Business MiB kr\u00e4ver att regeringen ska genomf\u00f6ra de lag\u00e4ndringar som beh\u00f6vs f\u00f6r att f\u00f6rebygga diskriminering p\u00e5 grund av graviditet och familjeledighet.<\/p>\n\n\n\n<p>Organisationerna \u00e4r besvikna \u00f6ver att de \u00e5tg\u00e4rder f\u00f6r att f\u00f6rebygga diskriminering p\u00e5 grund av graviditet och familjeledighet som finns inskrivna i regeringsprogrammet inte har framskridit. Det har inte heller gjorts n\u00e5gon utredning om hur anst\u00e4llningstryggheten f\u00f6r dem som \u00e5terv\u00e4nder till jobbet efter familjeledighet kan f\u00f6rb\u00e4ttras.<\/p>\n\n\n\n<p>Syftet med att precisera lagstiftningen \u00e4r att f\u00f6rhindra att graviditet eller familjeledighet p\u00e5verkar m\u00f6jligheterna f\u00f6r visstidsanst\u00e4llda att forts\u00e4tta jobba.<\/p>\n\n\n\n<p>Organisationerna betonar att diskrimineringen inte \u00e4r k\u00f6nsbunden och att diskrimineringen ocks\u00e5 kan riktas mot olika familjeformer, vilket b\u00f6r beaktas i utredningen och lagberedningen.<\/p>\n\n\n\n<p>Organisationerna \u00e4r oroade \u00f6ver att de \u00e5tg\u00e4rder som beh\u00f6vs f\u00f6r att f\u00f6rebygga diskriminering p\u00e5 grund av graviditet och familjeledighet hotar att bli ogjorda.<\/p>\n\n\n\n<p>\u2013 I den arbetsgrupp som har tillsatts f\u00f6r att bereda \u00e4ndringarna i lagstiftningen har arbetet k\u00f6rt fast. Arbetsgruppens mandat l\u00f6per ut vid \u00e5rsskiftet, men gruppen har \u00e4nnu inte kunnat bereda de lag\u00e4ndringar som beh\u00f6vs.<\/p>\n\n\n\n<p>Organisationerna betonar att det nu \u00e4r viktigt att s\u00e4kerst\u00e4lla att arbetsgruppen har f\u00f6ruts\u00e4ttningar att g\u00f6ra sitt arbete genom att ge den mer tid.<\/p>\n\n\n\n<p>Regeringen har som m\u00e5l att g\u00f6ra Finland till ett ledande land i fr\u00e5ga om j\u00e4mst\u00e4lldhet. Regeringsprogrammet f\u00e4ster s\u00e4rskild uppm\u00e4rksamhet vid att f\u00f6rb\u00e4ttra j\u00e4mst\u00e4lldheten i arbetslivet och familjerna.<\/p>\n\n\n\n<div class=\"wp-block-file\"><a href=\"https:\/\/www.sttk.fi\/wp-content\/uploads\/sites\/2\/2021\/09\/frgor-och-svar-om-diskriminering-p-grund-av-graviditet-och-familjeledigt.pdf\">Fr\u00e5gor och svar om diskriminering p\u00e5 grund av graviditet och familjeledigt<\/a><a href=\"https:\/\/www.sttk.fi\/wp-content\/uploads\/sites\/2\/2021\/09\/frgor-och-svar-om-diskriminering-p-grund-av-graviditet-och-familjeledigt.pdf\" class=\"wp-block-file__button\" download>Lataa<\/a><\/div>\n","protected":false},"excerpt":{"rendered":"L\u00f6ntagarorganisationerna FFC, Akava och STTK samt Kvinnoorganisationernas Centralf\u00f6rbund, N\u00e4tverket f\u00f6r familjers diversitet och Mothers in Business MiB kr\u00e4ver&#8230; ","protected":false},"author":3,"featured_media":35549,"comment_status":"closed","ping_status":"closed","sticky":false,"template":"","format":"standard","meta":{"_acf_changed":false,"lead_paragraph":"","footnotes":""},"categories":[135],"subject":[],"class_list":["post-35591","post","type-post","status-publish","format-standard","has-post-thumbnail","hentry","category-pressmeddelande"],"acf":{"lead_paragraph":""},"yoast_head":"<!-- This site is optimized with the Yoast SEO plugin v27.5 - https:\/\/yoast.com\/product\/yoast-seo-wordpress\/ -->\n<title>Regeringen m\u00e5ste h\u00e5lla sitt l\u00f6fte och ingripa i diskriminering i arbetslivet p\u00e5 grund av graviditet och familjeledighet - STTK<\/title>\n<meta name=\"description\" content=\"Organisationerna \u00e4r besvikna \u00f6ver att de \u00e5tg\u00e4rder f\u00f6r att f\u00f6rebygga diskriminering p\u00e5 grund av graviditet och familjeledighet som finns inskrivna i regeringsprogrammet inte har framskridit.\" \/>\n<meta name=\"robots\" content=\"index, follow, max-snippet:-1, max-image-preview:large, max-video-preview:-1\" \/>\n<link rel=\"canonical\" href=\"https:\/\/www.sttk.fi\/sv\/2021\/09\/15\/regeringen-maste-halla-sitt-lofte-och-ingripa-i-diskriminering-i-arbetslivet-pa-grund-av-graviditet-och-familjeledighet\/\" \/>\n<meta property=\"og:locale\" content=\"sv_SE\" \/>\n<meta property=\"og:type\" content=\"article\" \/>\n<meta property=\"og:title\" content=\"Regeringen m\u00e5ste h\u00e5lla sitt l\u00f6fte och ingripa i diskriminering i arbetslivet p\u00e5 grund av graviditet och familjeledighet - STTK\" \/>\n<meta property=\"og:description\" content=\"Organisationerna \u00e4r besvikna \u00f6ver att de \u00e5tg\u00e4rder f\u00f6r att f\u00f6rebygga diskriminering p\u00e5 grund av graviditet och familjeledighet som finns inskrivna i regeringsprogrammet inte har framskridit.\" \/>\n<meta property=\"og:url\" content=\"https:\/\/www.sttk.fi\/sv\/2021\/09\/15\/regeringen-maste-halla-sitt-lofte-och-ingripa-i-diskriminering-i-arbetslivet-pa-grund-av-graviditet-och-familjeledighet\/\" \/>\n<meta property=\"og:site_name\" content=\"STTK\" \/>\n<meta property=\"article:publisher\" content=\"https:\/\/www.facebook.com\/#%21%2fKeskusjarjestoSTTK\" \/>\n<meta property=\"article:published_time\" content=\"2021-09-15T09:27:25+00:00\" \/>\n<meta property=\"article:modified_time\" content=\"2021-09-15T09:30:09+00:00\" \/>\n<meta property=\"og:image\" content=\"https:\/\/www.sttk.fi\/wp-content\/uploads\/sites\/2\/2021\/09\/jar6180.jpg\" \/>\n\t<meta property=\"og:image:width\" content=\"2048\" \/>\n\t<meta property=\"og:image:height\" content=\"1360\" \/>\n\t<meta property=\"og:image:type\" content=\"image\/jpeg\" \/>\n<meta name=\"twitter:card\" content=\"summary_large_image\" \/>\n<meta name=\"twitter:creator\" content=\"@STTKMikonkatu\" \/>\n<meta name=\"twitter:site\" content=\"@STTKMikonkatu\" \/>\n<meta name=\"twitter:label1\" content=\"Written by\" \/>\n\t<meta name=\"twitter:data1\" content=\"paka\" \/>\n\t<meta name=\"twitter:label2\" content=\"Est. reading time\" \/>\n\t<meta name=\"twitter:data2\" content=\"2 minuter\" \/>\n<script type=\"application\/ld+json\" class=\"yoast-schema-graph\">{\"@context\":\"https:\\\/\\\/schema.org\",\"@graph\":[{\"@type\":\"Article\",\"@id\":\"https:\\\/\\\/www.sttk.fi\\\/sv\\\/2021\\\/09\\\/15\\\/regeringen-maste-halla-sitt-lofte-och-ingripa-i-diskriminering-i-arbetslivet-pa-grund-av-graviditet-och-familjeledighet\\\/#article\",\"isPartOf\":{\"@id\":\"https:\\\/\\\/www.sttk.fi\\\/sv\\\/2021\\\/09\\\/15\\\/regeringen-maste-halla-sitt-lofte-och-ingripa-i-diskriminering-i-arbetslivet-pa-grund-av-graviditet-och-familjeledighet\\\/\"},\"author\":{\"name\":\"paka\",\"@id\":\"https:\\\/\\\/www.sttk.fi\\\/#\\\/schema\\\/person\\\/58abb54d7b15ed34e29dc4514a5c1210\"},\"headline\":\"Regeringen m\u00e5ste h\u00e5lla sitt l\u00f6fte och ingripa i diskriminering i arbetslivet p\u00e5 grund av graviditet och familjeledighet\",\"datePublished\":\"2021-09-15T09:27:25+00:00\",\"dateModified\":\"2021-09-15T09:30:09+00:00\",\"mainEntityOfPage\":{\"@id\":\"https:\\\/\\\/www.sttk.fi\\\/sv\\\/2021\\\/09\\\/15\\\/regeringen-maste-halla-sitt-lofte-och-ingripa-i-diskriminering-i-arbetslivet-pa-grund-av-graviditet-och-familjeledighet\\\/\"},\"wordCount\":315,\"publisher\":{\"@id\":\"https:\\\/\\\/www.sttk.fi\\\/#organization\"},\"image\":{\"@id\":\"https:\\\/\\\/www.sttk.fi\\\/sv\\\/2021\\\/09\\\/15\\\/regeringen-maste-halla-sitt-lofte-och-ingripa-i-diskriminering-i-arbetslivet-pa-grund-av-graviditet-och-familjeledighet\\\/#primaryimage\"},\"thumbnailUrl\":\"https:\\\/\\\/www.sttk.fi\\\/wp-content\\\/uploads\\\/sites\\\/2\\\/2021\\\/09\\\/jar6180.jpg\",\"articleSection\":[\"Pressmeddelande\"],\"inLanguage\":\"sv-SE\"},{\"@type\":\"WebPage\",\"@id\":\"https:\\\/\\\/www.sttk.fi\\\/sv\\\/2021\\\/09\\\/15\\\/regeringen-maste-halla-sitt-lofte-och-ingripa-i-diskriminering-i-arbetslivet-pa-grund-av-graviditet-och-familjeledighet\\\/\",\"url\":\"https:\\\/\\\/www.sttk.fi\\\/sv\\\/2021\\\/09\\\/15\\\/regeringen-maste-halla-sitt-lofte-och-ingripa-i-diskriminering-i-arbetslivet-pa-grund-av-graviditet-och-familjeledighet\\\/\",\"name\":\"Regeringen m\u00e5ste h\u00e5lla sitt l\u00f6fte och ingripa i diskriminering i arbetslivet p\u00e5 grund av graviditet och familjeledighet - STTK\",\"isPartOf\":{\"@id\":\"https:\\\/\\\/www.sttk.fi\\\/#website\"},\"primaryImageOfPage\":{\"@id\":\"https:\\\/\\\/www.sttk.fi\\\/sv\\\/2021\\\/09\\\/15\\\/regeringen-maste-halla-sitt-lofte-och-ingripa-i-diskriminering-i-arbetslivet-pa-grund-av-graviditet-och-familjeledighet\\\/#primaryimage\"},\"image\":{\"@id\":\"https:\\\/\\\/www.sttk.fi\\\/sv\\\/2021\\\/09\\\/15\\\/regeringen-maste-halla-sitt-lofte-och-ingripa-i-diskriminering-i-arbetslivet-pa-grund-av-graviditet-och-familjeledighet\\\/#primaryimage\"},\"thumbnailUrl\":\"https:\\\/\\\/www.sttk.fi\\\/wp-content\\\/uploads\\\/sites\\\/2\\\/2021\\\/09\\\/jar6180.jpg\",\"datePublished\":\"2021-09-15T09:27:25+00:00\",\"dateModified\":\"2021-09-15T09:30:09+00:00\",\"description\":\"Organisationerna \u00e4r besvikna \u00f6ver att de \u00e5tg\u00e4rder f\u00f6r att f\u00f6rebygga diskriminering p\u00e5 grund av graviditet och familjeledighet som finns inskrivna i regeringsprogrammet inte har framskridit.\",\"breadcrumb\":{\"@id\":\"https:\\\/\\\/www.sttk.fi\\\/sv\\\/2021\\\/09\\\/15\\\/regeringen-maste-halla-sitt-lofte-och-ingripa-i-diskriminering-i-arbetslivet-pa-grund-av-graviditet-och-familjeledighet\\\/#breadcrumb\"},\"inLanguage\":\"sv-SE\",\"potentialAction\":[{\"@type\":\"ReadAction\",\"target\":[\"https:\\\/\\\/www.sttk.fi\\\/sv\\\/2021\\\/09\\\/15\\\/regeringen-maste-halla-sitt-lofte-och-ingripa-i-diskriminering-i-arbetslivet-pa-grund-av-graviditet-och-familjeledighet\\\/\"]}]},{\"@type\":\"ImageObject\",\"inLanguage\":\"sv-SE\",\"@id\":\"https:\\\/\\\/www.sttk.fi\\\/sv\\\/2021\\\/09\\\/15\\\/regeringen-maste-halla-sitt-lofte-och-ingripa-i-diskriminering-i-arbetslivet-pa-grund-av-graviditet-och-familjeledighet\\\/#primaryimage\",\"url\":\"https:\\\/\\\/www.sttk.fi\\\/wp-content\\\/uploads\\\/sites\\\/2\\\/2021\\\/09\\\/jar6180.jpg\",\"contentUrl\":\"https:\\\/\\\/www.sttk.fi\\\/wp-content\\\/uploads\\\/sites\\\/2\\\/2021\\\/09\\\/jar6180.jpg\",\"width\":2048,\"height\":1360,\"caption\":\"perhevapaa\"},{\"@type\":\"BreadcrumbList\",\"@id\":\"https:\\\/\\\/www.sttk.fi\\\/sv\\\/2021\\\/09\\\/15\\\/regeringen-maste-halla-sitt-lofte-och-ingripa-i-diskriminering-i-arbetslivet-pa-grund-av-graviditet-och-familjeledighet\\\/#breadcrumb\",\"itemListElement\":[{\"@type\":\"ListItem\",\"position\":1,\"name\":\"Home\",\"item\":\"https:\\\/\\\/www.sttk.fi\\\/sv\\\/\"},{\"@type\":\"ListItem\",\"position\":2,\"name\":\"Regeringen m\u00e5ste h\u00e5lla sitt l\u00f6fte och ingripa i diskriminering i arbetslivet p\u00e5 grund av graviditet och familjeledighet\"}]},{\"@type\":\"WebSite\",\"@id\":\"https:\\\/\\\/www.sttk.fi\\\/#website\",\"url\":\"https:\\\/\\\/www.sttk.fi\\\/\",\"name\":\"STTK\",\"description\":\"\",\"publisher\":{\"@id\":\"https:\\\/\\\/www.sttk.fi\\\/#organization\"},\"potentialAction\":[{\"@type\":\"SearchAction\",\"target\":{\"@type\":\"EntryPoint\",\"urlTemplate\":\"https:\\\/\\\/www.sttk.fi\\\/?s={search_term_string}\"},\"query-input\":{\"@type\":\"PropertyValueSpecification\",\"valueRequired\":true,\"valueName\":\"search_term_string\"}}],\"inLanguage\":\"sv-SE\"},{\"@type\":\"Organization\",\"@id\":\"https:\\\/\\\/www.sttk.fi\\\/#organization\",\"name\":\"STTK\",\"url\":\"https:\\\/\\\/www.sttk.fi\\\/\",\"logo\":{\"@type\":\"ImageObject\",\"inLanguage\":\"sv-SE\",\"@id\":\"https:\\\/\\\/www.sttk.fi\\\/#\\\/schema\\\/logo\\\/image\\\/\",\"url\":\"https:\\\/\\\/www.sttk.fi\\\/wp-content\\\/uploads\\\/sites\\\/2\\\/2025\\\/12\\\/vector3.svg\",\"contentUrl\":\"https:\\\/\\\/www.sttk.fi\\\/wp-content\\\/uploads\\\/sites\\\/2\\\/2025\\\/12\\\/vector3.svg\",\"caption\":\"STTK\"},\"image\":{\"@id\":\"https:\\\/\\\/www.sttk.fi\\\/#\\\/schema\\\/logo\\\/image\\\/\"},\"sameAs\":[\"https:\\\/\\\/www.facebook.com\\\/#!\\\/KeskusjarjestoSTTK\",\"https:\\\/\\\/x.com\\\/STTKMikonkatu\",\"http:\\\/\\\/www.youtube.com\\\/user\\\/protoimihenkilot\"]},{\"@type\":\"Person\",\"@id\":\"https:\\\/\\\/www.sttk.fi\\\/#\\\/schema\\\/person\\\/58abb54d7b15ed34e29dc4514a5c1210\",\"name\":\"paka\",\"image\":{\"@type\":\"ImageObject\",\"inLanguage\":\"sv-SE\",\"@id\":\"https:\\\/\\\/secure.gravatar.com\\\/avatar\\\/4475a9b815f64182a53e96cb5d0f5f7720cc03120a202c52530424ca5902a916?s=96&d=mm&r=g\",\"url\":\"https:\\\/\\\/secure.gravatar.com\\\/avatar\\\/4475a9b815f64182a53e96cb5d0f5f7720cc03120a202c52530424ca5902a916?s=96&d=mm&r=g\",\"contentUrl\":\"https:\\\/\\\/secure.gravatar.com\\\/avatar\\\/4475a9b815f64182a53e96cb5d0f5f7720cc03120a202c52530424ca5902a916?s=96&d=mm&r=g\",\"caption\":\"paka\"},\"url\":\"https:\\\/\\\/www.sttk.fi\\\/sv\\\/author\\\/paka\\\/\"}]}<\/script>\n<!-- \/ Yoast SEO plugin. -->","yoast_head_json":{"title":"Regeringen m\u00e5ste h\u00e5lla sitt l\u00f6fte och ingripa i diskriminering i arbetslivet p\u00e5 grund av graviditet och familjeledighet - STTK","description":"Organisationerna \u00e4r besvikna \u00f6ver att de \u00e5tg\u00e4rder f\u00f6r att f\u00f6rebygga diskriminering p\u00e5 grund av graviditet och familjeledighet som finns inskrivna i regeringsprogrammet inte har framskridit.","robots":{"index":"index","follow":"follow","max-snippet":"max-snippet:-1","max-image-preview":"max-image-preview:large","max-video-preview":"max-video-preview:-1"},"canonical":"https:\/\/www.sttk.fi\/sv\/2021\/09\/15\/regeringen-maste-halla-sitt-lofte-och-ingripa-i-diskriminering-i-arbetslivet-pa-grund-av-graviditet-och-familjeledighet\/","og_locale":"sv_SE","og_type":"article","og_title":"Regeringen m\u00e5ste h\u00e5lla sitt l\u00f6fte och ingripa i diskriminering i arbetslivet p\u00e5 grund av graviditet och familjeledighet - STTK","og_description":"Organisationerna \u00e4r besvikna \u00f6ver att de \u00e5tg\u00e4rder f\u00f6r att f\u00f6rebygga diskriminering p\u00e5 grund av graviditet och familjeledighet som finns inskrivna i regeringsprogrammet inte har framskridit.","og_url":"https:\/\/www.sttk.fi\/sv\/2021\/09\/15\/regeringen-maste-halla-sitt-lofte-och-ingripa-i-diskriminering-i-arbetslivet-pa-grund-av-graviditet-och-familjeledighet\/","og_site_name":"STTK","article_publisher":"https:\/\/www.facebook.com\/#%21%2fKeskusjarjestoSTTK","article_published_time":"2021-09-15T09:27:25+00:00","article_modified_time":"2021-09-15T09:30:09+00:00","og_image":[{"width":2048,"height":1360,"url":"https:\/\/www.sttk.fi\/wp-content\/uploads\/sites\/2\/2021\/09\/jar6180.jpg","type":"image\/jpeg"}],"twitter_card":"summary_large_image","twitter_creator":"@STTKMikonkatu","twitter_site":"@STTKMikonkatu","twitter_misc":{"Written by":"paka","Est. reading time":"2 minuter"},"schema":{"@context":"https:\/\/schema.org","@graph":[{"@type":"Article","@id":"https:\/\/www.sttk.fi\/sv\/2021\/09\/15\/regeringen-maste-halla-sitt-lofte-och-ingripa-i-diskriminering-i-arbetslivet-pa-grund-av-graviditet-och-familjeledighet\/#article","isPartOf":{"@id":"https:\/\/www.sttk.fi\/sv\/2021\/09\/15\/regeringen-maste-halla-sitt-lofte-och-ingripa-i-diskriminering-i-arbetslivet-pa-grund-av-graviditet-och-familjeledighet\/"},"author":{"name":"paka","@id":"https:\/\/www.sttk.fi\/#\/schema\/person\/58abb54d7b15ed34e29dc4514a5c1210"},"headline":"Regeringen m\u00e5ste h\u00e5lla sitt l\u00f6fte och ingripa i diskriminering i arbetslivet p\u00e5 grund av graviditet och familjeledighet","datePublished":"2021-09-15T09:27:25+00:00","dateModified":"2021-09-15T09:30:09+00:00","mainEntityOfPage":{"@id":"https:\/\/www.sttk.fi\/sv\/2021\/09\/15\/regeringen-maste-halla-sitt-lofte-och-ingripa-i-diskriminering-i-arbetslivet-pa-grund-av-graviditet-och-familjeledighet\/"},"wordCount":315,"publisher":{"@id":"https:\/\/www.sttk.fi\/#organization"},"image":{"@id":"https:\/\/www.sttk.fi\/sv\/2021\/09\/15\/regeringen-maste-halla-sitt-lofte-och-ingripa-i-diskriminering-i-arbetslivet-pa-grund-av-graviditet-och-familjeledighet\/#primaryimage"},"thumbnailUrl":"https:\/\/www.sttk.fi\/wp-content\/uploads\/sites\/2\/2021\/09\/jar6180.jpg","articleSection":["Pressmeddelande"],"inLanguage":"sv-SE"},{"@type":"WebPage","@id":"https:\/\/www.sttk.fi\/sv\/2021\/09\/15\/regeringen-maste-halla-sitt-lofte-och-ingripa-i-diskriminering-i-arbetslivet-pa-grund-av-graviditet-och-familjeledighet\/","url":"https:\/\/www.sttk.fi\/sv\/2021\/09\/15\/regeringen-maste-halla-sitt-lofte-och-ingripa-i-diskriminering-i-arbetslivet-pa-grund-av-graviditet-och-familjeledighet\/","name":"Regeringen m\u00e5ste h\u00e5lla sitt l\u00f6fte och ingripa i diskriminering i arbetslivet p\u00e5 grund av graviditet och familjeledighet - STTK","isPartOf":{"@id":"https:\/\/www.sttk.fi\/#website"},"primaryImageOfPage":{"@id":"https:\/\/www.sttk.fi\/sv\/2021\/09\/15\/regeringen-maste-halla-sitt-lofte-och-ingripa-i-diskriminering-i-arbetslivet-pa-grund-av-graviditet-och-familjeledighet\/#primaryimage"},"image":{"@id":"https:\/\/www.sttk.fi\/sv\/2021\/09\/15\/regeringen-maste-halla-sitt-lofte-och-ingripa-i-diskriminering-i-arbetslivet-pa-grund-av-graviditet-och-familjeledighet\/#primaryimage"},"thumbnailUrl":"https:\/\/www.sttk.fi\/wp-content\/uploads\/sites\/2\/2021\/09\/jar6180.jpg","datePublished":"2021-09-15T09:27:25+00:00","dateModified":"2021-09-15T09:30:09+00:00","description":"Organisationerna \u00e4r besvikna \u00f6ver att de \u00e5tg\u00e4rder f\u00f6r att f\u00f6rebygga diskriminering p\u00e5 grund av graviditet och familjeledighet som finns inskrivna i regeringsprogrammet inte har framskridit.","breadcrumb":{"@id":"https:\/\/www.sttk.fi\/sv\/2021\/09\/15\/regeringen-maste-halla-sitt-lofte-och-ingripa-i-diskriminering-i-arbetslivet-pa-grund-av-graviditet-och-familjeledighet\/#breadcrumb"},"inLanguage":"sv-SE","potentialAction":[{"@type":"ReadAction","target":["https:\/\/www.sttk.fi\/sv\/2021\/09\/15\/regeringen-maste-halla-sitt-lofte-och-ingripa-i-diskriminering-i-arbetslivet-pa-grund-av-graviditet-och-familjeledighet\/"]}]},{"@type":"ImageObject","inLanguage":"sv-SE","@id":"https:\/\/www.sttk.fi\/sv\/2021\/09\/15\/regeringen-maste-halla-sitt-lofte-och-ingripa-i-diskriminering-i-arbetslivet-pa-grund-av-graviditet-och-familjeledighet\/#primaryimage","url":"https:\/\/www.sttk.fi\/wp-content\/uploads\/sites\/2\/2021\/09\/jar6180.jpg","contentUrl":"https:\/\/www.sttk.fi\/wp-content\/uploads\/sites\/2\/2021\/09\/jar6180.jpg","width":2048,"height":1360,"caption":"perhevapaa"},{"@type":"BreadcrumbList","@id":"https:\/\/www.sttk.fi\/sv\/2021\/09\/15\/regeringen-maste-halla-sitt-lofte-och-ingripa-i-diskriminering-i-arbetslivet-pa-grund-av-graviditet-och-familjeledighet\/#breadcrumb","itemListElement":[{"@type":"ListItem","position":1,"name":"Home","item":"https:\/\/www.sttk.fi\/sv\/"},{"@type":"ListItem","position":2,"name":"Regeringen m\u00e5ste h\u00e5lla sitt l\u00f6fte och ingripa i diskriminering i arbetslivet p\u00e5 grund av graviditet och familjeledighet"}]},{"@type":"WebSite","@id":"https:\/\/www.sttk.fi\/#website","url":"https:\/\/www.sttk.fi\/","name":"STTK","description":"","publisher":{"@id":"https:\/\/www.sttk.fi\/#organization"},"potentialAction":[{"@type":"SearchAction","target":{"@type":"EntryPoint","urlTemplate":"https:\/\/www.sttk.fi\/?s={search_term_string}"},"query-input":{"@type":"PropertyValueSpecification","valueRequired":true,"valueName":"search_term_string"}}],"inLanguage":"sv-SE"},{"@type":"Organization","@id":"https:\/\/www.sttk.fi\/#organization","name":"STTK","url":"https:\/\/www.sttk.fi\/","logo":{"@type":"ImageObject","inLanguage":"sv-SE","@id":"https:\/\/www.sttk.fi\/#\/schema\/logo\/image\/","url":"https:\/\/www.sttk.fi\/wp-content\/uploads\/sites\/2\/2025\/12\/vector3.svg","contentUrl":"https:\/\/www.sttk.fi\/wp-content\/uploads\/sites\/2\/2025\/12\/vector3.svg","caption":"STTK"},"image":{"@id":"https:\/\/www.sttk.fi\/#\/schema\/logo\/image\/"},"sameAs":["https:\/\/www.facebook.com\/#!\/KeskusjarjestoSTTK","https:\/\/x.com\/STTKMikonkatu","http:\/\/www.youtube.com\/user\/protoimihenkilot"]},{"@type":"Person","@id":"https:\/\/www.sttk.fi\/#\/schema\/person\/58abb54d7b15ed34e29dc4514a5c1210","name":"paka","image":{"@type":"ImageObject","inLanguage":"sv-SE","@id":"https:\/\/secure.gravatar.com\/avatar\/4475a9b815f64182a53e96cb5d0f5f7720cc03120a202c52530424ca5902a916?s=96&d=mm&r=g","url":"https:\/\/secure.gravatar.com\/avatar\/4475a9b815f64182a53e96cb5d0f5f7720cc03120a202c52530424ca5902a916?s=96&d=mm&r=g","contentUrl":"https:\/\/secure.gravatar.com\/avatar\/4475a9b815f64182a53e96cb5d0f5f7720cc03120a202c52530424ca5902a916?s=96&d=mm&r=g","caption":"paka"},"url":"https:\/\/www.sttk.fi\/sv\/author\/paka\/"}]}},"_links":{"self":[{"href":"https:\/\/www.sttk.fi\/sv\/wp-json\/wp\/v2\/posts\/35591","targetHints":{"allow":["GET"]}}],"collection":[{"href":"https:\/\/www.sttk.fi\/sv\/wp-json\/wp\/v2\/posts"}],"about":[{"href":"https:\/\/www.sttk.fi\/sv\/wp-json\/wp\/v2\/types\/post"}],"author":[{"embeddable":true,"href":"https:\/\/www.sttk.fi\/sv\/wp-json\/wp\/v2\/users\/3"}],"replies":[{"embeddable":true,"href":"https:\/\/www.sttk.fi\/sv\/wp-json\/wp\/v2\/comments?post=35591"}],"version-history":[{"count":5,"href":"https:\/\/www.sttk.fi\/sv\/wp-json\/wp\/v2\/posts\/35591\/revisions"}],"predecessor-version":[{"id":35600,"href":"https:\/\/www.sttk.fi\/sv\/wp-json\/wp\/v2\/posts\/35591\/revisions\/35600"}],"wp:featuredmedia":[{"embeddable":true,"href":"https:\/\/www.sttk.fi\/sv\/wp-json\/wp\/v2\/media\/35549"}],"wp:attachment":[{"href":"https:\/\/www.sttk.fi\/sv\/wp-json\/wp\/v2\/media?parent=35591"}],"wp:term":[{"taxonomy":"category","embeddable":true,"href":"https:\/\/www.sttk.fi\/sv\/wp-json\/wp\/v2\/categories?post=35591"},{"taxonomy":"subject","embeddable":true,"href":"https:\/\/www.sttk.fi\/sv\/wp-json\/wp\/v2\/subject?post=35591"}],"curies":[{"name":"wp","href":"https:\/\/api.w.org\/{rel}","templated":true}]}}