{"id":3385,"date":"2014-03-31T09:28:00","date_gmt":"2014-03-31T06:28:00","guid":{"rendered":"http:\/\/sttk.qa.web-veistamo.fi\/?p=3385"},"modified":"2014-03-31T09:28:22","modified_gmt":"2014-03-31T06:28:22","slug":"sttk-medelinkomsttagarna-den-grupp-som-betalar-nedskarningarna","status":"publish","type":"post","link":"https:\/\/www.sttk.fi\/sv\/2014\/03\/31\/sttk-medelinkomsttagarna-den-grupp-som-betalar-nedskarningarna\/","title":{"rendered":"STTK: Medelinkomsttagarna den grupp som betalar f\u00f6r nedsk\u00e4rningarna"},"content":{"rendered":"<p>Att l\u00f6ntagarnas relativa inkomstniv\u00e5 sjunkit st\u00e5r i strid med regeringens m\u00e5l som ofta lyfts fram om att det ska l\u00f6na sig att arbeta, anser Tj\u00e4nstemannacentralorganisationen STTK. L\u00f6ntagarnas inkomster har under den ekonomiska krisen f\u00f6rs\u00e4mrats klart i relation till andra grupper.<\/p>\n<p>&#8211; Regeringens beslut har under de senaste \u00e5ren riktas kraftigt till yrkesverksamma grupper. Under rammanglingen fattades beslut i samma d\u00e5liga riktning. F\u00f6r en barnfamilj som jobbar betyder rambesluten p\u00e5 \u00e5rsniv\u00e5 en nedsk\u00e4rning p\u00e5 hundratals euro i k\u00f6pkraften, kritiserar STTK:s chefsekonom Ralf Sund.<\/p>\n<p>Enligt STTK borde m\u00e5let om att skapa nytt arbete klarare toppa den ekonomiska politiken. Finansieringen av tj\u00e4nster och f\u00f6rm\u00e5ner \u00e4r l\u00e5ngt beroende av hur m\u00e5nga finl\u00e4ndare som deltar i att bygga det finl\u00e4ndska samh\u00e4llet genom arbete.<\/p>\n<p>&#8211;\u00a0\u00a0F\u00f6rutom strukturella \u00e4ndringar p\u00e5 l\u00e5ng sikt och olika nedsk\u00e4rningar\u00a0beh\u00f6vs just nu ocks\u00e5 fler \u00e5tg\u00e4rder som st\u00f6der den ekonomiska tillv\u00e4xten. Det \u00e4r \u00e4nd\u00e5 positivt att man i det h\u00e4r beslutet st\u00f6der tillv\u00e4xten med 600 miljoner euro, s\u00e4ger STTK:s Sund.<\/p>\n<p>&#8211;\u00a0P\u00e5 kort sikt borde regeringen st\u00f6da \u00e5tg\u00e4rder som skulle hj\u00e4lpa s\u00e4rskilt sm\u00e5f\u00f6retagare att f\u00e5 finansiering. Sv\u00e5righeterna med att f\u00e5 finansiering och utgifterna har negativ inverkan p\u00e5 sm\u00e5f\u00f6retagens verksamhet. Det h\u00e4r bidrar till att f\u00f6rsv\u00e5ra syssels\u00e4ttningen som redan fr\u00e5n tidigare \u00e4r d\u00e5lig, betonar Sund.<\/p>\n<p>&#8211; P\u00e5 l\u00e5ng sikt borde man st\u00f6da tillv\u00e4xten genom att satsa p\u00e5 den finl\u00e4ndska utbildningen och kunnandet. Regeringen har \u00e4nd\u00e5 skurit ned kraftigt just p\u00e5 dessa sektorer under de senaste \u00e5ren fast det handlar om omr\u00e5den som ger n\u00e4ring \u00e5t framtidens tillv\u00e4xt, p\u00e5minner Sund.<\/p>\n<p>&#8211; L\u00e5ngtidsarbetsl\u00f6shet leder effektivt till marginalisering. Det t\u00e4r p\u00e5 morgondagens tillv\u00e4xtm\u00f6jligheter och f\u00f6rs\u00e4mrar h\u00e5llbarhetsgapet.<\/p>\n<p>Tydligen har de f\u00e4rska uppgifterna om l\u00e5ngtidsarbetsl\u00f6shet som var dystrare \u00e4n v\u00e4ntat inte hunnit p\u00e5verka besluten \u2013 genom rambeslutet kunde man inte demontera denna tickande tidsbomb. S\u00e4rskilt n\u00e4r man sk\u00e4r ner p\u00e5 de arbetskraftspolitiska anslagen.<\/p>\n<p>STTK \u00e4r n\u00f6jd med att regeringen delat upp anpassnings\u00e5tg\u00e4rderna i perioder, men anser att anpassnings\u00e5tg\u00e4rderna p\u00e5 1,6 miljarder euro f\u00f6r n\u00e4sta \u00e5r \u00e4r \u00f6verdimensionerade. Det \u00e4r anm\u00e4rkningsv\u00e4rt att det n\u00e4sta \u00e5r ocks\u00e5 genomf\u00f6rs balanserings\u00e5tg\u00e4rder som man fatta beslut om tidigare. Spar\u00e5tg\u00e4rderna riskerar sl\u00e5 ner den gryende tillv\u00e4xten.<\/p>\n","protected":false},"excerpt":{"rendered":"Att l\u00f6ntagarnas relativa inkomstniv\u00e5 sjunkit st\u00e5r i strid med regeringens m\u00e5l som ofta lyfts fram om att det&#8230; ","protected":false},"author":3,"featured_media":0,"comment_status":"closed","ping_status":"closed","sticky":false,"template":"","format":"standard","meta":{"_acf_changed":false,"lead_paragraph":"","footnotes":""},"categories":[135],"subject":[203],"class_list":["post-3385","post","type-post","status-publish","format-standard","hentry","category-pressmeddelande","subject-ekonomi"],"acf":{"lead_paragraph":""},"yoast_head":"<!-- This site is optimized with the Yoast SEO plugin v27.4 - https:\/\/yoast.com\/product\/yoast-seo-wordpress\/ -->\n<title>STTK: Medelinkomsttagarna den grupp som betalar f\u00f6r nedsk\u00e4rningarna - STTK<\/title>\n<meta name=\"robots\" content=\"index, follow, max-snippet:-1, max-image-preview:large, max-video-preview:-1\" \/>\n<link rel=\"canonical\" href=\"https:\/\/www.sttk.fi\/sv\/2014\/03\/31\/sttk-medelinkomsttagarna-den-grupp-som-betalar-nedskarningarna\/\" \/>\n<meta property=\"og:locale\" content=\"sv_SE\" \/>\n<meta property=\"og:type\" content=\"article\" \/>\n<meta property=\"og:title\" content=\"STTK: Medelinkomsttagarna den grupp som betalar f\u00f6r nedsk\u00e4rningarna - STTK\" \/>\n<meta property=\"og:description\" content=\"Att l\u00f6ntagarnas relativa inkomstniv\u00e5 sjunkit st\u00e5r i strid med regeringens m\u00e5l som ofta lyfts fram om att det...\" \/>\n<meta property=\"og:url\" content=\"https:\/\/www.sttk.fi\/sv\/2014\/03\/31\/sttk-medelinkomsttagarna-den-grupp-som-betalar-nedskarningarna\/\" \/>\n<meta property=\"og:site_name\" content=\"STTK\" \/>\n<meta property=\"article:publisher\" content=\"https:\/\/www.facebook.com\/#%21%2fKeskusjarjestoSTTK\" \/>\n<meta property=\"article:published_time\" content=\"2014-03-31T06:28:00+00:00\" \/>\n<meta property=\"article:modified_time\" content=\"2014-03-31T06:28:22+00:00\" \/>\n<meta property=\"og:image\" content=\"https:\/\/www.sttk.fi\/wp-content\/uploads\/sites\/2\/2020\/08\/some-logo.png\" \/>\n\t<meta property=\"og:image:width\" content=\"1130\" \/>\n\t<meta property=\"og:image:height\" content=\"682\" \/>\n\t<meta property=\"og:image:type\" content=\"image\/png\" \/>\n<meta name=\"twitter:card\" content=\"summary_large_image\" \/>\n<meta name=\"twitter:creator\" content=\"@STTKMikonkatu\" \/>\n<meta name=\"twitter:site\" content=\"@STTKMikonkatu\" \/>\n<meta name=\"twitter:label1\" content=\"Written by\" \/>\n\t<meta name=\"twitter:data1\" content=\"paka\" \/>\n\t<meta name=\"twitter:label2\" content=\"Est. reading time\" \/>\n\t<meta name=\"twitter:data2\" content=\"2 minuter\" \/>\n<script type=\"application\/ld+json\" class=\"yoast-schema-graph\">{\"@context\":\"https:\\\/\\\/schema.org\",\"@graph\":[{\"@type\":\"Article\",\"@id\":\"https:\\\/\\\/www.sttk.fi\\\/sv\\\/2014\\\/03\\\/31\\\/sttk-medelinkomsttagarna-den-grupp-som-betalar-nedskarningarna\\\/#article\",\"isPartOf\":{\"@id\":\"https:\\\/\\\/www.sttk.fi\\\/sv\\\/2014\\\/03\\\/31\\\/sttk-medelinkomsttagarna-den-grupp-som-betalar-nedskarningarna\\\/\"},\"author\":{\"name\":\"paka\",\"@id\":\"https:\\\/\\\/www.sttk.fi\\\/#\\\/schema\\\/person\\\/58abb54d7b15ed34e29dc4514a5c1210\"},\"headline\":\"STTK: Medelinkomsttagarna den grupp som betalar f\u00f6r nedsk\u00e4rningarna\",\"datePublished\":\"2014-03-31T06:28:00+00:00\",\"dateModified\":\"2014-03-31T06:28:22+00:00\",\"mainEntityOfPage\":{\"@id\":\"https:\\\/\\\/www.sttk.fi\\\/sv\\\/2014\\\/03\\\/31\\\/sttk-medelinkomsttagarna-den-grupp-som-betalar-nedskarningarna\\\/\"},\"wordCount\":438,\"publisher\":{\"@id\":\"https:\\\/\\\/www.sttk.fi\\\/#organization\"},\"articleSection\":[\"Pressmeddelande\"],\"inLanguage\":\"sv-SE\"},{\"@type\":\"WebPage\",\"@id\":\"https:\\\/\\\/www.sttk.fi\\\/sv\\\/2014\\\/03\\\/31\\\/sttk-medelinkomsttagarna-den-grupp-som-betalar-nedskarningarna\\\/\",\"url\":\"https:\\\/\\\/www.sttk.fi\\\/sv\\\/2014\\\/03\\\/31\\\/sttk-medelinkomsttagarna-den-grupp-som-betalar-nedskarningarna\\\/\",\"name\":\"STTK: Medelinkomsttagarna den grupp som betalar f\u00f6r nedsk\u00e4rningarna - STTK\",\"isPartOf\":{\"@id\":\"https:\\\/\\\/www.sttk.fi\\\/#website\"},\"datePublished\":\"2014-03-31T06:28:00+00:00\",\"dateModified\":\"2014-03-31T06:28:22+00:00\",\"breadcrumb\":{\"@id\":\"https:\\\/\\\/www.sttk.fi\\\/sv\\\/2014\\\/03\\\/31\\\/sttk-medelinkomsttagarna-den-grupp-som-betalar-nedskarningarna\\\/#breadcrumb\"},\"inLanguage\":\"sv-SE\",\"potentialAction\":[{\"@type\":\"ReadAction\",\"target\":[\"https:\\\/\\\/www.sttk.fi\\\/sv\\\/2014\\\/03\\\/31\\\/sttk-medelinkomsttagarna-den-grupp-som-betalar-nedskarningarna\\\/\"]}]},{\"@type\":\"BreadcrumbList\",\"@id\":\"https:\\\/\\\/www.sttk.fi\\\/sv\\\/2014\\\/03\\\/31\\\/sttk-medelinkomsttagarna-den-grupp-som-betalar-nedskarningarna\\\/#breadcrumb\",\"itemListElement\":[{\"@type\":\"ListItem\",\"position\":1,\"name\":\"Home\",\"item\":\"https:\\\/\\\/www.sttk.fi\\\/sv\\\/\"},{\"@type\":\"ListItem\",\"position\":2,\"name\":\"STTK: Medelinkomsttagarna den grupp som betalar f\u00f6r nedsk\u00e4rningarna\"}]},{\"@type\":\"WebSite\",\"@id\":\"https:\\\/\\\/www.sttk.fi\\\/#website\",\"url\":\"https:\\\/\\\/www.sttk.fi\\\/\",\"name\":\"STTK\",\"description\":\"\",\"publisher\":{\"@id\":\"https:\\\/\\\/www.sttk.fi\\\/#organization\"},\"potentialAction\":[{\"@type\":\"SearchAction\",\"target\":{\"@type\":\"EntryPoint\",\"urlTemplate\":\"https:\\\/\\\/www.sttk.fi\\\/?s={search_term_string}\"},\"query-input\":{\"@type\":\"PropertyValueSpecification\",\"valueRequired\":true,\"valueName\":\"search_term_string\"}}],\"inLanguage\":\"sv-SE\"},{\"@type\":\"Organization\",\"@id\":\"https:\\\/\\\/www.sttk.fi\\\/#organization\",\"name\":\"STTK\",\"url\":\"https:\\\/\\\/www.sttk.fi\\\/\",\"logo\":{\"@type\":\"ImageObject\",\"inLanguage\":\"sv-SE\",\"@id\":\"https:\\\/\\\/www.sttk.fi\\\/#\\\/schema\\\/logo\\\/image\\\/\",\"url\":\"https:\\\/\\\/www.sttk.fi\\\/wp-content\\\/uploads\\\/sites\\\/2\\\/2025\\\/12\\\/vector3.svg\",\"contentUrl\":\"https:\\\/\\\/www.sttk.fi\\\/wp-content\\\/uploads\\\/sites\\\/2\\\/2025\\\/12\\\/vector3.svg\",\"caption\":\"STTK\"},\"image\":{\"@id\":\"https:\\\/\\\/www.sttk.fi\\\/#\\\/schema\\\/logo\\\/image\\\/\"},\"sameAs\":[\"https:\\\/\\\/www.facebook.com\\\/#!\\\/KeskusjarjestoSTTK\",\"https:\\\/\\\/x.com\\\/STTKMikonkatu\",\"http:\\\/\\\/www.youtube.com\\\/user\\\/protoimihenkilot\"]},{\"@type\":\"Person\",\"@id\":\"https:\\\/\\\/www.sttk.fi\\\/#\\\/schema\\\/person\\\/58abb54d7b15ed34e29dc4514a5c1210\",\"name\":\"paka\",\"image\":{\"@type\":\"ImageObject\",\"inLanguage\":\"sv-SE\",\"@id\":\"https:\\\/\\\/secure.gravatar.com\\\/avatar\\\/4475a9b815f64182a53e96cb5d0f5f7720cc03120a202c52530424ca5902a916?s=96&d=mm&r=g\",\"url\":\"https:\\\/\\\/secure.gravatar.com\\\/avatar\\\/4475a9b815f64182a53e96cb5d0f5f7720cc03120a202c52530424ca5902a916?s=96&d=mm&r=g\",\"contentUrl\":\"https:\\\/\\\/secure.gravatar.com\\\/avatar\\\/4475a9b815f64182a53e96cb5d0f5f7720cc03120a202c52530424ca5902a916?s=96&d=mm&r=g\",\"caption\":\"paka\"},\"url\":\"https:\\\/\\\/www.sttk.fi\\\/sv\\\/author\\\/paka\\\/\"}]}<\/script>\n<!-- \/ Yoast SEO plugin. -->","yoast_head_json":{"title":"STTK: Medelinkomsttagarna den grupp som betalar f\u00f6r nedsk\u00e4rningarna - STTK","robots":{"index":"index","follow":"follow","max-snippet":"max-snippet:-1","max-image-preview":"max-image-preview:large","max-video-preview":"max-video-preview:-1"},"canonical":"https:\/\/www.sttk.fi\/sv\/2014\/03\/31\/sttk-medelinkomsttagarna-den-grupp-som-betalar-nedskarningarna\/","og_locale":"sv_SE","og_type":"article","og_title":"STTK: Medelinkomsttagarna den grupp som betalar f\u00f6r nedsk\u00e4rningarna - STTK","og_description":"Att l\u00f6ntagarnas relativa inkomstniv\u00e5 sjunkit st\u00e5r i strid med regeringens m\u00e5l som ofta lyfts fram om att det...","og_url":"https:\/\/www.sttk.fi\/sv\/2014\/03\/31\/sttk-medelinkomsttagarna-den-grupp-som-betalar-nedskarningarna\/","og_site_name":"STTK","article_publisher":"https:\/\/www.facebook.com\/#%21%2fKeskusjarjestoSTTK","article_published_time":"2014-03-31T06:28:00+00:00","article_modified_time":"2014-03-31T06:28:22+00:00","og_image":[{"width":1130,"height":682,"url":"https:\/\/www.sttk.fi\/wp-content\/uploads\/sites\/2\/2020\/08\/some-logo.png","type":"image\/png"}],"twitter_card":"summary_large_image","twitter_creator":"@STTKMikonkatu","twitter_site":"@STTKMikonkatu","twitter_misc":{"Written by":"paka","Est. reading time":"2 minuter"},"schema":{"@context":"https:\/\/schema.org","@graph":[{"@type":"Article","@id":"https:\/\/www.sttk.fi\/sv\/2014\/03\/31\/sttk-medelinkomsttagarna-den-grupp-som-betalar-nedskarningarna\/#article","isPartOf":{"@id":"https:\/\/www.sttk.fi\/sv\/2014\/03\/31\/sttk-medelinkomsttagarna-den-grupp-som-betalar-nedskarningarna\/"},"author":{"name":"paka","@id":"https:\/\/www.sttk.fi\/#\/schema\/person\/58abb54d7b15ed34e29dc4514a5c1210"},"headline":"STTK: Medelinkomsttagarna den grupp som betalar f\u00f6r nedsk\u00e4rningarna","datePublished":"2014-03-31T06:28:00+00:00","dateModified":"2014-03-31T06:28:22+00:00","mainEntityOfPage":{"@id":"https:\/\/www.sttk.fi\/sv\/2014\/03\/31\/sttk-medelinkomsttagarna-den-grupp-som-betalar-nedskarningarna\/"},"wordCount":438,"publisher":{"@id":"https:\/\/www.sttk.fi\/#organization"},"articleSection":["Pressmeddelande"],"inLanguage":"sv-SE"},{"@type":"WebPage","@id":"https:\/\/www.sttk.fi\/sv\/2014\/03\/31\/sttk-medelinkomsttagarna-den-grupp-som-betalar-nedskarningarna\/","url":"https:\/\/www.sttk.fi\/sv\/2014\/03\/31\/sttk-medelinkomsttagarna-den-grupp-som-betalar-nedskarningarna\/","name":"STTK: Medelinkomsttagarna den grupp som betalar f\u00f6r nedsk\u00e4rningarna - STTK","isPartOf":{"@id":"https:\/\/www.sttk.fi\/#website"},"datePublished":"2014-03-31T06:28:00+00:00","dateModified":"2014-03-31T06:28:22+00:00","breadcrumb":{"@id":"https:\/\/www.sttk.fi\/sv\/2014\/03\/31\/sttk-medelinkomsttagarna-den-grupp-som-betalar-nedskarningarna\/#breadcrumb"},"inLanguage":"sv-SE","potentialAction":[{"@type":"ReadAction","target":["https:\/\/www.sttk.fi\/sv\/2014\/03\/31\/sttk-medelinkomsttagarna-den-grupp-som-betalar-nedskarningarna\/"]}]},{"@type":"BreadcrumbList","@id":"https:\/\/www.sttk.fi\/sv\/2014\/03\/31\/sttk-medelinkomsttagarna-den-grupp-som-betalar-nedskarningarna\/#breadcrumb","itemListElement":[{"@type":"ListItem","position":1,"name":"Home","item":"https:\/\/www.sttk.fi\/sv\/"},{"@type":"ListItem","position":2,"name":"STTK: Medelinkomsttagarna den grupp som betalar f\u00f6r nedsk\u00e4rningarna"}]},{"@type":"WebSite","@id":"https:\/\/www.sttk.fi\/#website","url":"https:\/\/www.sttk.fi\/","name":"STTK","description":"","publisher":{"@id":"https:\/\/www.sttk.fi\/#organization"},"potentialAction":[{"@type":"SearchAction","target":{"@type":"EntryPoint","urlTemplate":"https:\/\/www.sttk.fi\/?s={search_term_string}"},"query-input":{"@type":"PropertyValueSpecification","valueRequired":true,"valueName":"search_term_string"}}],"inLanguage":"sv-SE"},{"@type":"Organization","@id":"https:\/\/www.sttk.fi\/#organization","name":"STTK","url":"https:\/\/www.sttk.fi\/","logo":{"@type":"ImageObject","inLanguage":"sv-SE","@id":"https:\/\/www.sttk.fi\/#\/schema\/logo\/image\/","url":"https:\/\/www.sttk.fi\/wp-content\/uploads\/sites\/2\/2025\/12\/vector3.svg","contentUrl":"https:\/\/www.sttk.fi\/wp-content\/uploads\/sites\/2\/2025\/12\/vector3.svg","caption":"STTK"},"image":{"@id":"https:\/\/www.sttk.fi\/#\/schema\/logo\/image\/"},"sameAs":["https:\/\/www.facebook.com\/#!\/KeskusjarjestoSTTK","https:\/\/x.com\/STTKMikonkatu","http:\/\/www.youtube.com\/user\/protoimihenkilot"]},{"@type":"Person","@id":"https:\/\/www.sttk.fi\/#\/schema\/person\/58abb54d7b15ed34e29dc4514a5c1210","name":"paka","image":{"@type":"ImageObject","inLanguage":"sv-SE","@id":"https:\/\/secure.gravatar.com\/avatar\/4475a9b815f64182a53e96cb5d0f5f7720cc03120a202c52530424ca5902a916?s=96&d=mm&r=g","url":"https:\/\/secure.gravatar.com\/avatar\/4475a9b815f64182a53e96cb5d0f5f7720cc03120a202c52530424ca5902a916?s=96&d=mm&r=g","contentUrl":"https:\/\/secure.gravatar.com\/avatar\/4475a9b815f64182a53e96cb5d0f5f7720cc03120a202c52530424ca5902a916?s=96&d=mm&r=g","caption":"paka"},"url":"https:\/\/www.sttk.fi\/sv\/author\/paka\/"}]}},"_links":{"self":[{"href":"https:\/\/www.sttk.fi\/sv\/wp-json\/wp\/v2\/posts\/3385","targetHints":{"allow":["GET"]}}],"collection":[{"href":"https:\/\/www.sttk.fi\/sv\/wp-json\/wp\/v2\/posts"}],"about":[{"href":"https:\/\/www.sttk.fi\/sv\/wp-json\/wp\/v2\/types\/post"}],"author":[{"embeddable":true,"href":"https:\/\/www.sttk.fi\/sv\/wp-json\/wp\/v2\/users\/3"}],"replies":[{"embeddable":true,"href":"https:\/\/www.sttk.fi\/sv\/wp-json\/wp\/v2\/comments?post=3385"}],"version-history":[{"count":1,"href":"https:\/\/www.sttk.fi\/sv\/wp-json\/wp\/v2\/posts\/3385\/revisions"}],"predecessor-version":[{"id":3386,"href":"https:\/\/www.sttk.fi\/sv\/wp-json\/wp\/v2\/posts\/3385\/revisions\/3386"}],"wp:attachment":[{"href":"https:\/\/www.sttk.fi\/sv\/wp-json\/wp\/v2\/media?parent=3385"}],"wp:term":[{"taxonomy":"category","embeddable":true,"href":"https:\/\/www.sttk.fi\/sv\/wp-json\/wp\/v2\/categories?post=3385"},{"taxonomy":"subject","embeddable":true,"href":"https:\/\/www.sttk.fi\/sv\/wp-json\/wp\/v2\/subject?post=3385"}],"curies":[{"name":"wp","href":"https:\/\/api.w.org\/{rel}","templated":true}]}}