{"id":3123,"date":"2014-03-13T16:16:44","date_gmt":"2014-03-13T14:16:44","guid":{"rendered":"http:\/\/sttk.qa.web-veistamo.fi\/?p=3123"},"modified":"2014-03-18T16:16:53","modified_gmt":"2014-03-18T14:16:53","slug":"tehy-kompromisslosning-om-alterneringsledighet","status":"publish","type":"post","link":"https:\/\/www.sttk.fi\/sv\/2014\/03\/13\/tehy-kompromisslosning-om-alterneringsledighet\/","title":{"rendered":"Tehy: Kompromissl\u00f6sning om alterneringsledighet"},"content":{"rendered":"<p>STTK:s syrelse har godk\u00e4nt \u00e4ndringarna g\u00e4llande alterneringsledighet som trepartsarbetsgruppen f\u00f6resl\u00e5r. \u00c4ndringarna tr\u00e4der i kraft fr.o.m. september.<\/p>\n<p>De som vill g\u00e5 p\u00e5 alterneringsledighet skall ha en arbetshistoria om 16 \u00e5r i st\u00e4llet f\u00f6r nuvarande 10 \u00e5r. \u00d6ver 60-\u00e5ringar har i praktiken inte m\u00f6jlighet att g\u00e5 p\u00e5 alterneringsledighet eftersom s\u00e5dan inte l\u00e4ngre kan tas ut\u00a0 de tre sista arbets\u00e5ren.<\/p>\n<p>Vikarien som anst\u00e4lls i st\u00e4llet f\u00f6r en arbetstagare som g\u00e5r p\u00e5 alterneringsledighet skall vara arbetsl\u00f6s i 90 dagar under 14 m\u00e5nader. Under denna tid beh\u00f6ver arbetsl\u00f6sheten inte vara kontinuerlig. Dock beh\u00f6ver under 25-\u00e5ringar, \u00f6ver 55-\u00e5ringar och under 30-\u00e5riga inom ett \u00e5r utexaminerade inte vara arbetsl\u00f6sa mer \u00e4n en dag f\u00f6r att kunna bli vikarier f\u00f6r alterneringslediga.<\/p>\n<p>Ers\u00e4ttningen f\u00f6r alterneringsledighet kvarst\u00e5r p\u00e5 samma niv\u00e5 som i dag.<\/p>\n<p>Om STTK inte hade godk\u00e4nt f\u00f6rslaget skulle styrelsen sannolikt drivit igenom ett f\u00f6rslag enligt vilket det hade kr\u00e4vts tre m\u00e5nader oavbruten arbetsl\u00f6shet f\u00f6re vikariatet. Det nu godk\u00e4nda kompromissf\u00f6rslaget g\u00f6r det m\u00f6jligt att unga och \u00e4ldre kan anv\u00e4ndas som vikarier d\u00e5 arbetsl\u00f6shetskravet \u00e4r bara en dag.<\/p>\n<p>\u2013 Om styrelsens f\u00f6rslag hade g\u00e5tt igenom hade det i praktiken inneburit att anv\u00e4ndningen av alterneringsledighet helt upph\u00f6r inom social- och h\u00e4lsov\u00e5rden, eftersom det finns f\u00e5 arbetsl\u00f6shetsperioder \u00f6ver tre m\u00e5nader i branschen, s\u00e4ger Tehys intressebevakningschef Jukka Maarianvaara.<\/p>\n<p>I kompromissf\u00f6rslaget ing\u00e5r \u00e4ven ett villkor att f\u00f6ljderna av \u00e4ndringen av alterneringsledighetsvillkoren granskas p\u00e5 nytt om tv\u00e5 \u00e5r.<\/p>\n<p>\u2013 Jag tycker det \u00e4r tr\u00e5kigt att man i samh\u00e4llet f\u00f6rs\u00e4mrar alterneringsledighetsvillkoren och samtidigt v\u00e5ndas med orkandet i arbetet och arbetskarri\u00e4rerna. Det nu godk\u00e4nda f\u00f6rslaget kr\u00e4ver mycket noggrann uppf\u00f6ljning om hur det inverkar p\u00e5 anv\u00e4ndningen av alterneringsledighet inom social- och h\u00e4lsov\u00e5rden.<\/p>\n<p>Mera information: Jukka Maarianvaara, gsm 040 703 1387<\/p>\n","protected":false},"excerpt":{"rendered":"STTK:s syrelse har godk\u00e4nt \u00e4ndringarna g\u00e4llande alterneringsledighet som trepartsarbetsgruppen f\u00f6resl\u00e5r. \u00c4ndringarna tr\u00e4der i kraft fr.o.m. september. De som&#8230; ","protected":false},"author":3,"featured_media":0,"comment_status":"open","ping_status":"open","sticky":false,"template":"","format":"standard","meta":{"_acf_changed":false,"lead_paragraph":"","footnotes":""},"categories":[190],"subject":[],"class_list":["post-3123","post","type-post","status-publish","format-standard","hentry","category-fackforbunds-meddelande"],"acf":{"lead_paragraph":""},"yoast_head":"<!-- This site is optimized with the Yoast SEO plugin v27.5 - https:\/\/yoast.com\/product\/yoast-seo-wordpress\/ -->\n<title>Tehy: Kompromissl\u00f6sning om alterneringsledighet  - STTK<\/title>\n<meta name=\"robots\" content=\"index, follow, max-snippet:-1, max-image-preview:large, max-video-preview:-1\" \/>\n<link rel=\"canonical\" href=\"https:\/\/www.sttk.fi\/sv\/2014\/03\/13\/tehy-kompromisslosning-om-alterneringsledighet\/\" \/>\n<meta property=\"og:locale\" content=\"sv_SE\" \/>\n<meta property=\"og:type\" content=\"article\" \/>\n<meta property=\"og:title\" content=\"Tehy: Kompromissl\u00f6sning om alterneringsledighet  - STTK\" \/>\n<meta property=\"og:description\" content=\"STTK:s syrelse har godk\u00e4nt \u00e4ndringarna g\u00e4llande alterneringsledighet som trepartsarbetsgruppen f\u00f6resl\u00e5r. \u00c4ndringarna tr\u00e4der i kraft fr.o.m. september. De som...\" \/>\n<meta property=\"og:url\" content=\"https:\/\/www.sttk.fi\/sv\/2014\/03\/13\/tehy-kompromisslosning-om-alterneringsledighet\/\" \/>\n<meta property=\"og:site_name\" content=\"STTK\" \/>\n<meta property=\"article:publisher\" content=\"https:\/\/www.facebook.com\/#%21%2fKeskusjarjestoSTTK\" \/>\n<meta property=\"article:published_time\" content=\"2014-03-13T14:16:44+00:00\" \/>\n<meta property=\"article:modified_time\" content=\"2014-03-18T14:16:53+00:00\" \/>\n<meta property=\"og:image\" content=\"https:\/\/www.sttk.fi\/wp-content\/uploads\/sites\/2\/2020\/08\/some-logo.png\" \/>\n\t<meta property=\"og:image:width\" content=\"1130\" \/>\n\t<meta property=\"og:image:height\" content=\"682\" \/>\n\t<meta property=\"og:image:type\" content=\"image\/png\" \/>\n<meta name=\"twitter:card\" content=\"summary_large_image\" \/>\n<meta name=\"twitter:creator\" content=\"@STTKMikonkatu\" \/>\n<meta name=\"twitter:site\" content=\"@STTKMikonkatu\" \/>\n<meta name=\"twitter:label1\" content=\"Written by\" \/>\n\t<meta name=\"twitter:data1\" content=\"paka\" \/>\n\t<meta name=\"twitter:label2\" content=\"Est. reading time\" \/>\n\t<meta name=\"twitter:data2\" content=\"2 minuter\" \/>\n<script type=\"application\/ld+json\" class=\"yoast-schema-graph\">{\"@context\":\"https:\\\/\\\/schema.org\",\"@graph\":[{\"@type\":\"Article\",\"@id\":\"https:\\\/\\\/www.sttk.fi\\\/sv\\\/2014\\\/03\\\/13\\\/tehy-kompromisslosning-om-alterneringsledighet\\\/#article\",\"isPartOf\":{\"@id\":\"https:\\\/\\\/www.sttk.fi\\\/sv\\\/2014\\\/03\\\/13\\\/tehy-kompromisslosning-om-alterneringsledighet\\\/\"},\"author\":{\"name\":\"paka\",\"@id\":\"https:\\\/\\\/www.sttk.fi\\\/#\\\/schema\\\/person\\\/58abb54d7b15ed34e29dc4514a5c1210\"},\"headline\":\"Tehy: Kompromissl\u00f6sning om alterneringsledighet\",\"datePublished\":\"2014-03-13T14:16:44+00:00\",\"dateModified\":\"2014-03-18T14:16:53+00:00\",\"mainEntityOfPage\":{\"@id\":\"https:\\\/\\\/www.sttk.fi\\\/sv\\\/2014\\\/03\\\/13\\\/tehy-kompromisslosning-om-alterneringsledighet\\\/\"},\"wordCount\":339,\"commentCount\":0,\"publisher\":{\"@id\":\"https:\\\/\\\/www.sttk.fi\\\/#organization\"},\"articleSection\":[\"Fackf\u00f6rbunds meddelande\"],\"inLanguage\":\"sv-SE\",\"potentialAction\":[{\"@type\":\"CommentAction\",\"name\":\"Comment\",\"target\":[\"https:\\\/\\\/www.sttk.fi\\\/sv\\\/2014\\\/03\\\/13\\\/tehy-kompromisslosning-om-alterneringsledighet\\\/#respond\"]}]},{\"@type\":\"WebPage\",\"@id\":\"https:\\\/\\\/www.sttk.fi\\\/sv\\\/2014\\\/03\\\/13\\\/tehy-kompromisslosning-om-alterneringsledighet\\\/\",\"url\":\"https:\\\/\\\/www.sttk.fi\\\/sv\\\/2014\\\/03\\\/13\\\/tehy-kompromisslosning-om-alterneringsledighet\\\/\",\"name\":\"Tehy: Kompromissl\u00f6sning om alterneringsledighet - STTK\",\"isPartOf\":{\"@id\":\"https:\\\/\\\/www.sttk.fi\\\/#website\"},\"datePublished\":\"2014-03-13T14:16:44+00:00\",\"dateModified\":\"2014-03-18T14:16:53+00:00\",\"breadcrumb\":{\"@id\":\"https:\\\/\\\/www.sttk.fi\\\/sv\\\/2014\\\/03\\\/13\\\/tehy-kompromisslosning-om-alterneringsledighet\\\/#breadcrumb\"},\"inLanguage\":\"sv-SE\",\"potentialAction\":[{\"@type\":\"ReadAction\",\"target\":[\"https:\\\/\\\/www.sttk.fi\\\/sv\\\/2014\\\/03\\\/13\\\/tehy-kompromisslosning-om-alterneringsledighet\\\/\"]}]},{\"@type\":\"BreadcrumbList\",\"@id\":\"https:\\\/\\\/www.sttk.fi\\\/sv\\\/2014\\\/03\\\/13\\\/tehy-kompromisslosning-om-alterneringsledighet\\\/#breadcrumb\",\"itemListElement\":[{\"@type\":\"ListItem\",\"position\":1,\"name\":\"Home\",\"item\":\"https:\\\/\\\/www.sttk.fi\\\/sv\\\/\"},{\"@type\":\"ListItem\",\"position\":2,\"name\":\"Tehy: Kompromissl\u00f6sning om alterneringsledighet\"}]},{\"@type\":\"WebSite\",\"@id\":\"https:\\\/\\\/www.sttk.fi\\\/#website\",\"url\":\"https:\\\/\\\/www.sttk.fi\\\/\",\"name\":\"STTK\",\"description\":\"\",\"publisher\":{\"@id\":\"https:\\\/\\\/www.sttk.fi\\\/#organization\"},\"potentialAction\":[{\"@type\":\"SearchAction\",\"target\":{\"@type\":\"EntryPoint\",\"urlTemplate\":\"https:\\\/\\\/www.sttk.fi\\\/?s={search_term_string}\"},\"query-input\":{\"@type\":\"PropertyValueSpecification\",\"valueRequired\":true,\"valueName\":\"search_term_string\"}}],\"inLanguage\":\"sv-SE\"},{\"@type\":\"Organization\",\"@id\":\"https:\\\/\\\/www.sttk.fi\\\/#organization\",\"name\":\"STTK\",\"url\":\"https:\\\/\\\/www.sttk.fi\\\/\",\"logo\":{\"@type\":\"ImageObject\",\"inLanguage\":\"sv-SE\",\"@id\":\"https:\\\/\\\/www.sttk.fi\\\/#\\\/schema\\\/logo\\\/image\\\/\",\"url\":\"https:\\\/\\\/www.sttk.fi\\\/wp-content\\\/uploads\\\/sites\\\/2\\\/2025\\\/12\\\/vector3.svg\",\"contentUrl\":\"https:\\\/\\\/www.sttk.fi\\\/wp-content\\\/uploads\\\/sites\\\/2\\\/2025\\\/12\\\/vector3.svg\",\"caption\":\"STTK\"},\"image\":{\"@id\":\"https:\\\/\\\/www.sttk.fi\\\/#\\\/schema\\\/logo\\\/image\\\/\"},\"sameAs\":[\"https:\\\/\\\/www.facebook.com\\\/#!\\\/KeskusjarjestoSTTK\",\"https:\\\/\\\/x.com\\\/STTKMikonkatu\",\"http:\\\/\\\/www.youtube.com\\\/user\\\/protoimihenkilot\"]},{\"@type\":\"Person\",\"@id\":\"https:\\\/\\\/www.sttk.fi\\\/#\\\/schema\\\/person\\\/58abb54d7b15ed34e29dc4514a5c1210\",\"name\":\"paka\",\"image\":{\"@type\":\"ImageObject\",\"inLanguage\":\"sv-SE\",\"@id\":\"https:\\\/\\\/secure.gravatar.com\\\/avatar\\\/4475a9b815f64182a53e96cb5d0f5f7720cc03120a202c52530424ca5902a916?s=96&d=mm&r=g\",\"url\":\"https:\\\/\\\/secure.gravatar.com\\\/avatar\\\/4475a9b815f64182a53e96cb5d0f5f7720cc03120a202c52530424ca5902a916?s=96&d=mm&r=g\",\"contentUrl\":\"https:\\\/\\\/secure.gravatar.com\\\/avatar\\\/4475a9b815f64182a53e96cb5d0f5f7720cc03120a202c52530424ca5902a916?s=96&d=mm&r=g\",\"caption\":\"paka\"},\"url\":\"https:\\\/\\\/www.sttk.fi\\\/sv\\\/author\\\/paka\\\/\"}]}<\/script>\n<!-- \/ Yoast SEO plugin. -->","yoast_head_json":{"title":"Tehy: Kompromissl\u00f6sning om alterneringsledighet  - STTK","robots":{"index":"index","follow":"follow","max-snippet":"max-snippet:-1","max-image-preview":"max-image-preview:large","max-video-preview":"max-video-preview:-1"},"canonical":"https:\/\/www.sttk.fi\/sv\/2014\/03\/13\/tehy-kompromisslosning-om-alterneringsledighet\/","og_locale":"sv_SE","og_type":"article","og_title":"Tehy: Kompromissl\u00f6sning om alterneringsledighet  - STTK","og_description":"STTK:s syrelse har godk\u00e4nt \u00e4ndringarna g\u00e4llande alterneringsledighet som trepartsarbetsgruppen f\u00f6resl\u00e5r. \u00c4ndringarna tr\u00e4der i kraft fr.o.m. september. De som...","og_url":"https:\/\/www.sttk.fi\/sv\/2014\/03\/13\/tehy-kompromisslosning-om-alterneringsledighet\/","og_site_name":"STTK","article_publisher":"https:\/\/www.facebook.com\/#%21%2fKeskusjarjestoSTTK","article_published_time":"2014-03-13T14:16:44+00:00","article_modified_time":"2014-03-18T14:16:53+00:00","og_image":[{"width":1130,"height":682,"url":"https:\/\/www.sttk.fi\/wp-content\/uploads\/sites\/2\/2020\/08\/some-logo.png","type":"image\/png"}],"twitter_card":"summary_large_image","twitter_creator":"@STTKMikonkatu","twitter_site":"@STTKMikonkatu","twitter_misc":{"Written by":"paka","Est. reading time":"2 minuter"},"schema":{"@context":"https:\/\/schema.org","@graph":[{"@type":"Article","@id":"https:\/\/www.sttk.fi\/sv\/2014\/03\/13\/tehy-kompromisslosning-om-alterneringsledighet\/#article","isPartOf":{"@id":"https:\/\/www.sttk.fi\/sv\/2014\/03\/13\/tehy-kompromisslosning-om-alterneringsledighet\/"},"author":{"name":"paka","@id":"https:\/\/www.sttk.fi\/#\/schema\/person\/58abb54d7b15ed34e29dc4514a5c1210"},"headline":"Tehy: Kompromissl\u00f6sning om alterneringsledighet","datePublished":"2014-03-13T14:16:44+00:00","dateModified":"2014-03-18T14:16:53+00:00","mainEntityOfPage":{"@id":"https:\/\/www.sttk.fi\/sv\/2014\/03\/13\/tehy-kompromisslosning-om-alterneringsledighet\/"},"wordCount":339,"commentCount":0,"publisher":{"@id":"https:\/\/www.sttk.fi\/#organization"},"articleSection":["Fackf\u00f6rbunds meddelande"],"inLanguage":"sv-SE","potentialAction":[{"@type":"CommentAction","name":"Comment","target":["https:\/\/www.sttk.fi\/sv\/2014\/03\/13\/tehy-kompromisslosning-om-alterneringsledighet\/#respond"]}]},{"@type":"WebPage","@id":"https:\/\/www.sttk.fi\/sv\/2014\/03\/13\/tehy-kompromisslosning-om-alterneringsledighet\/","url":"https:\/\/www.sttk.fi\/sv\/2014\/03\/13\/tehy-kompromisslosning-om-alterneringsledighet\/","name":"Tehy: Kompromissl\u00f6sning om alterneringsledighet - STTK","isPartOf":{"@id":"https:\/\/www.sttk.fi\/#website"},"datePublished":"2014-03-13T14:16:44+00:00","dateModified":"2014-03-18T14:16:53+00:00","breadcrumb":{"@id":"https:\/\/www.sttk.fi\/sv\/2014\/03\/13\/tehy-kompromisslosning-om-alterneringsledighet\/#breadcrumb"},"inLanguage":"sv-SE","potentialAction":[{"@type":"ReadAction","target":["https:\/\/www.sttk.fi\/sv\/2014\/03\/13\/tehy-kompromisslosning-om-alterneringsledighet\/"]}]},{"@type":"BreadcrumbList","@id":"https:\/\/www.sttk.fi\/sv\/2014\/03\/13\/tehy-kompromisslosning-om-alterneringsledighet\/#breadcrumb","itemListElement":[{"@type":"ListItem","position":1,"name":"Home","item":"https:\/\/www.sttk.fi\/sv\/"},{"@type":"ListItem","position":2,"name":"Tehy: Kompromissl\u00f6sning om alterneringsledighet"}]},{"@type":"WebSite","@id":"https:\/\/www.sttk.fi\/#website","url":"https:\/\/www.sttk.fi\/","name":"STTK","description":"","publisher":{"@id":"https:\/\/www.sttk.fi\/#organization"},"potentialAction":[{"@type":"SearchAction","target":{"@type":"EntryPoint","urlTemplate":"https:\/\/www.sttk.fi\/?s={search_term_string}"},"query-input":{"@type":"PropertyValueSpecification","valueRequired":true,"valueName":"search_term_string"}}],"inLanguage":"sv-SE"},{"@type":"Organization","@id":"https:\/\/www.sttk.fi\/#organization","name":"STTK","url":"https:\/\/www.sttk.fi\/","logo":{"@type":"ImageObject","inLanguage":"sv-SE","@id":"https:\/\/www.sttk.fi\/#\/schema\/logo\/image\/","url":"https:\/\/www.sttk.fi\/wp-content\/uploads\/sites\/2\/2025\/12\/vector3.svg","contentUrl":"https:\/\/www.sttk.fi\/wp-content\/uploads\/sites\/2\/2025\/12\/vector3.svg","caption":"STTK"},"image":{"@id":"https:\/\/www.sttk.fi\/#\/schema\/logo\/image\/"},"sameAs":["https:\/\/www.facebook.com\/#!\/KeskusjarjestoSTTK","https:\/\/x.com\/STTKMikonkatu","http:\/\/www.youtube.com\/user\/protoimihenkilot"]},{"@type":"Person","@id":"https:\/\/www.sttk.fi\/#\/schema\/person\/58abb54d7b15ed34e29dc4514a5c1210","name":"paka","image":{"@type":"ImageObject","inLanguage":"sv-SE","@id":"https:\/\/secure.gravatar.com\/avatar\/4475a9b815f64182a53e96cb5d0f5f7720cc03120a202c52530424ca5902a916?s=96&d=mm&r=g","url":"https:\/\/secure.gravatar.com\/avatar\/4475a9b815f64182a53e96cb5d0f5f7720cc03120a202c52530424ca5902a916?s=96&d=mm&r=g","contentUrl":"https:\/\/secure.gravatar.com\/avatar\/4475a9b815f64182a53e96cb5d0f5f7720cc03120a202c52530424ca5902a916?s=96&d=mm&r=g","caption":"paka"},"url":"https:\/\/www.sttk.fi\/sv\/author\/paka\/"}]}},"_links":{"self":[{"href":"https:\/\/www.sttk.fi\/sv\/wp-json\/wp\/v2\/posts\/3123","targetHints":{"allow":["GET"]}}],"collection":[{"href":"https:\/\/www.sttk.fi\/sv\/wp-json\/wp\/v2\/posts"}],"about":[{"href":"https:\/\/www.sttk.fi\/sv\/wp-json\/wp\/v2\/types\/post"}],"author":[{"embeddable":true,"href":"https:\/\/www.sttk.fi\/sv\/wp-json\/wp\/v2\/users\/3"}],"replies":[{"embeddable":true,"href":"https:\/\/www.sttk.fi\/sv\/wp-json\/wp\/v2\/comments?post=3123"}],"version-history":[{"count":1,"href":"https:\/\/www.sttk.fi\/sv\/wp-json\/wp\/v2\/posts\/3123\/revisions"}],"predecessor-version":[{"id":3124,"href":"https:\/\/www.sttk.fi\/sv\/wp-json\/wp\/v2\/posts\/3123\/revisions\/3124"}],"wp:attachment":[{"href":"https:\/\/www.sttk.fi\/sv\/wp-json\/wp\/v2\/media?parent=3123"}],"wp:term":[{"taxonomy":"category","embeddable":true,"href":"https:\/\/www.sttk.fi\/sv\/wp-json\/wp\/v2\/categories?post=3123"},{"taxonomy":"subject","embeddable":true,"href":"https:\/\/www.sttk.fi\/sv\/wp-json\/wp\/v2\/subject?post=3123"}],"curies":[{"name":"wp","href":"https:\/\/api.w.org\/{rel}","templated":true}]}}