{"id":20013,"date":"2019-04-08T11:38:01","date_gmt":"2019-04-08T08:38:01","guid":{"rendered":"https:\/\/sttk.qa.web-veistamo.fi\/?p=20013"},"modified":"2019-04-08T11:38:01","modified_gmt":"2019-04-08T08:38:01","slug":"super-langsiktig-utveckling-av-terminalvarden-behovs","status":"publish","type":"post","link":"https:\/\/www.sttk.fi\/sv\/2019\/04\/08\/super-langsiktig-utveckling-av-terminalvarden-behovs\/","title":{"rendered":"SuPer: L\u00e5ngsiktig utveckling av terminalv\u00e5rden beh\u00f6vs"},"content":{"rendered":"<p>Finlands n\u00e4rv\u00e5rdar- och prim\u00e4rsk\u00f6tarf\u00f6rbund SuPer har terminalv\u00e5rden som huvudtema f\u00f6r sina svenskspr\u00e5kiga studiedagar 8\u20139 april. God terminalv\u00e5rd kr\u00e4ver tillr\u00e4ckligt m\u00e5nga utbildade v\u00e5rdare som ges m\u00f6jlighet att bibeh\u00e5lla och utveckla sitt kunnande. Den regionala j\u00e4mlikheten m\u00e5ste ocks\u00e5 s\u00e4kras. SuPers studiedagar arrangeras i Vasa.<\/p>\n<p>\u00c5rligen d\u00f6r \u00f6ver 50 000 finl\u00e4ndare. Av dem beh\u00f6ver uppskattningsvis 30 000 palliativ v\u00e5rd och v\u00e5rd i livets slutskede.<\/p>\n<p>I framtiden kommer terminalv\u00e5rden i \u00f6kad utstr\u00e4ckning att vara koncentrerad till hemmet och hemliknande milj\u00f6er d\u00e4r n\u00e4rv\u00e5rdarna utg\u00f6r den st\u00f6rsta enskilda, utbildade v\u00e5rdprofessionen. De \u00e4ldre sk\u00f6ts allt oftare hemma och i hemliknande milj\u00f6 till livets slut. M\u00e5nga personer med intellektuell funktionsneds\u00e4ttning samt mentalv\u00e5rds- och missbrukarv\u00e5rdsklienter g\u00e5r bort p\u00e5 hemliknande boendeenheter. Terminalv\u00e5rd \u00e4r inte bara f\u00f6r \u00e4ldre, den beh\u00f6vs av m\u00e4nniskor i alla \u00e5ldrar.<\/p>\n<p>V\u00e5rden av obotligt sjuka och terminalv\u00e5rden m\u00e5ste utvecklas l\u00e5ngsiktigt. Utvecklingsarbetet ska g\u00f6ras av alla yrkeskunniga inom social- och h\u00e4lsov\u00e5rden. D\u00f6ende personer kan f\u00e5 god v\u00e5rd n\u00e4r de olika akt\u00f6rerna samarbetar i n\u00e4tverk. V\u00e5rd av obotligt sjuka och terminalv\u00e5rd ing\u00e5r bland de grundl\u00e4ggande f\u00e4rdigheter som alla yrkeskunniga personer inom social- och h\u00e4lsov\u00e5rden ska beh\u00e4rska. F\u00f6r n\u00e4rvarande \u00e4r det bara i n\u00e4rv\u00e5rdarutbildningen som definierade kriterier f\u00f6r yrkesskicklighet i fr\u00e5ga om terminalv\u00e5rd och palliativ v\u00e5rd ing\u00e5r.<\/p>\n<p>God v\u00e5rd av d\u00f6ende personer f\u00f6ruts\u00e4tter ett holistiskt grepp p\u00e5 v\u00e5rdarbetet, k\u00e4nnedom om basv\u00e5rd samt kunskap om v\u00e5rd och erfarenheter av sm\u00e4rta och andra symptom. N\u00e4rv\u00e5rdarens roll i terminalv\u00e5rden \u00e4r att skapa en lugn och trygg v\u00e5rdmilj\u00f6, att m\u00f6ta den d\u00f6ende m\u00e4nniskan med respekt och att f\u00f6rverkliga v\u00e5rden och patientens behov. Allt detta ska g\u00f6ras med beaktande av s\u00e5v\u00e4l terminalv\u00e5rdspatientens psykiska, andliga, religi\u00f6sa och sociala behov som den d\u00f6endes anh\u00f6riga.<\/p>\n<p>Uppm\u00e4rksamhet m\u00e5ste f\u00e4stas vid att enheterna ska ha tillg\u00e5ng till de l\u00e4kemedel som beh\u00f6vs vid terminalv\u00e5rd. Vidare ska man beakta att n\u00e4rv\u00e5rdarna \u00e4r en viktig yrkesgrupp f\u00f6r l\u00e4kemedelsbehandlingen av d\u00f6ende. De arbetar i tre skift. F\u00f6r att s\u00e4kra en korrekt och h\u00f6gklassig v\u00e5rd m\u00e5ste n\u00e4rv\u00e5rdarna kunna ta brett ansvar f\u00f6r klienternas v\u00e5rdbehov. De m\u00e5ste allts\u00e5 ha r\u00e4tt att genomf\u00f6ra l\u00e4kemedelsbehandling i enlighet med sin utbildning och sin kompetens.<\/p>\n<p>Tillg\u00e5ngen till terminalv\u00e5rd \u00e4r geografiskt oj\u00e4mlik och de terminalv\u00e5rdsplatser som finns r\u00e4cker inte till f\u00f6r alla beh\u00f6vande. Upp till 400 000 finl\u00e4ndare har inte tillg\u00e5ng till tillr\u00e4ckliga terminalv\u00e5rdstj\u00e4nster p\u00e5 specialistniv\u00e5. Regional j\u00e4mlikhet m\u00e5ste s\u00e4kras i fr\u00e5ga om terminalv\u00e5rd.<\/p>\n<p>SuPer har sammanlagt n\u00e4rmare 90 000 yrkesutbildade medlemmar inom social- och h\u00e4lsov\u00e5rden samt det pedagogiska omr\u00e5det. De arbetar inom b\u00e5de den offentliga och den privata sektorn.<\/p>\n<p>Mer information: SuPers sakkunniga Mervi Lehtinen, 050 515 1366<\/p>\n","protected":false},"excerpt":{"rendered":"Finlands n\u00e4rv\u00e5rdar- och prim\u00e4rsk\u00f6tarf\u00f6rbund SuPer har terminalv\u00e5rden som huvudtema f\u00f6r sina svenskspr\u00e5kiga studiedagar 8\u20139 april. God terminalv\u00e5rd kr\u00e4ver&#8230; ","protected":false},"author":23,"featured_media":20032,"comment_status":"closed","ping_status":"open","sticky":false,"template":"","format":"standard","meta":{"_acf_changed":false,"lead_paragraph":"","footnotes":""},"categories":[190],"subject":[],"class_list":["post-20013","post","type-post","status-publish","format-standard","has-post-thumbnail","hentry","category-fackforbunds-meddelande"],"acf":{"lead_paragraph":""},"yoast_head":"<!-- This site is optimized with the Yoast SEO plugin v27.4 - https:\/\/yoast.com\/product\/yoast-seo-wordpress\/ -->\n<title>SuPer: L\u00e5ngsiktig utveckling av terminalv\u00e5rden beh\u00f6vs - STTK<\/title>\n<meta name=\"robots\" content=\"index, follow, max-snippet:-1, max-image-preview:large, max-video-preview:-1\" \/>\n<link rel=\"canonical\" href=\"https:\/\/www.sttk.fi\/sv\/2019\/04\/08\/super-langsiktig-utveckling-av-terminalvarden-behovs\/\" \/>\n<meta property=\"og:locale\" content=\"sv_SE\" \/>\n<meta property=\"og:type\" content=\"article\" \/>\n<meta property=\"og:title\" content=\"SuPer: L\u00e5ngsiktig utveckling av terminalv\u00e5rden beh\u00f6vs - STTK\" \/>\n<meta property=\"og:description\" content=\"Finlands n\u00e4rv\u00e5rdar- och prim\u00e4rsk\u00f6tarf\u00f6rbund SuPer har terminalv\u00e5rden som huvudtema f\u00f6r sina svenskspr\u00e5kiga studiedagar 8\u20139 april. God terminalv\u00e5rd kr\u00e4ver...\" \/>\n<meta property=\"og:url\" content=\"https:\/\/www.sttk.fi\/sv\/2019\/04\/08\/super-langsiktig-utveckling-av-terminalvarden-behovs\/\" \/>\n<meta property=\"og:site_name\" content=\"STTK\" \/>\n<meta property=\"article:publisher\" content=\"https:\/\/www.facebook.com\/#%21%2fKeskusjarjestoSTTK\" \/>\n<meta property=\"article:published_time\" content=\"2019-04-08T08:38:01+00:00\" \/>\n<meta property=\"og:image\" content=\"https:\/\/www.sttk.fi\/wp-content\/uploads\/sites\/2\/2019\/04\/ty\u00f6llisyys.jpg\" \/>\n\t<meta property=\"og:image:width\" content=\"1000\" \/>\n\t<meta property=\"og:image:height\" content=\"667\" \/>\n\t<meta property=\"og:image:type\" content=\"image\/jpeg\" \/>\n<meta name=\"twitter:card\" content=\"summary_large_image\" \/>\n<meta name=\"twitter:creator\" content=\"@STTKMikonkatu\" \/>\n<meta name=\"twitter:site\" content=\"@STTKMikonkatu\" \/>\n<meta name=\"twitter:label1\" content=\"Written by\" \/>\n\t<meta name=\"twitter:data1\" content=\"\" \/>\n\t<meta name=\"twitter:label2\" content=\"Est. reading time\" \/>\n\t<meta name=\"twitter:data2\" content=\"3 minuter\" \/>\n<script type=\"application\/ld+json\" class=\"yoast-schema-graph\">{\"@context\":\"https:\\\/\\\/schema.org\",\"@graph\":[{\"@type\":\"Article\",\"@id\":\"https:\\\/\\\/www.sttk.fi\\\/sv\\\/2019\\\/04\\\/08\\\/super-langsiktig-utveckling-av-terminalvarden-behovs\\\/#article\",\"isPartOf\":{\"@id\":\"https:\\\/\\\/www.sttk.fi\\\/sv\\\/2019\\\/04\\\/08\\\/super-langsiktig-utveckling-av-terminalvarden-behovs\\\/\"},\"author\":{\"name\":\"\",\"@id\":\"\"},\"headline\":\"SuPer: L\u00e5ngsiktig utveckling av terminalv\u00e5rden beh\u00f6vs\",\"datePublished\":\"2019-04-08T08:38:01+00:00\",\"mainEntityOfPage\":{\"@id\":\"https:\\\/\\\/www.sttk.fi\\\/sv\\\/2019\\\/04\\\/08\\\/super-langsiktig-utveckling-av-terminalvarden-behovs\\\/\"},\"wordCount\":548,\"publisher\":{\"@id\":\"https:\\\/\\\/www.sttk.fi\\\/#organization\"},\"image\":{\"@id\":\"https:\\\/\\\/www.sttk.fi\\\/sv\\\/2019\\\/04\\\/08\\\/super-langsiktig-utveckling-av-terminalvarden-behovs\\\/#primaryimage\"},\"thumbnailUrl\":\"https:\\\/\\\/www.sttk.fi\\\/wp-content\\\/uploads\\\/sites\\\/2\\\/2019\\\/04\\\/ty\u00f6llisyys.jpg\",\"articleSection\":[\"Fackf\u00f6rbunds meddelande\"],\"inLanguage\":\"sv-SE\"},{\"@type\":\"WebPage\",\"@id\":\"https:\\\/\\\/www.sttk.fi\\\/sv\\\/2019\\\/04\\\/08\\\/super-langsiktig-utveckling-av-terminalvarden-behovs\\\/\",\"url\":\"https:\\\/\\\/www.sttk.fi\\\/sv\\\/2019\\\/04\\\/08\\\/super-langsiktig-utveckling-av-terminalvarden-behovs\\\/\",\"name\":\"SuPer: L\u00e5ngsiktig utveckling av terminalv\u00e5rden beh\u00f6vs - STTK\",\"isPartOf\":{\"@id\":\"https:\\\/\\\/www.sttk.fi\\\/#website\"},\"primaryImageOfPage\":{\"@id\":\"https:\\\/\\\/www.sttk.fi\\\/sv\\\/2019\\\/04\\\/08\\\/super-langsiktig-utveckling-av-terminalvarden-behovs\\\/#primaryimage\"},\"image\":{\"@id\":\"https:\\\/\\\/www.sttk.fi\\\/sv\\\/2019\\\/04\\\/08\\\/super-langsiktig-utveckling-av-terminalvarden-behovs\\\/#primaryimage\"},\"thumbnailUrl\":\"https:\\\/\\\/www.sttk.fi\\\/wp-content\\\/uploads\\\/sites\\\/2\\\/2019\\\/04\\\/ty\u00f6llisyys.jpg\",\"datePublished\":\"2019-04-08T08:38:01+00:00\",\"breadcrumb\":{\"@id\":\"https:\\\/\\\/www.sttk.fi\\\/sv\\\/2019\\\/04\\\/08\\\/super-langsiktig-utveckling-av-terminalvarden-behovs\\\/#breadcrumb\"},\"inLanguage\":\"sv-SE\",\"potentialAction\":[{\"@type\":\"ReadAction\",\"target\":[\"https:\\\/\\\/www.sttk.fi\\\/sv\\\/2019\\\/04\\\/08\\\/super-langsiktig-utveckling-av-terminalvarden-behovs\\\/\"]}]},{\"@type\":\"ImageObject\",\"inLanguage\":\"sv-SE\",\"@id\":\"https:\\\/\\\/www.sttk.fi\\\/sv\\\/2019\\\/04\\\/08\\\/super-langsiktig-utveckling-av-terminalvarden-behovs\\\/#primaryimage\",\"url\":\"https:\\\/\\\/www.sttk.fi\\\/wp-content\\\/uploads\\\/sites\\\/2\\\/2019\\\/04\\\/ty\u00f6llisyys.jpg\",\"contentUrl\":\"https:\\\/\\\/www.sttk.fi\\\/wp-content\\\/uploads\\\/sites\\\/2\\\/2019\\\/04\\\/ty\u00f6llisyys.jpg\",\"width\":1000,\"height\":667,\"caption\":\"Startup Stock Photos\"},{\"@type\":\"BreadcrumbList\",\"@id\":\"https:\\\/\\\/www.sttk.fi\\\/sv\\\/2019\\\/04\\\/08\\\/super-langsiktig-utveckling-av-terminalvarden-behovs\\\/#breadcrumb\",\"itemListElement\":[{\"@type\":\"ListItem\",\"position\":1,\"name\":\"Home\",\"item\":\"https:\\\/\\\/www.sttk.fi\\\/sv\\\/\"},{\"@type\":\"ListItem\",\"position\":2,\"name\":\"SuPer: L\u00e5ngsiktig utveckling av terminalv\u00e5rden beh\u00f6vs\"}]},{\"@type\":\"WebSite\",\"@id\":\"https:\\\/\\\/www.sttk.fi\\\/#website\",\"url\":\"https:\\\/\\\/www.sttk.fi\\\/\",\"name\":\"STTK\",\"description\":\"\",\"publisher\":{\"@id\":\"https:\\\/\\\/www.sttk.fi\\\/#organization\"},\"potentialAction\":[{\"@type\":\"SearchAction\",\"target\":{\"@type\":\"EntryPoint\",\"urlTemplate\":\"https:\\\/\\\/www.sttk.fi\\\/?s={search_term_string}\"},\"query-input\":{\"@type\":\"PropertyValueSpecification\",\"valueRequired\":true,\"valueName\":\"search_term_string\"}}],\"inLanguage\":\"sv-SE\"},{\"@type\":\"Organization\",\"@id\":\"https:\\\/\\\/www.sttk.fi\\\/#organization\",\"name\":\"STTK\",\"url\":\"https:\\\/\\\/www.sttk.fi\\\/\",\"logo\":{\"@type\":\"ImageObject\",\"inLanguage\":\"sv-SE\",\"@id\":\"https:\\\/\\\/www.sttk.fi\\\/#\\\/schema\\\/logo\\\/image\\\/\",\"url\":\"https:\\\/\\\/www.sttk.fi\\\/wp-content\\\/uploads\\\/sites\\\/2\\\/2025\\\/12\\\/vector3.svg\",\"contentUrl\":\"https:\\\/\\\/www.sttk.fi\\\/wp-content\\\/uploads\\\/sites\\\/2\\\/2025\\\/12\\\/vector3.svg\",\"caption\":\"STTK\"},\"image\":{\"@id\":\"https:\\\/\\\/www.sttk.fi\\\/#\\\/schema\\\/logo\\\/image\\\/\"},\"sameAs\":[\"https:\\\/\\\/www.facebook.com\\\/#!\\\/KeskusjarjestoSTTK\",\"https:\\\/\\\/x.com\\\/STTKMikonkatu\",\"http:\\\/\\\/www.youtube.com\\\/user\\\/protoimihenkilot\"]},{\"@type\":\"Person\",\"@id\":\"\",\"url\":\"https:\\\/\\\/www.sttk.fi\\\/sv\\\/author\\\/\"}]}<\/script>\n<!-- \/ Yoast SEO plugin. -->","yoast_head_json":{"title":"SuPer: L\u00e5ngsiktig utveckling av terminalv\u00e5rden beh\u00f6vs - STTK","robots":{"index":"index","follow":"follow","max-snippet":"max-snippet:-1","max-image-preview":"max-image-preview:large","max-video-preview":"max-video-preview:-1"},"canonical":"https:\/\/www.sttk.fi\/sv\/2019\/04\/08\/super-langsiktig-utveckling-av-terminalvarden-behovs\/","og_locale":"sv_SE","og_type":"article","og_title":"SuPer: L\u00e5ngsiktig utveckling av terminalv\u00e5rden beh\u00f6vs - STTK","og_description":"Finlands n\u00e4rv\u00e5rdar- och prim\u00e4rsk\u00f6tarf\u00f6rbund SuPer har terminalv\u00e5rden som huvudtema f\u00f6r sina svenskspr\u00e5kiga studiedagar 8\u20139 april. God terminalv\u00e5rd kr\u00e4ver...","og_url":"https:\/\/www.sttk.fi\/sv\/2019\/04\/08\/super-langsiktig-utveckling-av-terminalvarden-behovs\/","og_site_name":"STTK","article_publisher":"https:\/\/www.facebook.com\/#%21%2fKeskusjarjestoSTTK","article_published_time":"2019-04-08T08:38:01+00:00","og_image":[{"width":1000,"height":667,"url":"https:\/\/www.sttk.fi\/wp-content\/uploads\/sites\/2\/2019\/04\/ty\u00f6llisyys.jpg","type":"image\/jpeg"}],"twitter_card":"summary_large_image","twitter_creator":"@STTKMikonkatu","twitter_site":"@STTKMikonkatu","twitter_misc":{"Written by":"","Est. reading time":"3 minuter"},"schema":{"@context":"https:\/\/schema.org","@graph":[{"@type":"Article","@id":"https:\/\/www.sttk.fi\/sv\/2019\/04\/08\/super-langsiktig-utveckling-av-terminalvarden-behovs\/#article","isPartOf":{"@id":"https:\/\/www.sttk.fi\/sv\/2019\/04\/08\/super-langsiktig-utveckling-av-terminalvarden-behovs\/"},"author":{"name":"","@id":""},"headline":"SuPer: L\u00e5ngsiktig utveckling av terminalv\u00e5rden beh\u00f6vs","datePublished":"2019-04-08T08:38:01+00:00","mainEntityOfPage":{"@id":"https:\/\/www.sttk.fi\/sv\/2019\/04\/08\/super-langsiktig-utveckling-av-terminalvarden-behovs\/"},"wordCount":548,"publisher":{"@id":"https:\/\/www.sttk.fi\/#organization"},"image":{"@id":"https:\/\/www.sttk.fi\/sv\/2019\/04\/08\/super-langsiktig-utveckling-av-terminalvarden-behovs\/#primaryimage"},"thumbnailUrl":"https:\/\/www.sttk.fi\/wp-content\/uploads\/sites\/2\/2019\/04\/ty\u00f6llisyys.jpg","articleSection":["Fackf\u00f6rbunds meddelande"],"inLanguage":"sv-SE"},{"@type":"WebPage","@id":"https:\/\/www.sttk.fi\/sv\/2019\/04\/08\/super-langsiktig-utveckling-av-terminalvarden-behovs\/","url":"https:\/\/www.sttk.fi\/sv\/2019\/04\/08\/super-langsiktig-utveckling-av-terminalvarden-behovs\/","name":"SuPer: L\u00e5ngsiktig utveckling av terminalv\u00e5rden beh\u00f6vs - STTK","isPartOf":{"@id":"https:\/\/www.sttk.fi\/#website"},"primaryImageOfPage":{"@id":"https:\/\/www.sttk.fi\/sv\/2019\/04\/08\/super-langsiktig-utveckling-av-terminalvarden-behovs\/#primaryimage"},"image":{"@id":"https:\/\/www.sttk.fi\/sv\/2019\/04\/08\/super-langsiktig-utveckling-av-terminalvarden-behovs\/#primaryimage"},"thumbnailUrl":"https:\/\/www.sttk.fi\/wp-content\/uploads\/sites\/2\/2019\/04\/ty\u00f6llisyys.jpg","datePublished":"2019-04-08T08:38:01+00:00","breadcrumb":{"@id":"https:\/\/www.sttk.fi\/sv\/2019\/04\/08\/super-langsiktig-utveckling-av-terminalvarden-behovs\/#breadcrumb"},"inLanguage":"sv-SE","potentialAction":[{"@type":"ReadAction","target":["https:\/\/www.sttk.fi\/sv\/2019\/04\/08\/super-langsiktig-utveckling-av-terminalvarden-behovs\/"]}]},{"@type":"ImageObject","inLanguage":"sv-SE","@id":"https:\/\/www.sttk.fi\/sv\/2019\/04\/08\/super-langsiktig-utveckling-av-terminalvarden-behovs\/#primaryimage","url":"https:\/\/www.sttk.fi\/wp-content\/uploads\/sites\/2\/2019\/04\/ty\u00f6llisyys.jpg","contentUrl":"https:\/\/www.sttk.fi\/wp-content\/uploads\/sites\/2\/2019\/04\/ty\u00f6llisyys.jpg","width":1000,"height":667,"caption":"Startup Stock Photos"},{"@type":"BreadcrumbList","@id":"https:\/\/www.sttk.fi\/sv\/2019\/04\/08\/super-langsiktig-utveckling-av-terminalvarden-behovs\/#breadcrumb","itemListElement":[{"@type":"ListItem","position":1,"name":"Home","item":"https:\/\/www.sttk.fi\/sv\/"},{"@type":"ListItem","position":2,"name":"SuPer: L\u00e5ngsiktig utveckling av terminalv\u00e5rden beh\u00f6vs"}]},{"@type":"WebSite","@id":"https:\/\/www.sttk.fi\/#website","url":"https:\/\/www.sttk.fi\/","name":"STTK","description":"","publisher":{"@id":"https:\/\/www.sttk.fi\/#organization"},"potentialAction":[{"@type":"SearchAction","target":{"@type":"EntryPoint","urlTemplate":"https:\/\/www.sttk.fi\/?s={search_term_string}"},"query-input":{"@type":"PropertyValueSpecification","valueRequired":true,"valueName":"search_term_string"}}],"inLanguage":"sv-SE"},{"@type":"Organization","@id":"https:\/\/www.sttk.fi\/#organization","name":"STTK","url":"https:\/\/www.sttk.fi\/","logo":{"@type":"ImageObject","inLanguage":"sv-SE","@id":"https:\/\/www.sttk.fi\/#\/schema\/logo\/image\/","url":"https:\/\/www.sttk.fi\/wp-content\/uploads\/sites\/2\/2025\/12\/vector3.svg","contentUrl":"https:\/\/www.sttk.fi\/wp-content\/uploads\/sites\/2\/2025\/12\/vector3.svg","caption":"STTK"},"image":{"@id":"https:\/\/www.sttk.fi\/#\/schema\/logo\/image\/"},"sameAs":["https:\/\/www.facebook.com\/#!\/KeskusjarjestoSTTK","https:\/\/x.com\/STTKMikonkatu","http:\/\/www.youtube.com\/user\/protoimihenkilot"]},{"@type":"Person","@id":"","url":"https:\/\/www.sttk.fi\/sv\/author\/"}]}},"_links":{"self":[{"href":"https:\/\/www.sttk.fi\/sv\/wp-json\/wp\/v2\/posts\/20013","targetHints":{"allow":["GET"]}}],"collection":[{"href":"https:\/\/www.sttk.fi\/sv\/wp-json\/wp\/v2\/posts"}],"about":[{"href":"https:\/\/www.sttk.fi\/sv\/wp-json\/wp\/v2\/types\/post"}],"author":[{"embeddable":true,"href":"https:\/\/www.sttk.fi\/sv\/wp-json\/wp\/v2\/users\/23"}],"replies":[{"embeddable":true,"href":"https:\/\/www.sttk.fi\/sv\/wp-json\/wp\/v2\/comments?post=20013"}],"version-history":[{"count":1,"href":"https:\/\/www.sttk.fi\/sv\/wp-json\/wp\/v2\/posts\/20013\/revisions"}],"predecessor-version":[{"id":20014,"href":"https:\/\/www.sttk.fi\/sv\/wp-json\/wp\/v2\/posts\/20013\/revisions\/20014"}],"wp:featuredmedia":[{"embeddable":true,"href":"https:\/\/www.sttk.fi\/sv\/wp-json\/wp\/v2\/media\/20032"}],"wp:attachment":[{"href":"https:\/\/www.sttk.fi\/sv\/wp-json\/wp\/v2\/media?parent=20013"}],"wp:term":[{"taxonomy":"category","embeddable":true,"href":"https:\/\/www.sttk.fi\/sv\/wp-json\/wp\/v2\/categories?post=20013"},{"taxonomy":"subject","embeddable":true,"href":"https:\/\/www.sttk.fi\/sv\/wp-json\/wp\/v2\/subject?post=20013"}],"curies":[{"name":"wp","href":"https:\/\/api.w.org\/{rel}","templated":true}]}}