{"id":17021,"date":"2018-12-03T13:33:34","date_gmt":"2018-12-03T11:33:34","guid":{"rendered":"https:\/\/sttk.qa.web-veistamo.fi\/?p=17021"},"modified":"2018-12-03T13:33:34","modified_gmt":"2018-12-03T11:33:34","slug":"lontagarnas-centralorganisationer-hallbart-arbete-och-hallbara-naringar-bor-beaktas-i-klimatforandringen","status":"publish","type":"post","link":"https:\/\/www.sttk.fi\/sv\/2018\/12\/03\/lontagarnas-centralorganisationer-hallbart-arbete-och-hallbara-naringar-bor-beaktas-i-klimatforandringen\/","title":{"rendered":"L\u00f6ntagarnas centralorganisationer: H\u00e5llbart arbete och h\u00e5llbara n\u00e4ringar b\u00f6r beaktas i klimatf\u00f6r\u00e4ndringen"},"content":{"rendered":"<p>FN:s klimatm\u00f6te inleddes den 2 december i Katowice i Polen. M\u00e5let \u00e4r bland annat att slutf\u00f6ra f\u00f6rhandlingarna om Parisavtalets regelverk, enligt vilket de avtalsenliga nationella \u00e5tg\u00e4rderna kommer att bed\u00f6mas.<\/p>\n<p>I dag p\u00e5 klimatm\u00f6tets \u00f6ppningsdag antas en deklaration (Just Transition Declaration) d\u00e4r parterna i FN:s klimatavtal uttrycker sin gemensamma syn p\u00e5 behovet av att f\u00f6rnya ekonomin, minska utsl\u00e4ppen och anpassa sig till klimatf\u00f6r\u00e4ndringen. \u00d6verg\u00e5ngen b\u00f6r vara r\u00e4ttvis mot arbetskraften, uppkomsten av h\u00e5llbarare n\u00e4ringar b\u00f6r st\u00f6das och arbetet g\u00f6ras h\u00e5llbarare.<\/p>\n<p>\u2013 Det \u00e4r \u00e4nnu viktigare \u00e4n tidigare f\u00f6r l\u00f6ntagarna att bek\u00e4mpa klimatf\u00f6r\u00e4ndringen och anpassa sig till den. Forskningen ger oss st\u00e4ndigt b\u00e4ttre information om klimatf\u00f6r\u00e4ndringens ekonomiska effekter. Det \u00e4r fint att stats\u00f6verhuvudena i deklarationen f\u00f6rbinder sig till att beakta den m\u00e4nskliga sidan av klimatf\u00f6r\u00e4ndringen och st\u00e4rker arbetstagarnas delaktighet i kampen mot och anpassningen till klimatf\u00f6r\u00e4ndringen, s\u00e4ger Akavas ansvariga jurist Vesa Vuorenkoski.<\/p>\n<p>Vuorenkoski deltar i FN:s klimatm\u00f6te i Katowice som medlem av den finl\u00e4ndska delegationen.<\/p>\n<p>\u2013 Den f\u00f6r\u00e4ndring av det ekonomiska systemet som beh\u00f6vs f\u00f6r att stoppa klimatf\u00f6r\u00e4ndringen har st\u00f6rst chanser att lyckas om alla st\u00f6der den. Klimatpolitiken b\u00f6r b\u00e5de trygga arbetstagarnas f\u00f6rs\u00f6rjning och s\u00e4kerst\u00e4lla att h\u00f6gkvalitativa arbetsplatser uppst\u00e5r. Man m\u00e5ste reagera p\u00e5 f\u00f6rhand p\u00e5 eventuella negativa syssels\u00e4ttningseffekter och skapa en v\u00e4g f\u00f6r arbetstagarna till nytt arbete bland annat genom att g\u00f6ra det m\u00f6jligt f\u00f6r dem att uppdatera sin kompetens redan under anst\u00e4llningsf\u00f6rh\u00e5llandet, s\u00e4ger Pia Bj\u00f6rkbacka som \u00e4r internationell expert p\u00e5 FFC.<\/p>\n<p>Bj\u00f6rkbacka deltar i FN:s klimatm\u00f6te som medlem av fackliga v\u00e4rldsfederationens delegation.<\/p>\n<p>\u2013 Att bromsa klimatf\u00f6r\u00e4ndringen som en del av Agenda2030-m\u00e5len \u00e4r en bra grund f\u00f6r hela den samh\u00e4llspolitiska riktningen och b\u00f6r synas i regeringarnas konkreta \u00e5tg\u00e4rder. Klimatf\u00f6r\u00e4ndringen ber\u00f6r alla branscher och deras anst\u00e4llda, f\u00f6rst av alla de arbetsplatser som utnyttjar fossila r\u00e5varor. Utbildningssystemet och s\u00e4rskilt utbildningen av m\u00e4nniskor i arbetslivet m\u00e5ste byggas upp enligt framtidens utmaningar och inneh\u00e5llet och processerna m\u00e5ste ses \u00f6ver s\u00e5 att de integreras i kompetensutvecklingen p\u00e5 arbetsplatserna, s\u00e4ger Leila Kurki, arbetslivs- och innovationsspecialist p\u00e5 FTFC.<\/p>\n","protected":false},"excerpt":{"rendered":"FN:s klimatm\u00f6te inleddes den 2 december i Katowice i Polen. M\u00e5let \u00e4r bland annat att slutf\u00f6ra f\u00f6rhandlingarna om&#8230; ","protected":false},"author":17,"featured_media":17018,"comment_status":"closed","ping_status":"closed","sticky":false,"template":"","format":"standard","meta":{"_acf_changed":false,"lead_paragraph":"","footnotes":""},"categories":[135],"subject":[312],"class_list":["post-17021","post","type-post","status-publish","format-standard","has-post-thumbnail","hentry","category-pressmeddelande","subject-klimatforandring"],"acf":{"lead_paragraph":""},"yoast_head":"<!-- This site is optimized with the Yoast SEO plugin v27.4 - https:\/\/yoast.com\/product\/yoast-seo-wordpress\/ -->\n<title>H\u00e5llbart arbete och h\u00e5llbara n\u00e4ringar b\u00f6r beaktas i klimatf\u00f6r\u00e4ndringen<\/title>\n<meta name=\"robots\" content=\"index, follow, max-snippet:-1, max-image-preview:large, max-video-preview:-1\" \/>\n<link rel=\"canonical\" href=\"https:\/\/www.sttk.fi\/sv\/2018\/12\/03\/lontagarnas-centralorganisationer-hallbart-arbete-och-hallbara-naringar-bor-beaktas-i-klimatforandringen\/\" \/>\n<meta property=\"og:locale\" content=\"sv_SE\" \/>\n<meta property=\"og:type\" content=\"article\" \/>\n<meta property=\"og:title\" content=\"H\u00e5llbart arbete och h\u00e5llbara n\u00e4ringar b\u00f6r beaktas i klimatf\u00f6r\u00e4ndringen\" \/>\n<meta property=\"og:description\" content=\"FN:s klimatm\u00f6te inleddes den 2 december i Katowice i Polen. M\u00e5let \u00e4r bland annat att slutf\u00f6ra f\u00f6rhandlingarna om...\" \/>\n<meta property=\"og:url\" content=\"https:\/\/www.sttk.fi\/sv\/2018\/12\/03\/lontagarnas-centralorganisationer-hallbart-arbete-och-hallbara-naringar-bor-beaktas-i-klimatforandringen\/\" \/>\n<meta property=\"og:site_name\" content=\"STTK\" \/>\n<meta property=\"article:publisher\" content=\"https:\/\/www.facebook.com\/#%21%2fKeskusjarjestoSTTK\" \/>\n<meta property=\"article:published_time\" content=\"2018-12-03T11:33:34+00:00\" \/>\n<meta property=\"og:image\" content=\"https:\/\/www.sttk.fi\/wp-content\/uploads\/sites\/2\/2018\/12\/ilmastonmuutos.jpg\" \/>\n\t<meta property=\"og:image:width\" content=\"1200\" \/>\n\t<meta property=\"og:image:height\" content=\"801\" \/>\n\t<meta property=\"og:image:type\" content=\"image\/jpeg\" \/>\n<meta name=\"twitter:card\" content=\"summary_large_image\" \/>\n<meta name=\"twitter:creator\" content=\"@STTKMikonkatu\" \/>\n<meta name=\"twitter:site\" content=\"@STTKMikonkatu\" \/>\n<meta name=\"twitter:label1\" content=\"Written by\" \/>\n\t<meta name=\"twitter:data1\" content=\"\" \/>\n\t<meta name=\"twitter:label2\" content=\"Est. reading time\" \/>\n\t<meta name=\"twitter:data2\" content=\"2 minuter\" \/>\n<script type=\"application\/ld+json\" class=\"yoast-schema-graph\">{\"@context\":\"https:\\\/\\\/schema.org\",\"@graph\":[{\"@type\":\"Article\",\"@id\":\"https:\\\/\\\/www.sttk.fi\\\/sv\\\/2018\\\/12\\\/03\\\/lontagarnas-centralorganisationer-hallbart-arbete-och-hallbara-naringar-bor-beaktas-i-klimatforandringen\\\/#article\",\"isPartOf\":{\"@id\":\"https:\\\/\\\/www.sttk.fi\\\/sv\\\/2018\\\/12\\\/03\\\/lontagarnas-centralorganisationer-hallbart-arbete-och-hallbara-naringar-bor-beaktas-i-klimatforandringen\\\/\"},\"author\":{\"name\":\"\",\"@id\":\"\"},\"headline\":\"L\u00f6ntagarnas centralorganisationer: H\u00e5llbart arbete och h\u00e5llbara n\u00e4ringar b\u00f6r beaktas i klimatf\u00f6r\u00e4ndringen\",\"datePublished\":\"2018-12-03T11:33:34+00:00\",\"mainEntityOfPage\":{\"@id\":\"https:\\\/\\\/www.sttk.fi\\\/sv\\\/2018\\\/12\\\/03\\\/lontagarnas-centralorganisationer-hallbart-arbete-och-hallbara-naringar-bor-beaktas-i-klimatforandringen\\\/\"},\"wordCount\":429,\"publisher\":{\"@id\":\"https:\\\/\\\/www.sttk.fi\\\/#organization\"},\"image\":{\"@id\":\"https:\\\/\\\/www.sttk.fi\\\/sv\\\/2018\\\/12\\\/03\\\/lontagarnas-centralorganisationer-hallbart-arbete-och-hallbara-naringar-bor-beaktas-i-klimatforandringen\\\/#primaryimage\"},\"thumbnailUrl\":\"https:\\\/\\\/www.sttk.fi\\\/wp-content\\\/uploads\\\/sites\\\/2\\\/2018\\\/12\\\/ilmastonmuutos.jpg\",\"articleSection\":[\"Pressmeddelande\"],\"inLanguage\":\"sv-SE\"},{\"@type\":\"WebPage\",\"@id\":\"https:\\\/\\\/www.sttk.fi\\\/sv\\\/2018\\\/12\\\/03\\\/lontagarnas-centralorganisationer-hallbart-arbete-och-hallbara-naringar-bor-beaktas-i-klimatforandringen\\\/\",\"url\":\"https:\\\/\\\/www.sttk.fi\\\/sv\\\/2018\\\/12\\\/03\\\/lontagarnas-centralorganisationer-hallbart-arbete-och-hallbara-naringar-bor-beaktas-i-klimatforandringen\\\/\",\"name\":\"H\u00e5llbart arbete och h\u00e5llbara n\u00e4ringar b\u00f6r beaktas i klimatf\u00f6r\u00e4ndringen\",\"isPartOf\":{\"@id\":\"https:\\\/\\\/www.sttk.fi\\\/#website\"},\"primaryImageOfPage\":{\"@id\":\"https:\\\/\\\/www.sttk.fi\\\/sv\\\/2018\\\/12\\\/03\\\/lontagarnas-centralorganisationer-hallbart-arbete-och-hallbara-naringar-bor-beaktas-i-klimatforandringen\\\/#primaryimage\"},\"image\":{\"@id\":\"https:\\\/\\\/www.sttk.fi\\\/sv\\\/2018\\\/12\\\/03\\\/lontagarnas-centralorganisationer-hallbart-arbete-och-hallbara-naringar-bor-beaktas-i-klimatforandringen\\\/#primaryimage\"},\"thumbnailUrl\":\"https:\\\/\\\/www.sttk.fi\\\/wp-content\\\/uploads\\\/sites\\\/2\\\/2018\\\/12\\\/ilmastonmuutos.jpg\",\"datePublished\":\"2018-12-03T11:33:34+00:00\",\"breadcrumb\":{\"@id\":\"https:\\\/\\\/www.sttk.fi\\\/sv\\\/2018\\\/12\\\/03\\\/lontagarnas-centralorganisationer-hallbart-arbete-och-hallbara-naringar-bor-beaktas-i-klimatforandringen\\\/#breadcrumb\"},\"inLanguage\":\"sv-SE\",\"potentialAction\":[{\"@type\":\"ReadAction\",\"target\":[\"https:\\\/\\\/www.sttk.fi\\\/sv\\\/2018\\\/12\\\/03\\\/lontagarnas-centralorganisationer-hallbart-arbete-och-hallbara-naringar-bor-beaktas-i-klimatforandringen\\\/\"]}]},{\"@type\":\"ImageObject\",\"inLanguage\":\"sv-SE\",\"@id\":\"https:\\\/\\\/www.sttk.fi\\\/sv\\\/2018\\\/12\\\/03\\\/lontagarnas-centralorganisationer-hallbart-arbete-och-hallbara-naringar-bor-beaktas-i-klimatforandringen\\\/#primaryimage\",\"url\":\"https:\\\/\\\/www.sttk.fi\\\/wp-content\\\/uploads\\\/sites\\\/2\\\/2018\\\/12\\\/ilmastonmuutos.jpg\",\"contentUrl\":\"https:\\\/\\\/www.sttk.fi\\\/wp-content\\\/uploads\\\/sites\\\/2\\\/2018\\\/12\\\/ilmastonmuutos.jpg\",\"width\":1200,\"height\":801,\"caption\":\"Lapsia puhtaassa luonnossa\"},{\"@type\":\"BreadcrumbList\",\"@id\":\"https:\\\/\\\/www.sttk.fi\\\/sv\\\/2018\\\/12\\\/03\\\/lontagarnas-centralorganisationer-hallbart-arbete-och-hallbara-naringar-bor-beaktas-i-klimatforandringen\\\/#breadcrumb\",\"itemListElement\":[{\"@type\":\"ListItem\",\"position\":1,\"name\":\"Home\",\"item\":\"https:\\\/\\\/www.sttk.fi\\\/sv\\\/\"},{\"@type\":\"ListItem\",\"position\":2,\"name\":\"L\u00f6ntagarnas centralorganisationer: H\u00e5llbart arbete och h\u00e5llbara n\u00e4ringar b\u00f6r beaktas i klimatf\u00f6r\u00e4ndringen\"}]},{\"@type\":\"WebSite\",\"@id\":\"https:\\\/\\\/www.sttk.fi\\\/#website\",\"url\":\"https:\\\/\\\/www.sttk.fi\\\/\",\"name\":\"STTK\",\"description\":\"\",\"publisher\":{\"@id\":\"https:\\\/\\\/www.sttk.fi\\\/#organization\"},\"potentialAction\":[{\"@type\":\"SearchAction\",\"target\":{\"@type\":\"EntryPoint\",\"urlTemplate\":\"https:\\\/\\\/www.sttk.fi\\\/?s={search_term_string}\"},\"query-input\":{\"@type\":\"PropertyValueSpecification\",\"valueRequired\":true,\"valueName\":\"search_term_string\"}}],\"inLanguage\":\"sv-SE\"},{\"@type\":\"Organization\",\"@id\":\"https:\\\/\\\/www.sttk.fi\\\/#organization\",\"name\":\"STTK\",\"url\":\"https:\\\/\\\/www.sttk.fi\\\/\",\"logo\":{\"@type\":\"ImageObject\",\"inLanguage\":\"sv-SE\",\"@id\":\"https:\\\/\\\/www.sttk.fi\\\/#\\\/schema\\\/logo\\\/image\\\/\",\"url\":\"https:\\\/\\\/www.sttk.fi\\\/wp-content\\\/uploads\\\/sites\\\/2\\\/2025\\\/12\\\/vector3.svg\",\"contentUrl\":\"https:\\\/\\\/www.sttk.fi\\\/wp-content\\\/uploads\\\/sites\\\/2\\\/2025\\\/12\\\/vector3.svg\",\"caption\":\"STTK\"},\"image\":{\"@id\":\"https:\\\/\\\/www.sttk.fi\\\/#\\\/schema\\\/logo\\\/image\\\/\"},\"sameAs\":[\"https:\\\/\\\/www.facebook.com\\\/#!\\\/KeskusjarjestoSTTK\",\"https:\\\/\\\/x.com\\\/STTKMikonkatu\",\"http:\\\/\\\/www.youtube.com\\\/user\\\/protoimihenkilot\"]},{\"@type\":\"Person\",\"@id\":\"\",\"url\":\"https:\\\/\\\/www.sttk.fi\\\/sv\\\/author\\\/\"}]}<\/script>\n<!-- \/ Yoast SEO plugin. -->","yoast_head_json":{"title":"H\u00e5llbart arbete och h\u00e5llbara n\u00e4ringar b\u00f6r beaktas i klimatf\u00f6r\u00e4ndringen","robots":{"index":"index","follow":"follow","max-snippet":"max-snippet:-1","max-image-preview":"max-image-preview:large","max-video-preview":"max-video-preview:-1"},"canonical":"https:\/\/www.sttk.fi\/sv\/2018\/12\/03\/lontagarnas-centralorganisationer-hallbart-arbete-och-hallbara-naringar-bor-beaktas-i-klimatforandringen\/","og_locale":"sv_SE","og_type":"article","og_title":"H\u00e5llbart arbete och h\u00e5llbara n\u00e4ringar b\u00f6r beaktas i klimatf\u00f6r\u00e4ndringen","og_description":"FN:s klimatm\u00f6te inleddes den 2 december i Katowice i Polen. M\u00e5let \u00e4r bland annat att slutf\u00f6ra f\u00f6rhandlingarna om...","og_url":"https:\/\/www.sttk.fi\/sv\/2018\/12\/03\/lontagarnas-centralorganisationer-hallbart-arbete-och-hallbara-naringar-bor-beaktas-i-klimatforandringen\/","og_site_name":"STTK","article_publisher":"https:\/\/www.facebook.com\/#%21%2fKeskusjarjestoSTTK","article_published_time":"2018-12-03T11:33:34+00:00","og_image":[{"width":1200,"height":801,"url":"https:\/\/www.sttk.fi\/wp-content\/uploads\/sites\/2\/2018\/12\/ilmastonmuutos.jpg","type":"image\/jpeg"}],"twitter_card":"summary_large_image","twitter_creator":"@STTKMikonkatu","twitter_site":"@STTKMikonkatu","twitter_misc":{"Written by":"","Est. reading time":"2 minuter"},"schema":{"@context":"https:\/\/schema.org","@graph":[{"@type":"Article","@id":"https:\/\/www.sttk.fi\/sv\/2018\/12\/03\/lontagarnas-centralorganisationer-hallbart-arbete-och-hallbara-naringar-bor-beaktas-i-klimatforandringen\/#article","isPartOf":{"@id":"https:\/\/www.sttk.fi\/sv\/2018\/12\/03\/lontagarnas-centralorganisationer-hallbart-arbete-och-hallbara-naringar-bor-beaktas-i-klimatforandringen\/"},"author":{"name":"","@id":""},"headline":"L\u00f6ntagarnas centralorganisationer: H\u00e5llbart arbete och h\u00e5llbara n\u00e4ringar b\u00f6r beaktas i klimatf\u00f6r\u00e4ndringen","datePublished":"2018-12-03T11:33:34+00:00","mainEntityOfPage":{"@id":"https:\/\/www.sttk.fi\/sv\/2018\/12\/03\/lontagarnas-centralorganisationer-hallbart-arbete-och-hallbara-naringar-bor-beaktas-i-klimatforandringen\/"},"wordCount":429,"publisher":{"@id":"https:\/\/www.sttk.fi\/#organization"},"image":{"@id":"https:\/\/www.sttk.fi\/sv\/2018\/12\/03\/lontagarnas-centralorganisationer-hallbart-arbete-och-hallbara-naringar-bor-beaktas-i-klimatforandringen\/#primaryimage"},"thumbnailUrl":"https:\/\/www.sttk.fi\/wp-content\/uploads\/sites\/2\/2018\/12\/ilmastonmuutos.jpg","articleSection":["Pressmeddelande"],"inLanguage":"sv-SE"},{"@type":"WebPage","@id":"https:\/\/www.sttk.fi\/sv\/2018\/12\/03\/lontagarnas-centralorganisationer-hallbart-arbete-och-hallbara-naringar-bor-beaktas-i-klimatforandringen\/","url":"https:\/\/www.sttk.fi\/sv\/2018\/12\/03\/lontagarnas-centralorganisationer-hallbart-arbete-och-hallbara-naringar-bor-beaktas-i-klimatforandringen\/","name":"H\u00e5llbart arbete och h\u00e5llbara n\u00e4ringar b\u00f6r beaktas i klimatf\u00f6r\u00e4ndringen","isPartOf":{"@id":"https:\/\/www.sttk.fi\/#website"},"primaryImageOfPage":{"@id":"https:\/\/www.sttk.fi\/sv\/2018\/12\/03\/lontagarnas-centralorganisationer-hallbart-arbete-och-hallbara-naringar-bor-beaktas-i-klimatforandringen\/#primaryimage"},"image":{"@id":"https:\/\/www.sttk.fi\/sv\/2018\/12\/03\/lontagarnas-centralorganisationer-hallbart-arbete-och-hallbara-naringar-bor-beaktas-i-klimatforandringen\/#primaryimage"},"thumbnailUrl":"https:\/\/www.sttk.fi\/wp-content\/uploads\/sites\/2\/2018\/12\/ilmastonmuutos.jpg","datePublished":"2018-12-03T11:33:34+00:00","breadcrumb":{"@id":"https:\/\/www.sttk.fi\/sv\/2018\/12\/03\/lontagarnas-centralorganisationer-hallbart-arbete-och-hallbara-naringar-bor-beaktas-i-klimatforandringen\/#breadcrumb"},"inLanguage":"sv-SE","potentialAction":[{"@type":"ReadAction","target":["https:\/\/www.sttk.fi\/sv\/2018\/12\/03\/lontagarnas-centralorganisationer-hallbart-arbete-och-hallbara-naringar-bor-beaktas-i-klimatforandringen\/"]}]},{"@type":"ImageObject","inLanguage":"sv-SE","@id":"https:\/\/www.sttk.fi\/sv\/2018\/12\/03\/lontagarnas-centralorganisationer-hallbart-arbete-och-hallbara-naringar-bor-beaktas-i-klimatforandringen\/#primaryimage","url":"https:\/\/www.sttk.fi\/wp-content\/uploads\/sites\/2\/2018\/12\/ilmastonmuutos.jpg","contentUrl":"https:\/\/www.sttk.fi\/wp-content\/uploads\/sites\/2\/2018\/12\/ilmastonmuutos.jpg","width":1200,"height":801,"caption":"Lapsia puhtaassa luonnossa"},{"@type":"BreadcrumbList","@id":"https:\/\/www.sttk.fi\/sv\/2018\/12\/03\/lontagarnas-centralorganisationer-hallbart-arbete-och-hallbara-naringar-bor-beaktas-i-klimatforandringen\/#breadcrumb","itemListElement":[{"@type":"ListItem","position":1,"name":"Home","item":"https:\/\/www.sttk.fi\/sv\/"},{"@type":"ListItem","position":2,"name":"L\u00f6ntagarnas centralorganisationer: H\u00e5llbart arbete och h\u00e5llbara n\u00e4ringar b\u00f6r beaktas i klimatf\u00f6r\u00e4ndringen"}]},{"@type":"WebSite","@id":"https:\/\/www.sttk.fi\/#website","url":"https:\/\/www.sttk.fi\/","name":"STTK","description":"","publisher":{"@id":"https:\/\/www.sttk.fi\/#organization"},"potentialAction":[{"@type":"SearchAction","target":{"@type":"EntryPoint","urlTemplate":"https:\/\/www.sttk.fi\/?s={search_term_string}"},"query-input":{"@type":"PropertyValueSpecification","valueRequired":true,"valueName":"search_term_string"}}],"inLanguage":"sv-SE"},{"@type":"Organization","@id":"https:\/\/www.sttk.fi\/#organization","name":"STTK","url":"https:\/\/www.sttk.fi\/","logo":{"@type":"ImageObject","inLanguage":"sv-SE","@id":"https:\/\/www.sttk.fi\/#\/schema\/logo\/image\/","url":"https:\/\/www.sttk.fi\/wp-content\/uploads\/sites\/2\/2025\/12\/vector3.svg","contentUrl":"https:\/\/www.sttk.fi\/wp-content\/uploads\/sites\/2\/2025\/12\/vector3.svg","caption":"STTK"},"image":{"@id":"https:\/\/www.sttk.fi\/#\/schema\/logo\/image\/"},"sameAs":["https:\/\/www.facebook.com\/#!\/KeskusjarjestoSTTK","https:\/\/x.com\/STTKMikonkatu","http:\/\/www.youtube.com\/user\/protoimihenkilot"]},{"@type":"Person","@id":"","url":"https:\/\/www.sttk.fi\/sv\/author\/"}]}},"_links":{"self":[{"href":"https:\/\/www.sttk.fi\/sv\/wp-json\/wp\/v2\/posts\/17021","targetHints":{"allow":["GET"]}}],"collection":[{"href":"https:\/\/www.sttk.fi\/sv\/wp-json\/wp\/v2\/posts"}],"about":[{"href":"https:\/\/www.sttk.fi\/sv\/wp-json\/wp\/v2\/types\/post"}],"author":[{"embeddable":true,"href":"https:\/\/www.sttk.fi\/sv\/wp-json\/wp\/v2\/users\/17"}],"replies":[{"embeddable":true,"href":"https:\/\/www.sttk.fi\/sv\/wp-json\/wp\/v2\/comments?post=17021"}],"version-history":[{"count":1,"href":"https:\/\/www.sttk.fi\/sv\/wp-json\/wp\/v2\/posts\/17021\/revisions"}],"predecessor-version":[{"id":17022,"href":"https:\/\/www.sttk.fi\/sv\/wp-json\/wp\/v2\/posts\/17021\/revisions\/17022"}],"wp:featuredmedia":[{"embeddable":true,"href":"https:\/\/www.sttk.fi\/sv\/wp-json\/wp\/v2\/media\/17018"}],"wp:attachment":[{"href":"https:\/\/www.sttk.fi\/sv\/wp-json\/wp\/v2\/media?parent=17021"}],"wp:term":[{"taxonomy":"category","embeddable":true,"href":"https:\/\/www.sttk.fi\/sv\/wp-json\/wp\/v2\/categories?post=17021"},{"taxonomy":"subject","embeddable":true,"href":"https:\/\/www.sttk.fi\/sv\/wp-json\/wp\/v2\/subject?post=17021"}],"curies":[{"name":"wp","href":"https:\/\/api.w.org\/{rel}","templated":true}]}}