{"id":11206,"date":"2016-11-28T12:25:39","date_gmt":"2016-11-28T10:25:39","guid":{"rendered":"http:\/\/sttk.qa.web-veistamo.fi\/sv\/?p=11206"},"modified":"2016-11-28T12:25:39","modified_gmt":"2016-11-28T10:25:39","slug":"enkat-majoriteten-av-medborgarna-motsatter-sig-privatisering-av-produktionen-av-offentliga-tjanster","status":"publish","type":"post","link":"https:\/\/www.sttk.fi\/sv\/2016\/11\/28\/enkat-majoriteten-av-medborgarna-motsatter-sig-privatisering-av-produktionen-av-offentliga-tjanster\/","title":{"rendered":"Enk\u00e4t: Majoriteten av medborgarna mots\u00e4tter sig en privatisering av produktionen av offentliga tj\u00e4nster"},"content":{"rendered":"<p><strong>L\u00f6ntagarorganisationen Pardias ordf\u00f6rande Niko Simola anser att det huvudsakliga ansvaret f\u00f6r tj\u00e4nsteproduktionen i social- och h\u00e4lsov\u00e5rdsreformen och landskapsreformen ska ligga hos den offentliga sektorn som kompletteras av den privata och av den tredje sektorn. <\/strong><\/p>\n<p>&#8211; Tj\u00e4nsteinnehavarna fattar myndighetsbeslut med tj\u00e4nsteansvar och s\u00e5 ska det vara \u00e4ven i forts\u00e4ttningen, sade Simola p\u00e5 L\u00f6ntagarorganisationen Pardias representantm\u00f6te 23.11. i Helsingfors.<\/p>\n<p>Finlands regering planerar att genomf\u00f6ra en omfattande reform av social- och h\u00e4lsov\u00e5rdstj\u00e4nsterna och en landskapsreform. I samband med reformerna \u00e4r avsikten att ut\u00f6ka den privata sektorns roll som producent av offentliga tj\u00e4nster bland annat inom social- och h\u00e4lsov\u00e5rdstj\u00e4nster och inom arbetskrafts- och arbetsf\u00f6rmedlingstj\u00e4nster.<\/p>\n<p>Av medborgarna f\u00f6rh\u00e5ller sig 51 procent negativt och 39 procent positivt till en privatisering av de offentliga tj\u00e4nsterna, framg\u00e5r det av en unders\u00f6kning som Pardia l\u00e5tit utf\u00f6ra. I unders\u00f6kningen utreddes medborgarnas inst\u00e4llning till privatisering av produktionen av offentliga tj\u00e4nster och vilka effekter privatisering har p\u00e5 de offentliga tj\u00e4nsterna.<\/p>\n<p>Den positivaste inst\u00e4llningen till privatisering har f\u00f6retagare (58 %), tj\u00e4nstem\u00e4n (45 %) och pension\u00e4rer (42 %). Privatiseringen fick ett l\u00e4gre st\u00f6d hos arbetstagare (31 %), studerande (31 %) och arbetsl\u00f6sa (25 %). Underst\u00f6det \u00e4r tydligt mindre i Norra Finland (31 %) \u00e4n i de \u00f6vriga regionerna.<\/p>\n<p><strong>Inga spar\u00e5tg\u00e4rder p\u00e5 bekostnad av tj\u00e4nster <\/strong><\/p>\n<p>&#8211; Ett av regeringens viktigaste motiv f\u00f6r privatisering av produktionen av offentliga tj\u00e4nster \u00e4r besparingar i kostnaderna f\u00f6r tj\u00e4nsterna. I v\u00e5r unders\u00f6kning f\u00f6rh\u00e5ller sig medborgarna skeptiskt till uppkomsten av kostnadsbesparingar, s\u00e4ger Simola.<\/p>\n<p>Av medborgarna tror 48 procent inte att privatisering medf\u00f6r kostnadsbesparingar, 37 procent tror att privatisering medf\u00f6r kostnadsbesparingar och 14 procent vet inte vad de anser om saken. Det \u00e4r endast en st\u00f6rre del av de studerande och f\u00f6retagarna som litar p\u00e5 att det uppst\u00e5r kostnadsbesparingar.<\/p>\n<p>&#8211; Privata akt\u00f6rer har som m\u00e5l att generera vinst p\u00e5 det sysselsatta kapitalet och till sina \u00e4gare och d\u00e4rf\u00f6r \u00e4r det sv\u00e5rt att se var det kan uppst\u00e5 besparingar. Det \u00e4r viktigt att man inte f\u00f6rs\u00f6ker uppn\u00e5 kostnadsbesparingar endast genom att f\u00f6rs\u00e4mra villkoren f\u00f6r de anst\u00e4lldas anst\u00e4llningsf\u00f6rh\u00e5llande eller genom att ge avkall p\u00e5 tj\u00e4nsternas kvalitet.<\/p>\n<p><strong>Tillg\u00e5ngen till tj\u00e4nster \u00e4r viktig<\/strong><\/p>\n<p>&#8211; Medborgarna \u00e4r r\u00e4dda f\u00f6r att en privatisering av produktionen av offentliga tj\u00e4nster ska f\u00f6rs\u00e4mra en j\u00e4mlik tillg\u00e5ng till tj\u00e4nsterna och \u00e4ven \u00f6ppenheten hos och \u00f6vervakningen av tj\u00e4nsterna.<\/p>\n<p>Inte mindre \u00e4n h\u00e4lften (50 %) av medborgarna tror att en j\u00e4mlik tillg\u00e5ng till tj\u00e4nster blir s\u00e4mre som en f\u00f6ljd av privatisering. Av medborgarna uppskattade 16 procent att privatisering av produktionen av offentliga tj\u00e4nster f\u00f6rb\u00e4ttrar en j\u00e4mlik tillg\u00e5ng till tj\u00e4nster, 18 procent trodde inte att privatisering inverkar p\u00e5 tillg\u00e5ngen och 17 procent uppgav inte sin \u00e5sikt.<\/p>\n<p>Den st\u00f6rsta tron p\u00e5 en f\u00f6rb\u00e4ttrad j\u00e4mlik tillg\u00e5ng har f\u00f6retagare (27 %), tj\u00e4nstem\u00e4n (19 %) och pension\u00e4rer (18 %) medan den minsta tron uppvisas av arbetsl\u00f6sa (10 %), arbetstagare (9 %) och studerande (9 %). I s\u00f6dra Finland (19 %) och i kommuner med \u00f6ver 100\u00a0000 inv\u00e5nare (18 %) och kommuner med mindre \u00e4n 10\u00a0000 inv\u00e5nare har man en starkare tro p\u00e5 en f\u00f6rb\u00e4ttring.<\/p>\n<p>&#8211; Statens tj\u00e4nster, exempelvis h\u00f6gklassiga arbetskrafts- och arbetsf\u00f6rmedlingstj\u00e4nster, ska s\u00e4kerst\u00e4llas j\u00e4mlikt i hela landet oberoende av boningsort.<\/p>\n<p>Simola anser att regeringen b\u00f6r utv\u00e4rdera p\u00e5 nytt en privatisering av tj\u00e4nsteproduktionen. Fr\u00e5gan om huruvida uppgifterna sk\u00f6ts f\u00f6r det allm\u00e4nna b\u00e4sta eller i grund och botten i vinstsyfte \u00e4r inte utan betydelse.<\/p>\n<p><em>Aula Research Oy genomf\u00f6rde p\u00e5 uppdrag av L\u00f6ntagarorganisationen Pardia en enk\u00e4t om medborgarnas inst\u00e4llning till en privatisering av produktionen av offentliga tj\u00e4nster. Unders\u00f6kningsmaterialet insamlades 10\u201316.11.2016 med en elektronisk fr\u00e5geblankett. P\u00e5 enk\u00e4ten svarade 1\u00a0187 personer som representerar myndiga finl\u00e4ndare v\u00e4gda enligt \u00e5lder och k\u00f6n och kvoterade enligt landskap. Resultatet har en felmarginal p\u00e5 cirka 3 procentenheter p\u00e5 en konfidensniv\u00e5 av 95 %.<\/em><\/p>\n","protected":false},"excerpt":{"rendered":"L\u00f6ntagarorganisationen Pardias ordf\u00f6rande Niko Simola anser att det huvudsakliga ansvaret f\u00f6r tj\u00e4nsteproduktionen i social- och h\u00e4lsov\u00e5rdsreformen och landskapsreformen&#8230; ","protected":false},"author":17,"featured_media":0,"comment_status":"open","ping_status":"open","sticky":false,"template":"","format":"standard","meta":{"_acf_changed":false,"lead_paragraph":"","footnotes":""},"categories":[190],"subject":[],"class_list":["post-11206","post","type-post","status-publish","format-standard","hentry","category-fackforbunds-meddelande"],"acf":{"lead_paragraph":""},"yoast_head":"<!-- This site is optimized with the Yoast SEO plugin v27.4 - https:\/\/yoast.com\/product\/yoast-seo-wordpress\/ -->\n<title>Enk\u00e4t: Majoriteten av medborgarna mots\u00e4tter sig en privatisering av produktionen av offentliga tj\u00e4nster - STTK<\/title>\n<meta name=\"robots\" content=\"index, follow, max-snippet:-1, max-image-preview:large, max-video-preview:-1\" \/>\n<link rel=\"canonical\" href=\"https:\/\/www.sttk.fi\/sv\/2016\/11\/28\/enkat-majoriteten-av-medborgarna-motsatter-sig-privatisering-av-produktionen-av-offentliga-tjanster\/\" \/>\n<meta property=\"og:locale\" content=\"sv_SE\" \/>\n<meta property=\"og:type\" content=\"article\" \/>\n<meta property=\"og:title\" content=\"Enk\u00e4t: Majoriteten av medborgarna mots\u00e4tter sig en privatisering av produktionen av offentliga tj\u00e4nster - STTK\" \/>\n<meta property=\"og:description\" content=\"L\u00f6ntagarorganisationen Pardias ordf\u00f6rande Niko Simola anser att det huvudsakliga ansvaret f\u00f6r tj\u00e4nsteproduktionen i social- och h\u00e4lsov\u00e5rdsreformen och landskapsreformen...\" \/>\n<meta property=\"og:url\" content=\"https:\/\/www.sttk.fi\/sv\/2016\/11\/28\/enkat-majoriteten-av-medborgarna-motsatter-sig-privatisering-av-produktionen-av-offentliga-tjanster\/\" \/>\n<meta property=\"og:site_name\" content=\"STTK\" \/>\n<meta property=\"article:publisher\" content=\"https:\/\/www.facebook.com\/#%21%2fKeskusjarjestoSTTK\" \/>\n<meta property=\"article:published_time\" content=\"2016-11-28T10:25:39+00:00\" \/>\n<meta property=\"og:image\" content=\"https:\/\/www.sttk.fi\/wp-content\/uploads\/sites\/2\/2020\/08\/some-logo.png\" \/>\n\t<meta property=\"og:image:width\" content=\"1130\" \/>\n\t<meta property=\"og:image:height\" content=\"682\" \/>\n\t<meta property=\"og:image:type\" content=\"image\/png\" \/>\n<meta name=\"twitter:card\" content=\"summary_large_image\" \/>\n<meta name=\"twitter:creator\" content=\"@STTKMikonkatu\" \/>\n<meta name=\"twitter:site\" content=\"@STTKMikonkatu\" \/>\n<meta name=\"twitter:label1\" content=\"Written by\" \/>\n\t<meta name=\"twitter:data1\" content=\"\" \/>\n\t<meta name=\"twitter:label2\" content=\"Est. reading time\" \/>\n\t<meta name=\"twitter:data2\" content=\"3 minuter\" \/>\n<script type=\"application\/ld+json\" class=\"yoast-schema-graph\">{\"@context\":\"https:\\\/\\\/schema.org\",\"@graph\":[{\"@type\":\"Article\",\"@id\":\"https:\\\/\\\/www.sttk.fi\\\/sv\\\/2016\\\/11\\\/28\\\/enkat-majoriteten-av-medborgarna-motsatter-sig-privatisering-av-produktionen-av-offentliga-tjanster\\\/#article\",\"isPartOf\":{\"@id\":\"https:\\\/\\\/www.sttk.fi\\\/sv\\\/2016\\\/11\\\/28\\\/enkat-majoriteten-av-medborgarna-motsatter-sig-privatisering-av-produktionen-av-offentliga-tjanster\\\/\"},\"author\":{\"name\":\"\",\"@id\":\"\"},\"headline\":\"Enk\u00e4t: Majoriteten av medborgarna mots\u00e4tter sig en privatisering av produktionen av offentliga tj\u00e4nster\",\"datePublished\":\"2016-11-28T10:25:39+00:00\",\"mainEntityOfPage\":{\"@id\":\"https:\\\/\\\/www.sttk.fi\\\/sv\\\/2016\\\/11\\\/28\\\/enkat-majoriteten-av-medborgarna-motsatter-sig-privatisering-av-produktionen-av-offentliga-tjanster\\\/\"},\"wordCount\":702,\"commentCount\":0,\"publisher\":{\"@id\":\"https:\\\/\\\/www.sttk.fi\\\/#organization\"},\"articleSection\":[\"Fackf\u00f6rbunds meddelande\"],\"inLanguage\":\"sv-SE\",\"potentialAction\":[{\"@type\":\"CommentAction\",\"name\":\"Comment\",\"target\":[\"https:\\\/\\\/www.sttk.fi\\\/sv\\\/2016\\\/11\\\/28\\\/enkat-majoriteten-av-medborgarna-motsatter-sig-privatisering-av-produktionen-av-offentliga-tjanster\\\/#respond\"]}]},{\"@type\":\"WebPage\",\"@id\":\"https:\\\/\\\/www.sttk.fi\\\/sv\\\/2016\\\/11\\\/28\\\/enkat-majoriteten-av-medborgarna-motsatter-sig-privatisering-av-produktionen-av-offentliga-tjanster\\\/\",\"url\":\"https:\\\/\\\/www.sttk.fi\\\/sv\\\/2016\\\/11\\\/28\\\/enkat-majoriteten-av-medborgarna-motsatter-sig-privatisering-av-produktionen-av-offentliga-tjanster\\\/\",\"name\":\"Enk\u00e4t: Majoriteten av medborgarna mots\u00e4tter sig en privatisering av produktionen av offentliga tj\u00e4nster - STTK\",\"isPartOf\":{\"@id\":\"https:\\\/\\\/www.sttk.fi\\\/#website\"},\"datePublished\":\"2016-11-28T10:25:39+00:00\",\"breadcrumb\":{\"@id\":\"https:\\\/\\\/www.sttk.fi\\\/sv\\\/2016\\\/11\\\/28\\\/enkat-majoriteten-av-medborgarna-motsatter-sig-privatisering-av-produktionen-av-offentliga-tjanster\\\/#breadcrumb\"},\"inLanguage\":\"sv-SE\",\"potentialAction\":[{\"@type\":\"ReadAction\",\"target\":[\"https:\\\/\\\/www.sttk.fi\\\/sv\\\/2016\\\/11\\\/28\\\/enkat-majoriteten-av-medborgarna-motsatter-sig-privatisering-av-produktionen-av-offentliga-tjanster\\\/\"]}]},{\"@type\":\"BreadcrumbList\",\"@id\":\"https:\\\/\\\/www.sttk.fi\\\/sv\\\/2016\\\/11\\\/28\\\/enkat-majoriteten-av-medborgarna-motsatter-sig-privatisering-av-produktionen-av-offentliga-tjanster\\\/#breadcrumb\",\"itemListElement\":[{\"@type\":\"ListItem\",\"position\":1,\"name\":\"Home\",\"item\":\"https:\\\/\\\/www.sttk.fi\\\/sv\\\/\"},{\"@type\":\"ListItem\",\"position\":2,\"name\":\"Enk\u00e4t: Majoriteten av medborgarna mots\u00e4tter sig en privatisering av produktionen av offentliga tj\u00e4nster\"}]},{\"@type\":\"WebSite\",\"@id\":\"https:\\\/\\\/www.sttk.fi\\\/#website\",\"url\":\"https:\\\/\\\/www.sttk.fi\\\/\",\"name\":\"STTK\",\"description\":\"\",\"publisher\":{\"@id\":\"https:\\\/\\\/www.sttk.fi\\\/#organization\"},\"potentialAction\":[{\"@type\":\"SearchAction\",\"target\":{\"@type\":\"EntryPoint\",\"urlTemplate\":\"https:\\\/\\\/www.sttk.fi\\\/?s={search_term_string}\"},\"query-input\":{\"@type\":\"PropertyValueSpecification\",\"valueRequired\":true,\"valueName\":\"search_term_string\"}}],\"inLanguage\":\"sv-SE\"},{\"@type\":\"Organization\",\"@id\":\"https:\\\/\\\/www.sttk.fi\\\/#organization\",\"name\":\"STTK\",\"url\":\"https:\\\/\\\/www.sttk.fi\\\/\",\"logo\":{\"@type\":\"ImageObject\",\"inLanguage\":\"sv-SE\",\"@id\":\"https:\\\/\\\/www.sttk.fi\\\/#\\\/schema\\\/logo\\\/image\\\/\",\"url\":\"https:\\\/\\\/www.sttk.fi\\\/wp-content\\\/uploads\\\/sites\\\/2\\\/2025\\\/12\\\/vector3.svg\",\"contentUrl\":\"https:\\\/\\\/www.sttk.fi\\\/wp-content\\\/uploads\\\/sites\\\/2\\\/2025\\\/12\\\/vector3.svg\",\"caption\":\"STTK\"},\"image\":{\"@id\":\"https:\\\/\\\/www.sttk.fi\\\/#\\\/schema\\\/logo\\\/image\\\/\"},\"sameAs\":[\"https:\\\/\\\/www.facebook.com\\\/#!\\\/KeskusjarjestoSTTK\",\"https:\\\/\\\/x.com\\\/STTKMikonkatu\",\"http:\\\/\\\/www.youtube.com\\\/user\\\/protoimihenkilot\"]},{\"@type\":\"Person\",\"@id\":\"\",\"url\":\"https:\\\/\\\/www.sttk.fi\\\/sv\\\/author\\\/\"}]}<\/script>\n<!-- \/ Yoast SEO plugin. -->","yoast_head_json":{"title":"Enk\u00e4t: Majoriteten av medborgarna mots\u00e4tter sig en privatisering av produktionen av offentliga tj\u00e4nster - STTK","robots":{"index":"index","follow":"follow","max-snippet":"max-snippet:-1","max-image-preview":"max-image-preview:large","max-video-preview":"max-video-preview:-1"},"canonical":"https:\/\/www.sttk.fi\/sv\/2016\/11\/28\/enkat-majoriteten-av-medborgarna-motsatter-sig-privatisering-av-produktionen-av-offentliga-tjanster\/","og_locale":"sv_SE","og_type":"article","og_title":"Enk\u00e4t: Majoriteten av medborgarna mots\u00e4tter sig en privatisering av produktionen av offentliga tj\u00e4nster - STTK","og_description":"L\u00f6ntagarorganisationen Pardias ordf\u00f6rande Niko Simola anser att det huvudsakliga ansvaret f\u00f6r tj\u00e4nsteproduktionen i social- och h\u00e4lsov\u00e5rdsreformen och landskapsreformen...","og_url":"https:\/\/www.sttk.fi\/sv\/2016\/11\/28\/enkat-majoriteten-av-medborgarna-motsatter-sig-privatisering-av-produktionen-av-offentliga-tjanster\/","og_site_name":"STTK","article_publisher":"https:\/\/www.facebook.com\/#%21%2fKeskusjarjestoSTTK","article_published_time":"2016-11-28T10:25:39+00:00","og_image":[{"width":1130,"height":682,"url":"https:\/\/www.sttk.fi\/wp-content\/uploads\/sites\/2\/2020\/08\/some-logo.png","type":"image\/png"}],"twitter_card":"summary_large_image","twitter_creator":"@STTKMikonkatu","twitter_site":"@STTKMikonkatu","twitter_misc":{"Written by":"","Est. reading time":"3 minuter"},"schema":{"@context":"https:\/\/schema.org","@graph":[{"@type":"Article","@id":"https:\/\/www.sttk.fi\/sv\/2016\/11\/28\/enkat-majoriteten-av-medborgarna-motsatter-sig-privatisering-av-produktionen-av-offentliga-tjanster\/#article","isPartOf":{"@id":"https:\/\/www.sttk.fi\/sv\/2016\/11\/28\/enkat-majoriteten-av-medborgarna-motsatter-sig-privatisering-av-produktionen-av-offentliga-tjanster\/"},"author":{"name":"","@id":""},"headline":"Enk\u00e4t: Majoriteten av medborgarna mots\u00e4tter sig en privatisering av produktionen av offentliga tj\u00e4nster","datePublished":"2016-11-28T10:25:39+00:00","mainEntityOfPage":{"@id":"https:\/\/www.sttk.fi\/sv\/2016\/11\/28\/enkat-majoriteten-av-medborgarna-motsatter-sig-privatisering-av-produktionen-av-offentliga-tjanster\/"},"wordCount":702,"commentCount":0,"publisher":{"@id":"https:\/\/www.sttk.fi\/#organization"},"articleSection":["Fackf\u00f6rbunds meddelande"],"inLanguage":"sv-SE","potentialAction":[{"@type":"CommentAction","name":"Comment","target":["https:\/\/www.sttk.fi\/sv\/2016\/11\/28\/enkat-majoriteten-av-medborgarna-motsatter-sig-privatisering-av-produktionen-av-offentliga-tjanster\/#respond"]}]},{"@type":"WebPage","@id":"https:\/\/www.sttk.fi\/sv\/2016\/11\/28\/enkat-majoriteten-av-medborgarna-motsatter-sig-privatisering-av-produktionen-av-offentliga-tjanster\/","url":"https:\/\/www.sttk.fi\/sv\/2016\/11\/28\/enkat-majoriteten-av-medborgarna-motsatter-sig-privatisering-av-produktionen-av-offentliga-tjanster\/","name":"Enk\u00e4t: Majoriteten av medborgarna mots\u00e4tter sig en privatisering av produktionen av offentliga tj\u00e4nster - STTK","isPartOf":{"@id":"https:\/\/www.sttk.fi\/#website"},"datePublished":"2016-11-28T10:25:39+00:00","breadcrumb":{"@id":"https:\/\/www.sttk.fi\/sv\/2016\/11\/28\/enkat-majoriteten-av-medborgarna-motsatter-sig-privatisering-av-produktionen-av-offentliga-tjanster\/#breadcrumb"},"inLanguage":"sv-SE","potentialAction":[{"@type":"ReadAction","target":["https:\/\/www.sttk.fi\/sv\/2016\/11\/28\/enkat-majoriteten-av-medborgarna-motsatter-sig-privatisering-av-produktionen-av-offentliga-tjanster\/"]}]},{"@type":"BreadcrumbList","@id":"https:\/\/www.sttk.fi\/sv\/2016\/11\/28\/enkat-majoriteten-av-medborgarna-motsatter-sig-privatisering-av-produktionen-av-offentliga-tjanster\/#breadcrumb","itemListElement":[{"@type":"ListItem","position":1,"name":"Home","item":"https:\/\/www.sttk.fi\/sv\/"},{"@type":"ListItem","position":2,"name":"Enk\u00e4t: Majoriteten av medborgarna mots\u00e4tter sig en privatisering av produktionen av offentliga tj\u00e4nster"}]},{"@type":"WebSite","@id":"https:\/\/www.sttk.fi\/#website","url":"https:\/\/www.sttk.fi\/","name":"STTK","description":"","publisher":{"@id":"https:\/\/www.sttk.fi\/#organization"},"potentialAction":[{"@type":"SearchAction","target":{"@type":"EntryPoint","urlTemplate":"https:\/\/www.sttk.fi\/?s={search_term_string}"},"query-input":{"@type":"PropertyValueSpecification","valueRequired":true,"valueName":"search_term_string"}}],"inLanguage":"sv-SE"},{"@type":"Organization","@id":"https:\/\/www.sttk.fi\/#organization","name":"STTK","url":"https:\/\/www.sttk.fi\/","logo":{"@type":"ImageObject","inLanguage":"sv-SE","@id":"https:\/\/www.sttk.fi\/#\/schema\/logo\/image\/","url":"https:\/\/www.sttk.fi\/wp-content\/uploads\/sites\/2\/2025\/12\/vector3.svg","contentUrl":"https:\/\/www.sttk.fi\/wp-content\/uploads\/sites\/2\/2025\/12\/vector3.svg","caption":"STTK"},"image":{"@id":"https:\/\/www.sttk.fi\/#\/schema\/logo\/image\/"},"sameAs":["https:\/\/www.facebook.com\/#!\/KeskusjarjestoSTTK","https:\/\/x.com\/STTKMikonkatu","http:\/\/www.youtube.com\/user\/protoimihenkilot"]},{"@type":"Person","@id":"","url":"https:\/\/www.sttk.fi\/sv\/author\/"}]}},"_links":{"self":[{"href":"https:\/\/www.sttk.fi\/sv\/wp-json\/wp\/v2\/posts\/11206","targetHints":{"allow":["GET"]}}],"collection":[{"href":"https:\/\/www.sttk.fi\/sv\/wp-json\/wp\/v2\/posts"}],"about":[{"href":"https:\/\/www.sttk.fi\/sv\/wp-json\/wp\/v2\/types\/post"}],"author":[{"embeddable":true,"href":"https:\/\/www.sttk.fi\/sv\/wp-json\/wp\/v2\/users\/17"}],"replies":[{"embeddable":true,"href":"https:\/\/www.sttk.fi\/sv\/wp-json\/wp\/v2\/comments?post=11206"}],"version-history":[{"count":1,"href":"https:\/\/www.sttk.fi\/sv\/wp-json\/wp\/v2\/posts\/11206\/revisions"}],"predecessor-version":[{"id":11207,"href":"https:\/\/www.sttk.fi\/sv\/wp-json\/wp\/v2\/posts\/11206\/revisions\/11207"}],"wp:attachment":[{"href":"https:\/\/www.sttk.fi\/sv\/wp-json\/wp\/v2\/media?parent=11206"}],"wp:term":[{"taxonomy":"category","embeddable":true,"href":"https:\/\/www.sttk.fi\/sv\/wp-json\/wp\/v2\/categories?post=11206"},{"taxonomy":"subject","embeddable":true,"href":"https:\/\/www.sttk.fi\/sv\/wp-json\/wp\/v2\/subject?post=11206"}],"curies":[{"name":"wp","href":"https:\/\/api.w.org\/{rel}","templated":true}]}}