{"id":1099,"date":"2013-10-31T16:04:04","date_gmt":"2013-10-31T14:04:04","guid":{"rendered":"http:\/\/sttk.qa.web-veistamo.fi\/?p=1099"},"modified":"2014-03-18T16:04:39","modified_gmt":"2014-03-18T14:04:39","slug":"sttks-enkat-finlandare-tror-inte-pa-att-lonejamstalldhet-uppnas-arbetslivet","status":"publish","type":"post","link":"https:\/\/www.sttk.fi\/sv\/2013\/10\/31\/sttks-enkat-finlandare-tror-inte-pa-att-lonejamstalldhet-uppnas-arbetslivet\/","title":{"rendered":"STTK:s enk\u00e4t: Finl\u00e4ndare tror inte p\u00e5 att l\u00f6nej\u00e4mst\u00e4lldhet uppn\u00e5s i arbetslivet"},"content":{"rendered":"<p>Kvinnornas \u00e5rsl\u00f6n betalad den 31 oktober.<br \/>\nMinskandet av l\u00f6neklyftan mellan m\u00e4n och kvinnor sker extremt l\u00e5ngsamt i Finland. Enligt Statistikcentralens inkomstniv\u00e5index f\u00e5r kvinnorna i Finland i medeltal en l\u00f6n som \u00e4r 82,9 procent av den l\u00f6n som m\u00e4nnen f\u00e5r. F\u00f6r ett \u00e5r sedan var siffran 82,4 procent. STTK p\u00e5minner om problemet genom att fira Kvinnornas l\u00f6nedag p\u00e5 en dag d\u00e5 kvinnornas \u00e5rsl\u00f6n betalats. I \u00e5r infaller den dagen den 31 oktober.<\/p>\n<p>&#8211; L\u00f6neskillnaden som saknar grund \u00e4r ett segt problem, vars orsaker man k\u00e4nner till och som kan p\u00e5verkas. De konkreta \u00e5tg\u00e4rderna f\u00f6r att r\u00e4tta till problemet har \u00e4nd\u00e5 varit otillr\u00e4ckliga, p\u00e5pekar STTK:s chefsekonom <strong>Ralf Sund<\/strong>.<\/p>\n<p>Enligt enk\u00e4ten som STTK l\u00e5tit utf\u00f6ra tror en klar majoritet av finl\u00e4ndarna att l\u00f6nej\u00e4mst\u00e4lldheten inte kommer att uppfyllas i arbetslivet. Av andelen kvinnor tror 95 procent inte p\u00e5 att l\u00f6nej\u00e4mst\u00e4lldheten uppfylls, medan motsvarande siffra bland m\u00e4n \u00e4r 70 procent. P\u00e5 den egna arbetsplatsen upplevdes situationen som ljusare. Av m\u00e4nnen angav 73 procent och av kvinnorna 45 procent att l\u00f6nes\u00e4ttningen p\u00e5 den egna arbetsplatsen var j\u00e4mlikare \u00e4n i Finland i allm\u00e4nhet.<\/p>\n<p><b>M\u00e4n och kvinnor vill fr\u00e4mja l\u00f6nej\u00e4mst\u00e4lldhet p\u00e5 olika s\u00e4tt<\/b><\/p>\n<p>M\u00e4n och kvinnor skulle fr\u00e4mja l\u00f6nej\u00e4mst\u00e4lldhet p\u00e5 olika s\u00e4tt. Enligt de kvinnor som besvarat enk\u00e4ten b\u00f6r l\u00f6nef\u00f6rh\u00f6jningar riktas till kvinnodominerade branscher. \u00c4ven l\u00f6nekartl\u00e4ggningar och j\u00e4mst\u00e4lldhetsplaner p\u00e5 arbetsplatsen ans\u00e5gs vara effektiva.<\/p>\n<p>&#8211; I j\u00e4mst\u00e4lldhetslagen har man berett \u00e4ndringar g\u00e4llande precisering av l\u00f6nekartl\u00e4ggningar. De borde tr\u00e4da i kraft s\u00e5 fort som m\u00f6jligt, anser Sund.<\/p>\n<p>De manliga enk\u00e4tdeltagarna ans\u00e5g att en j\u00e4mlikare delning av familjeledigheterna mellan m\u00e4n och kvinnor \u00e4r ett effektivt s\u00e4tt att fr\u00e4mja l\u00f6nej\u00e4mst\u00e4lldheten.<\/p>\n<p>&#8211; M\u00e4nnens svar bevisar att det finns vilja att h\u00e5lla familjeledigt, men att m\u00e5nga kanske inte har en verklig m\u00f6jlighet att bli hemma med barnet. Kvinnorna h\u00e5ller alltj\u00e4mt st\u00f6rsta delen av familjeledigheterna. Det h\u00e4r p\u00e5verkar kvinnornas st\u00e4llning p\u00e5 arbetsmarknaden, l\u00f6nerna och pensionerna. Situationen \u00e4r oj\u00e4mlik f\u00f6r b\u00e5de m\u00e4n och kvinnor. En j\u00e4mlikare f\u00f6rdelning av ledigheterna b\u00f6r fr\u00e4mjas genom att reformera systemet. M\u00e5let b\u00f6r vara en 6+6+6-modell.<\/p>\n<p><b>Minskandet av l\u00f6neklyftorna gynnar hela samh\u00e4llet<\/b><\/p>\n<p>J\u00e4mst\u00e4lldheten mellan k\u00f6nen \u00e4r ett allm\u00e4nt erk\u00e4nt grundl\u00e4ggande v\u00e4rde i Finland. I fr\u00e5ga om l\u00f6ner har uppn\u00e5endet av j\u00e4mst\u00e4lldhet \u00e4nd\u00e5 blivit halvv\u00e4gs. Finl\u00e4ndska m\u00e4n och kvinnor deltar n\u00e4sta lika mycket i arbetslivet, kvinnors utbildningsniv\u00e5 \u00e4r h\u00f6g, men utbildningen speglar sig inte i kvinnornas l\u00f6ner.<\/p>\n<p>&#8211; STTK anser att all potential b\u00f6r f\u00e5s j\u00e4mlikt i bruk och man b\u00f6r f\u00e5 en saklig ers\u00e4ttning f\u00f6r kunnande. En minskning av l\u00f6neskillnaderna borde inte ses som en utgift, utan som en investering i framtiden. Samtidigt gynnar det hela samh\u00e4llet. Lagstiftningen f\u00f6rpliktar redan nu att betala lika l\u00f6n f\u00f6r lika och likv\u00e4rdigt arbete, p\u00e5minner Sund.<\/p>\n","protected":false},"excerpt":{"rendered":"Kvinnornas \u00e5rsl\u00f6n betalad den 31 oktober. Minskandet av l\u00f6neklyftan mellan m\u00e4n och kvinnor sker extremt l\u00e5ngsamt i Finland&#8230;. ","protected":false},"author":3,"featured_media":1101,"comment_status":"closed","ping_status":"closed","sticky":false,"template":"","format":"standard","meta":{"_acf_changed":false,"lead_paragraph":"","footnotes":""},"categories":[135],"subject":[215,197],"class_list":["post-1099","post","type-post","status-publish","format-standard","has-post-thumbnail","hentry","category-pressmeddelande","subject-familjeledighet","subject-jamlikhet"],"acf":{"lead_paragraph":""},"yoast_head":"<!-- This site is optimized with the Yoast SEO plugin v27.4 - https:\/\/yoast.com\/product\/yoast-seo-wordpress\/ -->\n<title>STTK:s enk\u00e4t: Finl\u00e4ndare tror inte p\u00e5 att l\u00f6nej\u00e4mst\u00e4lldhet uppn\u00e5s i arbetslivet - STTK<\/title>\n<meta name=\"robots\" content=\"index, follow, max-snippet:-1, max-image-preview:large, max-video-preview:-1\" \/>\n<link rel=\"canonical\" href=\"https:\/\/www.sttk.fi\/sv\/2013\/10\/31\/sttks-enkat-finlandare-tror-inte-pa-att-lonejamstalldhet-uppnas-arbetslivet\/\" \/>\n<meta property=\"og:locale\" content=\"sv_SE\" \/>\n<meta property=\"og:type\" content=\"article\" \/>\n<meta property=\"og:title\" content=\"STTK:s enk\u00e4t: Finl\u00e4ndare tror inte p\u00e5 att l\u00f6nej\u00e4mst\u00e4lldhet uppn\u00e5s i arbetslivet - STTK\" \/>\n<meta property=\"og:description\" content=\"Kvinnornas \u00e5rsl\u00f6n betalad den 31 oktober. Minskandet av l\u00f6neklyftan mellan m\u00e4n och kvinnor sker extremt l\u00e5ngsamt i Finland....\" \/>\n<meta property=\"og:url\" content=\"https:\/\/www.sttk.fi\/sv\/2013\/10\/31\/sttks-enkat-finlandare-tror-inte-pa-att-lonejamstalldhet-uppnas-arbetslivet\/\" \/>\n<meta property=\"og:site_name\" content=\"STTK\" \/>\n<meta property=\"article:publisher\" content=\"https:\/\/www.facebook.com\/#%21%2fKeskusjarjestoSTTK\" \/>\n<meta property=\"article:published_time\" content=\"2013-10-31T14:04:04+00:00\" \/>\n<meta property=\"article:modified_time\" content=\"2014-03-18T14:04:39+00:00\" \/>\n<meta property=\"og:image\" content=\"https:\/\/www.sttk.fi\/wp-content\/uploads\/sites\/2\/2012\/10\/naisten-palkkapaiva-2013.jpg\" \/>\n\t<meta property=\"og:image:width\" content=\"300\" \/>\n\t<meta property=\"og:image:height\" content=\"300\" \/>\n\t<meta property=\"og:image:type\" content=\"image\/jpeg\" \/>\n<meta name=\"twitter:card\" content=\"summary_large_image\" \/>\n<meta name=\"twitter:creator\" content=\"@STTKMikonkatu\" \/>\n<meta name=\"twitter:site\" content=\"@STTKMikonkatu\" \/>\n<meta name=\"twitter:label1\" content=\"Written by\" \/>\n\t<meta name=\"twitter:data1\" content=\"paka\" \/>\n\t<meta name=\"twitter:label2\" content=\"Est. reading time\" \/>\n\t<meta name=\"twitter:data2\" content=\"3 minuter\" \/>\n<script type=\"application\/ld+json\" class=\"yoast-schema-graph\">{\"@context\":\"https:\\\/\\\/schema.org\",\"@graph\":[{\"@type\":\"Article\",\"@id\":\"https:\\\/\\\/www.sttk.fi\\\/sv\\\/2013\\\/10\\\/31\\\/sttks-enkat-finlandare-tror-inte-pa-att-lonejamstalldhet-uppnas-arbetslivet\\\/#article\",\"isPartOf\":{\"@id\":\"https:\\\/\\\/www.sttk.fi\\\/sv\\\/2013\\\/10\\\/31\\\/sttks-enkat-finlandare-tror-inte-pa-att-lonejamstalldhet-uppnas-arbetslivet\\\/\"},\"author\":{\"name\":\"paka\",\"@id\":\"https:\\\/\\\/www.sttk.fi\\\/#\\\/schema\\\/person\\\/58abb54d7b15ed34e29dc4514a5c1210\"},\"headline\":\"STTK:s enk\u00e4t: Finl\u00e4ndare tror inte p\u00e5 att l\u00f6nej\u00e4mst\u00e4lldhet uppn\u00e5s i arbetslivet\",\"datePublished\":\"2013-10-31T14:04:04+00:00\",\"dateModified\":\"2014-03-18T14:04:39+00:00\",\"mainEntityOfPage\":{\"@id\":\"https:\\\/\\\/www.sttk.fi\\\/sv\\\/2013\\\/10\\\/31\\\/sttks-enkat-finlandare-tror-inte-pa-att-lonejamstalldhet-uppnas-arbetslivet\\\/\"},\"wordCount\":571,\"publisher\":{\"@id\":\"https:\\\/\\\/www.sttk.fi\\\/#organization\"},\"image\":{\"@id\":\"https:\\\/\\\/www.sttk.fi\\\/sv\\\/2013\\\/10\\\/31\\\/sttks-enkat-finlandare-tror-inte-pa-att-lonejamstalldhet-uppnas-arbetslivet\\\/#primaryimage\"},\"thumbnailUrl\":\"https:\\\/\\\/www.sttk.fi\\\/wp-content\\\/uploads\\\/sites\\\/2\\\/2012\\\/10\\\/naisten-palkkapaiva-2013.jpg\",\"articleSection\":[\"Pressmeddelande\"],\"inLanguage\":\"sv-SE\"},{\"@type\":\"WebPage\",\"@id\":\"https:\\\/\\\/www.sttk.fi\\\/sv\\\/2013\\\/10\\\/31\\\/sttks-enkat-finlandare-tror-inte-pa-att-lonejamstalldhet-uppnas-arbetslivet\\\/\",\"url\":\"https:\\\/\\\/www.sttk.fi\\\/sv\\\/2013\\\/10\\\/31\\\/sttks-enkat-finlandare-tror-inte-pa-att-lonejamstalldhet-uppnas-arbetslivet\\\/\",\"name\":\"STTK:s enk\u00e4t: Finl\u00e4ndare tror inte p\u00e5 att l\u00f6nej\u00e4mst\u00e4lldhet uppn\u00e5s i arbetslivet - STTK\",\"isPartOf\":{\"@id\":\"https:\\\/\\\/www.sttk.fi\\\/#website\"},\"primaryImageOfPage\":{\"@id\":\"https:\\\/\\\/www.sttk.fi\\\/sv\\\/2013\\\/10\\\/31\\\/sttks-enkat-finlandare-tror-inte-pa-att-lonejamstalldhet-uppnas-arbetslivet\\\/#primaryimage\"},\"image\":{\"@id\":\"https:\\\/\\\/www.sttk.fi\\\/sv\\\/2013\\\/10\\\/31\\\/sttks-enkat-finlandare-tror-inte-pa-att-lonejamstalldhet-uppnas-arbetslivet\\\/#primaryimage\"},\"thumbnailUrl\":\"https:\\\/\\\/www.sttk.fi\\\/wp-content\\\/uploads\\\/sites\\\/2\\\/2012\\\/10\\\/naisten-palkkapaiva-2013.jpg\",\"datePublished\":\"2013-10-31T14:04:04+00:00\",\"dateModified\":\"2014-03-18T14:04:39+00:00\",\"breadcrumb\":{\"@id\":\"https:\\\/\\\/www.sttk.fi\\\/sv\\\/2013\\\/10\\\/31\\\/sttks-enkat-finlandare-tror-inte-pa-att-lonejamstalldhet-uppnas-arbetslivet\\\/#breadcrumb\"},\"inLanguage\":\"sv-SE\",\"potentialAction\":[{\"@type\":\"ReadAction\",\"target\":[\"https:\\\/\\\/www.sttk.fi\\\/sv\\\/2013\\\/10\\\/31\\\/sttks-enkat-finlandare-tror-inte-pa-att-lonejamstalldhet-uppnas-arbetslivet\\\/\"]}]},{\"@type\":\"ImageObject\",\"inLanguage\":\"sv-SE\",\"@id\":\"https:\\\/\\\/www.sttk.fi\\\/sv\\\/2013\\\/10\\\/31\\\/sttks-enkat-finlandare-tror-inte-pa-att-lonejamstalldhet-uppnas-arbetslivet\\\/#primaryimage\",\"url\":\"https:\\\/\\\/www.sttk.fi\\\/wp-content\\\/uploads\\\/sites\\\/2\\\/2012\\\/10\\\/naisten-palkkapaiva-2013.jpg\",\"contentUrl\":\"https:\\\/\\\/www.sttk.fi\\\/wp-content\\\/uploads\\\/sites\\\/2\\\/2012\\\/10\\\/naisten-palkkapaiva-2013.jpg\",\"width\":300,\"height\":300,\"caption\":\"Palkkatasa-arvo\"},{\"@type\":\"BreadcrumbList\",\"@id\":\"https:\\\/\\\/www.sttk.fi\\\/sv\\\/2013\\\/10\\\/31\\\/sttks-enkat-finlandare-tror-inte-pa-att-lonejamstalldhet-uppnas-arbetslivet\\\/#breadcrumb\",\"itemListElement\":[{\"@type\":\"ListItem\",\"position\":1,\"name\":\"Home\",\"item\":\"https:\\\/\\\/www.sttk.fi\\\/sv\\\/\"},{\"@type\":\"ListItem\",\"position\":2,\"name\":\"STTK:s enk\u00e4t: Finl\u00e4ndare tror inte p\u00e5 att l\u00f6nej\u00e4mst\u00e4lldhet uppn\u00e5s i arbetslivet\"}]},{\"@type\":\"WebSite\",\"@id\":\"https:\\\/\\\/www.sttk.fi\\\/#website\",\"url\":\"https:\\\/\\\/www.sttk.fi\\\/\",\"name\":\"STTK\",\"description\":\"\",\"publisher\":{\"@id\":\"https:\\\/\\\/www.sttk.fi\\\/#organization\"},\"potentialAction\":[{\"@type\":\"SearchAction\",\"target\":{\"@type\":\"EntryPoint\",\"urlTemplate\":\"https:\\\/\\\/www.sttk.fi\\\/?s={search_term_string}\"},\"query-input\":{\"@type\":\"PropertyValueSpecification\",\"valueRequired\":true,\"valueName\":\"search_term_string\"}}],\"inLanguage\":\"sv-SE\"},{\"@type\":\"Organization\",\"@id\":\"https:\\\/\\\/www.sttk.fi\\\/#organization\",\"name\":\"STTK\",\"url\":\"https:\\\/\\\/www.sttk.fi\\\/\",\"logo\":{\"@type\":\"ImageObject\",\"inLanguage\":\"sv-SE\",\"@id\":\"https:\\\/\\\/www.sttk.fi\\\/#\\\/schema\\\/logo\\\/image\\\/\",\"url\":\"https:\\\/\\\/www.sttk.fi\\\/wp-content\\\/uploads\\\/sites\\\/2\\\/2025\\\/12\\\/vector3.svg\",\"contentUrl\":\"https:\\\/\\\/www.sttk.fi\\\/wp-content\\\/uploads\\\/sites\\\/2\\\/2025\\\/12\\\/vector3.svg\",\"caption\":\"STTK\"},\"image\":{\"@id\":\"https:\\\/\\\/www.sttk.fi\\\/#\\\/schema\\\/logo\\\/image\\\/\"},\"sameAs\":[\"https:\\\/\\\/www.facebook.com\\\/#!\\\/KeskusjarjestoSTTK\",\"https:\\\/\\\/x.com\\\/STTKMikonkatu\",\"http:\\\/\\\/www.youtube.com\\\/user\\\/protoimihenkilot\"]},{\"@type\":\"Person\",\"@id\":\"https:\\\/\\\/www.sttk.fi\\\/#\\\/schema\\\/person\\\/58abb54d7b15ed34e29dc4514a5c1210\",\"name\":\"paka\",\"image\":{\"@type\":\"ImageObject\",\"inLanguage\":\"sv-SE\",\"@id\":\"https:\\\/\\\/secure.gravatar.com\\\/avatar\\\/4475a9b815f64182a53e96cb5d0f5f7720cc03120a202c52530424ca5902a916?s=96&d=mm&r=g\",\"url\":\"https:\\\/\\\/secure.gravatar.com\\\/avatar\\\/4475a9b815f64182a53e96cb5d0f5f7720cc03120a202c52530424ca5902a916?s=96&d=mm&r=g\",\"contentUrl\":\"https:\\\/\\\/secure.gravatar.com\\\/avatar\\\/4475a9b815f64182a53e96cb5d0f5f7720cc03120a202c52530424ca5902a916?s=96&d=mm&r=g\",\"caption\":\"paka\"},\"url\":\"https:\\\/\\\/www.sttk.fi\\\/sv\\\/author\\\/paka\\\/\"}]}<\/script>\n<!-- \/ Yoast SEO plugin. -->","yoast_head_json":{"title":"STTK:s enk\u00e4t: Finl\u00e4ndare tror inte p\u00e5 att l\u00f6nej\u00e4mst\u00e4lldhet uppn\u00e5s i arbetslivet - STTK","robots":{"index":"index","follow":"follow","max-snippet":"max-snippet:-1","max-image-preview":"max-image-preview:large","max-video-preview":"max-video-preview:-1"},"canonical":"https:\/\/www.sttk.fi\/sv\/2013\/10\/31\/sttks-enkat-finlandare-tror-inte-pa-att-lonejamstalldhet-uppnas-arbetslivet\/","og_locale":"sv_SE","og_type":"article","og_title":"STTK:s enk\u00e4t: Finl\u00e4ndare tror inte p\u00e5 att l\u00f6nej\u00e4mst\u00e4lldhet uppn\u00e5s i arbetslivet - STTK","og_description":"Kvinnornas \u00e5rsl\u00f6n betalad den 31 oktober. Minskandet av l\u00f6neklyftan mellan m\u00e4n och kvinnor sker extremt l\u00e5ngsamt i Finland....","og_url":"https:\/\/www.sttk.fi\/sv\/2013\/10\/31\/sttks-enkat-finlandare-tror-inte-pa-att-lonejamstalldhet-uppnas-arbetslivet\/","og_site_name":"STTK","article_publisher":"https:\/\/www.facebook.com\/#%21%2fKeskusjarjestoSTTK","article_published_time":"2013-10-31T14:04:04+00:00","article_modified_time":"2014-03-18T14:04:39+00:00","og_image":[{"width":300,"height":300,"url":"https:\/\/www.sttk.fi\/wp-content\/uploads\/sites\/2\/2012\/10\/naisten-palkkapaiva-2013.jpg","type":"image\/jpeg"}],"twitter_card":"summary_large_image","twitter_creator":"@STTKMikonkatu","twitter_site":"@STTKMikonkatu","twitter_misc":{"Written by":"paka","Est. reading time":"3 minuter"},"schema":{"@context":"https:\/\/schema.org","@graph":[{"@type":"Article","@id":"https:\/\/www.sttk.fi\/sv\/2013\/10\/31\/sttks-enkat-finlandare-tror-inte-pa-att-lonejamstalldhet-uppnas-arbetslivet\/#article","isPartOf":{"@id":"https:\/\/www.sttk.fi\/sv\/2013\/10\/31\/sttks-enkat-finlandare-tror-inte-pa-att-lonejamstalldhet-uppnas-arbetslivet\/"},"author":{"name":"paka","@id":"https:\/\/www.sttk.fi\/#\/schema\/person\/58abb54d7b15ed34e29dc4514a5c1210"},"headline":"STTK:s enk\u00e4t: Finl\u00e4ndare tror inte p\u00e5 att l\u00f6nej\u00e4mst\u00e4lldhet uppn\u00e5s i arbetslivet","datePublished":"2013-10-31T14:04:04+00:00","dateModified":"2014-03-18T14:04:39+00:00","mainEntityOfPage":{"@id":"https:\/\/www.sttk.fi\/sv\/2013\/10\/31\/sttks-enkat-finlandare-tror-inte-pa-att-lonejamstalldhet-uppnas-arbetslivet\/"},"wordCount":571,"publisher":{"@id":"https:\/\/www.sttk.fi\/#organization"},"image":{"@id":"https:\/\/www.sttk.fi\/sv\/2013\/10\/31\/sttks-enkat-finlandare-tror-inte-pa-att-lonejamstalldhet-uppnas-arbetslivet\/#primaryimage"},"thumbnailUrl":"https:\/\/www.sttk.fi\/wp-content\/uploads\/sites\/2\/2012\/10\/naisten-palkkapaiva-2013.jpg","articleSection":["Pressmeddelande"],"inLanguage":"sv-SE"},{"@type":"WebPage","@id":"https:\/\/www.sttk.fi\/sv\/2013\/10\/31\/sttks-enkat-finlandare-tror-inte-pa-att-lonejamstalldhet-uppnas-arbetslivet\/","url":"https:\/\/www.sttk.fi\/sv\/2013\/10\/31\/sttks-enkat-finlandare-tror-inte-pa-att-lonejamstalldhet-uppnas-arbetslivet\/","name":"STTK:s enk\u00e4t: Finl\u00e4ndare tror inte p\u00e5 att l\u00f6nej\u00e4mst\u00e4lldhet uppn\u00e5s i arbetslivet - STTK","isPartOf":{"@id":"https:\/\/www.sttk.fi\/#website"},"primaryImageOfPage":{"@id":"https:\/\/www.sttk.fi\/sv\/2013\/10\/31\/sttks-enkat-finlandare-tror-inte-pa-att-lonejamstalldhet-uppnas-arbetslivet\/#primaryimage"},"image":{"@id":"https:\/\/www.sttk.fi\/sv\/2013\/10\/31\/sttks-enkat-finlandare-tror-inte-pa-att-lonejamstalldhet-uppnas-arbetslivet\/#primaryimage"},"thumbnailUrl":"https:\/\/www.sttk.fi\/wp-content\/uploads\/sites\/2\/2012\/10\/naisten-palkkapaiva-2013.jpg","datePublished":"2013-10-31T14:04:04+00:00","dateModified":"2014-03-18T14:04:39+00:00","breadcrumb":{"@id":"https:\/\/www.sttk.fi\/sv\/2013\/10\/31\/sttks-enkat-finlandare-tror-inte-pa-att-lonejamstalldhet-uppnas-arbetslivet\/#breadcrumb"},"inLanguage":"sv-SE","potentialAction":[{"@type":"ReadAction","target":["https:\/\/www.sttk.fi\/sv\/2013\/10\/31\/sttks-enkat-finlandare-tror-inte-pa-att-lonejamstalldhet-uppnas-arbetslivet\/"]}]},{"@type":"ImageObject","inLanguage":"sv-SE","@id":"https:\/\/www.sttk.fi\/sv\/2013\/10\/31\/sttks-enkat-finlandare-tror-inte-pa-att-lonejamstalldhet-uppnas-arbetslivet\/#primaryimage","url":"https:\/\/www.sttk.fi\/wp-content\/uploads\/sites\/2\/2012\/10\/naisten-palkkapaiva-2013.jpg","contentUrl":"https:\/\/www.sttk.fi\/wp-content\/uploads\/sites\/2\/2012\/10\/naisten-palkkapaiva-2013.jpg","width":300,"height":300,"caption":"Palkkatasa-arvo"},{"@type":"BreadcrumbList","@id":"https:\/\/www.sttk.fi\/sv\/2013\/10\/31\/sttks-enkat-finlandare-tror-inte-pa-att-lonejamstalldhet-uppnas-arbetslivet\/#breadcrumb","itemListElement":[{"@type":"ListItem","position":1,"name":"Home","item":"https:\/\/www.sttk.fi\/sv\/"},{"@type":"ListItem","position":2,"name":"STTK:s enk\u00e4t: Finl\u00e4ndare tror inte p\u00e5 att l\u00f6nej\u00e4mst\u00e4lldhet uppn\u00e5s i arbetslivet"}]},{"@type":"WebSite","@id":"https:\/\/www.sttk.fi\/#website","url":"https:\/\/www.sttk.fi\/","name":"STTK","description":"","publisher":{"@id":"https:\/\/www.sttk.fi\/#organization"},"potentialAction":[{"@type":"SearchAction","target":{"@type":"EntryPoint","urlTemplate":"https:\/\/www.sttk.fi\/?s={search_term_string}"},"query-input":{"@type":"PropertyValueSpecification","valueRequired":true,"valueName":"search_term_string"}}],"inLanguage":"sv-SE"},{"@type":"Organization","@id":"https:\/\/www.sttk.fi\/#organization","name":"STTK","url":"https:\/\/www.sttk.fi\/","logo":{"@type":"ImageObject","inLanguage":"sv-SE","@id":"https:\/\/www.sttk.fi\/#\/schema\/logo\/image\/","url":"https:\/\/www.sttk.fi\/wp-content\/uploads\/sites\/2\/2025\/12\/vector3.svg","contentUrl":"https:\/\/www.sttk.fi\/wp-content\/uploads\/sites\/2\/2025\/12\/vector3.svg","caption":"STTK"},"image":{"@id":"https:\/\/www.sttk.fi\/#\/schema\/logo\/image\/"},"sameAs":["https:\/\/www.facebook.com\/#!\/KeskusjarjestoSTTK","https:\/\/x.com\/STTKMikonkatu","http:\/\/www.youtube.com\/user\/protoimihenkilot"]},{"@type":"Person","@id":"https:\/\/www.sttk.fi\/#\/schema\/person\/58abb54d7b15ed34e29dc4514a5c1210","name":"paka","image":{"@type":"ImageObject","inLanguage":"sv-SE","@id":"https:\/\/secure.gravatar.com\/avatar\/4475a9b815f64182a53e96cb5d0f5f7720cc03120a202c52530424ca5902a916?s=96&d=mm&r=g","url":"https:\/\/secure.gravatar.com\/avatar\/4475a9b815f64182a53e96cb5d0f5f7720cc03120a202c52530424ca5902a916?s=96&d=mm&r=g","contentUrl":"https:\/\/secure.gravatar.com\/avatar\/4475a9b815f64182a53e96cb5d0f5f7720cc03120a202c52530424ca5902a916?s=96&d=mm&r=g","caption":"paka"},"url":"https:\/\/www.sttk.fi\/sv\/author\/paka\/"}]}},"_links":{"self":[{"href":"https:\/\/www.sttk.fi\/sv\/wp-json\/wp\/v2\/posts\/1099","targetHints":{"allow":["GET"]}}],"collection":[{"href":"https:\/\/www.sttk.fi\/sv\/wp-json\/wp\/v2\/posts"}],"about":[{"href":"https:\/\/www.sttk.fi\/sv\/wp-json\/wp\/v2\/types\/post"}],"author":[{"embeddable":true,"href":"https:\/\/www.sttk.fi\/sv\/wp-json\/wp\/v2\/users\/3"}],"replies":[{"embeddable":true,"href":"https:\/\/www.sttk.fi\/sv\/wp-json\/wp\/v2\/comments?post=1099"}],"version-history":[{"count":3,"href":"https:\/\/www.sttk.fi\/sv\/wp-json\/wp\/v2\/posts\/1099\/revisions"}],"predecessor-version":[{"id":1103,"href":"https:\/\/www.sttk.fi\/sv\/wp-json\/wp\/v2\/posts\/1099\/revisions\/1103"}],"wp:featuredmedia":[{"embeddable":true,"href":"https:\/\/www.sttk.fi\/sv\/wp-json\/wp\/v2\/media\/1101"}],"wp:attachment":[{"href":"https:\/\/www.sttk.fi\/sv\/wp-json\/wp\/v2\/media?parent=1099"}],"wp:term":[{"taxonomy":"category","embeddable":true,"href":"https:\/\/www.sttk.fi\/sv\/wp-json\/wp\/v2\/categories?post=1099"},{"taxonomy":"subject","embeddable":true,"href":"https:\/\/www.sttk.fi\/sv\/wp-json\/wp\/v2\/subject?post=1099"}],"curies":[{"name":"wp","href":"https:\/\/api.w.org\/{rel}","templated":true}]}}