{"id":56775,"date":"2026-04-27T09:57:19","date_gmt":"2026-04-27T06:57:19","guid":{"rendered":"https:\/\/www.sttk.fi\/?p=56775"},"modified":"2026-04-27T09:57:19","modified_gmt":"2026-04-27T06:57:19","slug":"nordic-trade-union-position-on-the-eu-emissions-trading-system-ets","status":"publish","type":"post","link":"https:\/\/www.sttk.fi\/en\/2026\/04\/27\/nordic-trade-union-position-on-the-eu-emissions-trading-system-ets\/","title":{"rendered":"Nordic Trade Union Position on the EU Emissions Trading System \u2013 ETS"},"content":{"rendered":"\n<p class=\"lead-paragraph\"><strong>Dear President von der Leyen,<br>Dear Commissioner Hoekstra,<\/strong><\/p>\n\n\n\n<p>We would first like to acknowledge the importance of the letter sent to you by the Nordic employers\u2019 organisations on 23 February.<\/p>\n\n\n\n<p>We also wish to congratulate you on the 2040 Climate Agreement. It is of utmost importance that the European Union leads by example and positions itself as a frontrunner in the fight against climate change \u2013 particularly at a time when powerful actors have turned climate change into part of a broader cultural conflict, both within the European Union and beyond its borders.<\/p>\n\n\n\n<p>In light of the letter from the Nordic employers, we would like to take this opportunity to underline that the Nordic trade union movement likewise supports and recognises the importance of the European Emissions Trading System (ETS).<\/p>\n\n\n\n<p>The ETS is one of the EU\u2019s most important instruments for reducing emissions and thereby contributing to the intergenerational objective that the actions of today\u2019s generations do not compromise the ability of future generations to meet their needs. Its strength also lies in its well-designed structure, which has helped pave the way for new industrial and competitive solutions \u2013delivering employment, growth, and welfare, not least in the Nordic region, as we in the Nordic trade union movement can attest.<\/p>\n\n\n\n<p>At a time of global turmoil, when energy is increasingly being used as an instrument for geopolitical interests, Europe\u2019s energy dependency must be addressed. Our energy demand is roughly double what we are able to produce domestically, placing the Union in a vulnerable position \u2013 first vis-\u00e0-vis Russia, and now also the United States. A long-term and sustainable response must include a strategy to reduce Europe\u2019s dependence on fossil fuels as far as possible.<\/p>\n\n\n\n<p>In this context, energy efficiency and the transformation from fossil fuels to electrification are key. The ETS, as well as ETS2, provides the necessary incentive to drive this transition, while the corresponding reward lies in the development of clean, competitive industries and transport systems. Any weakening of the system would significantly undermine the viability of existing and planned investments.<\/p>\n\n\n\n<p>Finally, we would like to stress that a successful and just economic transformation, centred on people, is closely linked to government and EU-level investment in upskilling and reskilling, unemployment protection, active labour market policies, and welfare systems. Structural change \u2013 whether driven by the green transition, international trade, or technological development \u2013 will inevitably lead to jobs and tasks changing, and in some cases disappearing.<\/p>\n\n\n\n<p class=\"lead-paragraph\">The same applies to the energy crisis resulting from current geopolitical tensions. Rising energy prices serve as a signal to both industry and households to shift from fossil-based to fossil-free energy. At the same time, we acknowledge that higher energy prices in the short term can make it difficult for some of our union members, their families, and European citizens more broadly to make ends meet.<\/p>\n\n\n\n<p>This, however, is not a reason to weaken the ETS. Instead, governments should focus on targeted, needs-based measures to support those most affected, while the EU and its member states continue the efforts to develop the Energy union and increase European self-sufficiency \u2013 especially with regard to climate-neutral energy.<\/p>\n\n\n\n<p>This letter was adopted by the Executive Committee of the Council of Nordic Trade Unions (NFS) in it\u00b4s meeting in Reykjavik 22 April 2026.<\/p>\n\n\n\n<p>Yours sincerely,<\/p>\n\n\n\n<p>Morten Skov Christiansen, President of NFS and FH, Denmark<br>Hans-Erik Skj\u00e6ggerud, Vice President of NFS and President of YS, Norway<br>Tomas Kepler, President of Akademikerne, Denmark<br>Jarkko Eloranta, President of SAK, Finland<br>Else-Mai Kirvesniemi, President of STTK, Finland<br>Sonja J\u00f3gvansd\u00f3ttir, President of Verkaf\u00f3lk, Faroe Islands<br>Jess G. Berthelsen, President of SIK, Greenland<br>Finnbj\u00f6rn A. Hermannsson, President of AS\u00cd, Iceland<br>Sonja \u00ddr \u00deorbergsd\u00f3ttir, President of BSRB, Iceland<br>Kolbr\u00fan Halld\u00f3rsd\u00f3ttir, President of BHM, Iceland<br>Kine Asper Vistnes, President of LO, Norway<br>Steffen Handal, President of Unio, Norway<br>Johan Lindholm, President of LO, Sweden<br>Therese Svanstr\u00f6m, President of TCO, Sweden<br>Sofia Rydgren Stale, President of Saco, Sweden<br>Magnus Gissler, General Secretary of NFS<\/p>\n","protected":false},"excerpt":{"rendered":"Dear President von der Leyen,Dear Commissioner Hoekstra, We would first like to acknowledge the importance of the letter&#8230; ","protected":false},"author":3,"featured_media":48449,"comment_status":"closed","ping_status":"closed","sticky":false,"template":"","format":"standard","meta":{"_acf_changed":false,"lead_paragraph":"","footnotes":""},"categories":[131],"subject":[],"class_list":["post-56775","post","type-post","status-publish","format-standard","has-post-thumbnail","hentry","category-news"],"acf":{"lead_paragraph":""},"yoast_head":"<!-- This site is optimized with the Yoast SEO plugin v27.4 - https:\/\/yoast.com\/product\/yoast-seo-wordpress\/ -->\n<title>Nordic Trade Union Position on the EU Emissions Trading System \u2013 ETS - STTK<\/title>\n<meta name=\"description\" content=\"It is important that the European Union leads by example. Energy efficiency and the transformation from fossil fuels to electrification are key.\" \/>\n<meta name=\"robots\" content=\"index, follow, max-snippet:-1, max-image-preview:large, max-video-preview:-1\" \/>\n<link rel=\"canonical\" href=\"https:\/\/www.sttk.fi\/en\/2026\/04\/27\/nordic-trade-union-position-on-the-eu-emissions-trading-system-ets\/\" \/>\n<meta property=\"og:locale\" content=\"en_US\" \/>\n<meta property=\"og:type\" content=\"article\" \/>\n<meta property=\"og:title\" content=\"Nordic Trade Union Position on the EU Emissions Trading System \u2013 ETS - STTK\" \/>\n<meta property=\"og:description\" content=\"It is important that the European Union leads by example. Energy efficiency and the transformation from fossil fuels to electrification are key.\" \/>\n<meta property=\"og:url\" content=\"https:\/\/www.sttk.fi\/en\/2026\/04\/27\/nordic-trade-union-position-on-the-eu-emissions-trading-system-ets\/\" \/>\n<meta property=\"og:site_name\" content=\"STTK\" \/>\n<meta property=\"article:publisher\" content=\"https:\/\/www.facebook.com\/#%21%2fKeskusjarjestoSTTK\" \/>\n<meta property=\"article:published_time\" content=\"2026-04-27T06:57:19+00:00\" \/>\n<meta property=\"og:image\" content=\"https:\/\/www.sttk.fi\/wp-content\/uploads\/sites\/2\/2023\/11\/ilmasto-lataaminen.jpg\" \/>\n\t<meta property=\"og:image:width\" content=\"1200\" \/>\n\t<meta property=\"og:image:height\" content=\"800\" \/>\n\t<meta property=\"og:image:type\" content=\"image\/jpeg\" \/>\n<meta name=\"twitter:card\" content=\"summary_large_image\" \/>\n<meta name=\"twitter:creator\" content=\"@STTKMikonkatu\" \/>\n<meta name=\"twitter:site\" content=\"@STTKMikonkatu\" \/>\n<meta name=\"twitter:label1\" content=\"Written by\" \/>\n\t<meta name=\"twitter:data1\" content=\"paka\" \/>\n\t<meta name=\"twitter:label2\" content=\"Est. reading time\" \/>\n\t<meta name=\"twitter:data2\" content=\"5 minutes\" \/>\n<script type=\"application\/ld+json\" class=\"yoast-schema-graph\">{\"@context\":\"https:\\\/\\\/schema.org\",\"@graph\":[{\"@type\":\"Article\",\"@id\":\"https:\\\/\\\/www.sttk.fi\\\/en\\\/2026\\\/04\\\/27\\\/nordic-trade-union-position-on-the-eu-emissions-trading-system-ets\\\/#article\",\"isPartOf\":{\"@id\":\"https:\\\/\\\/www.sttk.fi\\\/en\\\/2026\\\/04\\\/27\\\/nordic-trade-union-position-on-the-eu-emissions-trading-system-ets\\\/\"},\"author\":{\"name\":\"paka\",\"@id\":\"https:\\\/\\\/www.sttk.fi\\\/#\\\/schema\\\/person\\\/58abb54d7b15ed34e29dc4514a5c1210\"},\"headline\":\"Nordic Trade Union Position on the EU Emissions Trading System \u2013 ETS\",\"datePublished\":\"2026-04-27T06:57:19+00:00\",\"mainEntityOfPage\":{\"@id\":\"https:\\\/\\\/www.sttk.fi\\\/en\\\/2026\\\/04\\\/27\\\/nordic-trade-union-position-on-the-eu-emissions-trading-system-ets\\\/\"},\"wordCount\":661,\"publisher\":{\"@id\":\"https:\\\/\\\/www.sttk.fi\\\/#organization\"},\"image\":{\"@id\":\"https:\\\/\\\/www.sttk.fi\\\/en\\\/2026\\\/04\\\/27\\\/nordic-trade-union-position-on-the-eu-emissions-trading-system-ets\\\/#primaryimage\"},\"thumbnailUrl\":\"https:\\\/\\\/www.sttk.fi\\\/wp-content\\\/uploads\\\/sites\\\/2\\\/2023\\\/11\\\/ilmasto-lataaminen.jpg\",\"articleSection\":[\"News\"],\"inLanguage\":\"en-US\"},{\"@type\":\"WebPage\",\"@id\":\"https:\\\/\\\/www.sttk.fi\\\/en\\\/2026\\\/04\\\/27\\\/nordic-trade-union-position-on-the-eu-emissions-trading-system-ets\\\/\",\"url\":\"https:\\\/\\\/www.sttk.fi\\\/en\\\/2026\\\/04\\\/27\\\/nordic-trade-union-position-on-the-eu-emissions-trading-system-ets\\\/\",\"name\":\"Nordic Trade Union Position on the EU Emissions Trading System \u2013 ETS - STTK\",\"isPartOf\":{\"@id\":\"https:\\\/\\\/www.sttk.fi\\\/#website\"},\"primaryImageOfPage\":{\"@id\":\"https:\\\/\\\/www.sttk.fi\\\/en\\\/2026\\\/04\\\/27\\\/nordic-trade-union-position-on-the-eu-emissions-trading-system-ets\\\/#primaryimage\"},\"image\":{\"@id\":\"https:\\\/\\\/www.sttk.fi\\\/en\\\/2026\\\/04\\\/27\\\/nordic-trade-union-position-on-the-eu-emissions-trading-system-ets\\\/#primaryimage\"},\"thumbnailUrl\":\"https:\\\/\\\/www.sttk.fi\\\/wp-content\\\/uploads\\\/sites\\\/2\\\/2023\\\/11\\\/ilmasto-lataaminen.jpg\",\"datePublished\":\"2026-04-27T06:57:19+00:00\",\"description\":\"It is important that the European Union leads by example. Energy efficiency and the transformation from fossil fuels to electrification are key.\",\"breadcrumb\":{\"@id\":\"https:\\\/\\\/www.sttk.fi\\\/en\\\/2026\\\/04\\\/27\\\/nordic-trade-union-position-on-the-eu-emissions-trading-system-ets\\\/#breadcrumb\"},\"inLanguage\":\"en-US\",\"potentialAction\":[{\"@type\":\"ReadAction\",\"target\":[\"https:\\\/\\\/www.sttk.fi\\\/en\\\/2026\\\/04\\\/27\\\/nordic-trade-union-position-on-the-eu-emissions-trading-system-ets\\\/\"]}]},{\"@type\":\"ImageObject\",\"inLanguage\":\"en-US\",\"@id\":\"https:\\\/\\\/www.sttk.fi\\\/en\\\/2026\\\/04\\\/27\\\/nordic-trade-union-position-on-the-eu-emissions-trading-system-ets\\\/#primaryimage\",\"url\":\"https:\\\/\\\/www.sttk.fi\\\/wp-content\\\/uploads\\\/sites\\\/2\\\/2023\\\/11\\\/ilmasto-lataaminen.jpg\",\"contentUrl\":\"https:\\\/\\\/www.sttk.fi\\\/wp-content\\\/uploads\\\/sites\\\/2\\\/2023\\\/11\\\/ilmasto-lataaminen.jpg\",\"width\":1200,\"height\":800},{\"@type\":\"BreadcrumbList\",\"@id\":\"https:\\\/\\\/www.sttk.fi\\\/en\\\/2026\\\/04\\\/27\\\/nordic-trade-union-position-on-the-eu-emissions-trading-system-ets\\\/#breadcrumb\",\"itemListElement\":[{\"@type\":\"ListItem\",\"position\":1,\"name\":\"Home\",\"item\":\"https:\\\/\\\/www.sttk.fi\\\/en\\\/\"},{\"@type\":\"ListItem\",\"position\":2,\"name\":\"Nordic Trade Union Position on the EU Emissions Trading System \u2013 ETS\"}]},{\"@type\":\"WebSite\",\"@id\":\"https:\\\/\\\/www.sttk.fi\\\/#website\",\"url\":\"https:\\\/\\\/www.sttk.fi\\\/\",\"name\":\"STTK\",\"description\":\"\",\"publisher\":{\"@id\":\"https:\\\/\\\/www.sttk.fi\\\/#organization\"},\"potentialAction\":[{\"@type\":\"SearchAction\",\"target\":{\"@type\":\"EntryPoint\",\"urlTemplate\":\"https:\\\/\\\/www.sttk.fi\\\/?s={search_term_string}\"},\"query-input\":{\"@type\":\"PropertyValueSpecification\",\"valueRequired\":true,\"valueName\":\"search_term_string\"}}],\"inLanguage\":\"en-US\"},{\"@type\":\"Organization\",\"@id\":\"https:\\\/\\\/www.sttk.fi\\\/#organization\",\"name\":\"STTK\",\"url\":\"https:\\\/\\\/www.sttk.fi\\\/\",\"logo\":{\"@type\":\"ImageObject\",\"inLanguage\":\"en-US\",\"@id\":\"https:\\\/\\\/www.sttk.fi\\\/#\\\/schema\\\/logo\\\/image\\\/\",\"url\":\"https:\\\/\\\/www.sttk.fi\\\/wp-content\\\/uploads\\\/sites\\\/2\\\/2025\\\/12\\\/vector3.svg\",\"contentUrl\":\"https:\\\/\\\/www.sttk.fi\\\/wp-content\\\/uploads\\\/sites\\\/2\\\/2025\\\/12\\\/vector3.svg\",\"caption\":\"STTK\"},\"image\":{\"@id\":\"https:\\\/\\\/www.sttk.fi\\\/#\\\/schema\\\/logo\\\/image\\\/\"},\"sameAs\":[\"https:\\\/\\\/www.facebook.com\\\/#!\\\/KeskusjarjestoSTTK\",\"https:\\\/\\\/x.com\\\/STTKMikonkatu\",\"http:\\\/\\\/www.youtube.com\\\/user\\\/protoimihenkilot\"]},{\"@type\":\"Person\",\"@id\":\"https:\\\/\\\/www.sttk.fi\\\/#\\\/schema\\\/person\\\/58abb54d7b15ed34e29dc4514a5c1210\",\"name\":\"paka\",\"image\":{\"@type\":\"ImageObject\",\"inLanguage\":\"en-US\",\"@id\":\"https:\\\/\\\/secure.gravatar.com\\\/avatar\\\/4475a9b815f64182a53e96cb5d0f5f7720cc03120a202c52530424ca5902a916?s=96&d=mm&r=g\",\"url\":\"https:\\\/\\\/secure.gravatar.com\\\/avatar\\\/4475a9b815f64182a53e96cb5d0f5f7720cc03120a202c52530424ca5902a916?s=96&d=mm&r=g\",\"contentUrl\":\"https:\\\/\\\/secure.gravatar.com\\\/avatar\\\/4475a9b815f64182a53e96cb5d0f5f7720cc03120a202c52530424ca5902a916?s=96&d=mm&r=g\",\"caption\":\"paka\"},\"url\":\"https:\\\/\\\/www.sttk.fi\\\/en\\\/author\\\/paka\\\/\"}]}<\/script>\n<!-- \/ Yoast SEO plugin. -->","yoast_head_json":{"title":"Nordic Trade Union Position on the EU Emissions Trading System \u2013 ETS - STTK","description":"It is important that the European Union leads by example. Energy efficiency and the transformation from fossil fuels to electrification are key.","robots":{"index":"index","follow":"follow","max-snippet":"max-snippet:-1","max-image-preview":"max-image-preview:large","max-video-preview":"max-video-preview:-1"},"canonical":"https:\/\/www.sttk.fi\/en\/2026\/04\/27\/nordic-trade-union-position-on-the-eu-emissions-trading-system-ets\/","og_locale":"en_US","og_type":"article","og_title":"Nordic Trade Union Position on the EU Emissions Trading System \u2013 ETS - STTK","og_description":"It is important that the European Union leads by example. Energy efficiency and the transformation from fossil fuels to electrification are key.","og_url":"https:\/\/www.sttk.fi\/en\/2026\/04\/27\/nordic-trade-union-position-on-the-eu-emissions-trading-system-ets\/","og_site_name":"STTK","article_publisher":"https:\/\/www.facebook.com\/#%21%2fKeskusjarjestoSTTK","article_published_time":"2026-04-27T06:57:19+00:00","og_image":[{"width":1200,"height":800,"url":"https:\/\/www.sttk.fi\/wp-content\/uploads\/sites\/2\/2023\/11\/ilmasto-lataaminen.jpg","type":"image\/jpeg"}],"twitter_card":"summary_large_image","twitter_creator":"@STTKMikonkatu","twitter_site":"@STTKMikonkatu","twitter_misc":{"Written by":"paka","Est. reading time":"5 minutes"},"schema":{"@context":"https:\/\/schema.org","@graph":[{"@type":"Article","@id":"https:\/\/www.sttk.fi\/en\/2026\/04\/27\/nordic-trade-union-position-on-the-eu-emissions-trading-system-ets\/#article","isPartOf":{"@id":"https:\/\/www.sttk.fi\/en\/2026\/04\/27\/nordic-trade-union-position-on-the-eu-emissions-trading-system-ets\/"},"author":{"name":"paka","@id":"https:\/\/www.sttk.fi\/#\/schema\/person\/58abb54d7b15ed34e29dc4514a5c1210"},"headline":"Nordic Trade Union Position on the EU Emissions Trading System \u2013 ETS","datePublished":"2026-04-27T06:57:19+00:00","mainEntityOfPage":{"@id":"https:\/\/www.sttk.fi\/en\/2026\/04\/27\/nordic-trade-union-position-on-the-eu-emissions-trading-system-ets\/"},"wordCount":661,"publisher":{"@id":"https:\/\/www.sttk.fi\/#organization"},"image":{"@id":"https:\/\/www.sttk.fi\/en\/2026\/04\/27\/nordic-trade-union-position-on-the-eu-emissions-trading-system-ets\/#primaryimage"},"thumbnailUrl":"https:\/\/www.sttk.fi\/wp-content\/uploads\/sites\/2\/2023\/11\/ilmasto-lataaminen.jpg","articleSection":["News"],"inLanguage":"en-US"},{"@type":"WebPage","@id":"https:\/\/www.sttk.fi\/en\/2026\/04\/27\/nordic-trade-union-position-on-the-eu-emissions-trading-system-ets\/","url":"https:\/\/www.sttk.fi\/en\/2026\/04\/27\/nordic-trade-union-position-on-the-eu-emissions-trading-system-ets\/","name":"Nordic Trade Union Position on the EU Emissions Trading System \u2013 ETS - STTK","isPartOf":{"@id":"https:\/\/www.sttk.fi\/#website"},"primaryImageOfPage":{"@id":"https:\/\/www.sttk.fi\/en\/2026\/04\/27\/nordic-trade-union-position-on-the-eu-emissions-trading-system-ets\/#primaryimage"},"image":{"@id":"https:\/\/www.sttk.fi\/en\/2026\/04\/27\/nordic-trade-union-position-on-the-eu-emissions-trading-system-ets\/#primaryimage"},"thumbnailUrl":"https:\/\/www.sttk.fi\/wp-content\/uploads\/sites\/2\/2023\/11\/ilmasto-lataaminen.jpg","datePublished":"2026-04-27T06:57:19+00:00","description":"It is important that the European Union leads by example. Energy efficiency and the transformation from fossil fuels to electrification are key.","breadcrumb":{"@id":"https:\/\/www.sttk.fi\/en\/2026\/04\/27\/nordic-trade-union-position-on-the-eu-emissions-trading-system-ets\/#breadcrumb"},"inLanguage":"en-US","potentialAction":[{"@type":"ReadAction","target":["https:\/\/www.sttk.fi\/en\/2026\/04\/27\/nordic-trade-union-position-on-the-eu-emissions-trading-system-ets\/"]}]},{"@type":"ImageObject","inLanguage":"en-US","@id":"https:\/\/www.sttk.fi\/en\/2026\/04\/27\/nordic-trade-union-position-on-the-eu-emissions-trading-system-ets\/#primaryimage","url":"https:\/\/www.sttk.fi\/wp-content\/uploads\/sites\/2\/2023\/11\/ilmasto-lataaminen.jpg","contentUrl":"https:\/\/www.sttk.fi\/wp-content\/uploads\/sites\/2\/2023\/11\/ilmasto-lataaminen.jpg","width":1200,"height":800},{"@type":"BreadcrumbList","@id":"https:\/\/www.sttk.fi\/en\/2026\/04\/27\/nordic-trade-union-position-on-the-eu-emissions-trading-system-ets\/#breadcrumb","itemListElement":[{"@type":"ListItem","position":1,"name":"Home","item":"https:\/\/www.sttk.fi\/en\/"},{"@type":"ListItem","position":2,"name":"Nordic Trade Union Position on the EU Emissions Trading System \u2013 ETS"}]},{"@type":"WebSite","@id":"https:\/\/www.sttk.fi\/#website","url":"https:\/\/www.sttk.fi\/","name":"STTK","description":"","publisher":{"@id":"https:\/\/www.sttk.fi\/#organization"},"potentialAction":[{"@type":"SearchAction","target":{"@type":"EntryPoint","urlTemplate":"https:\/\/www.sttk.fi\/?s={search_term_string}"},"query-input":{"@type":"PropertyValueSpecification","valueRequired":true,"valueName":"search_term_string"}}],"inLanguage":"en-US"},{"@type":"Organization","@id":"https:\/\/www.sttk.fi\/#organization","name":"STTK","url":"https:\/\/www.sttk.fi\/","logo":{"@type":"ImageObject","inLanguage":"en-US","@id":"https:\/\/www.sttk.fi\/#\/schema\/logo\/image\/","url":"https:\/\/www.sttk.fi\/wp-content\/uploads\/sites\/2\/2025\/12\/vector3.svg","contentUrl":"https:\/\/www.sttk.fi\/wp-content\/uploads\/sites\/2\/2025\/12\/vector3.svg","caption":"STTK"},"image":{"@id":"https:\/\/www.sttk.fi\/#\/schema\/logo\/image\/"},"sameAs":["https:\/\/www.facebook.com\/#!\/KeskusjarjestoSTTK","https:\/\/x.com\/STTKMikonkatu","http:\/\/www.youtube.com\/user\/protoimihenkilot"]},{"@type":"Person","@id":"https:\/\/www.sttk.fi\/#\/schema\/person\/58abb54d7b15ed34e29dc4514a5c1210","name":"paka","image":{"@type":"ImageObject","inLanguage":"en-US","@id":"https:\/\/secure.gravatar.com\/avatar\/4475a9b815f64182a53e96cb5d0f5f7720cc03120a202c52530424ca5902a916?s=96&d=mm&r=g","url":"https:\/\/secure.gravatar.com\/avatar\/4475a9b815f64182a53e96cb5d0f5f7720cc03120a202c52530424ca5902a916?s=96&d=mm&r=g","contentUrl":"https:\/\/secure.gravatar.com\/avatar\/4475a9b815f64182a53e96cb5d0f5f7720cc03120a202c52530424ca5902a916?s=96&d=mm&r=g","caption":"paka"},"url":"https:\/\/www.sttk.fi\/en\/author\/paka\/"}]}},"_links":{"self":[{"href":"https:\/\/www.sttk.fi\/en\/wp-json\/wp\/v2\/posts\/56775","targetHints":{"allow":["GET"]}}],"collection":[{"href":"https:\/\/www.sttk.fi\/en\/wp-json\/wp\/v2\/posts"}],"about":[{"href":"https:\/\/www.sttk.fi\/en\/wp-json\/wp\/v2\/types\/post"}],"author":[{"embeddable":true,"href":"https:\/\/www.sttk.fi\/en\/wp-json\/wp\/v2\/users\/3"}],"replies":[{"embeddable":true,"href":"https:\/\/www.sttk.fi\/en\/wp-json\/wp\/v2\/comments?post=56775"}],"version-history":[{"count":1,"href":"https:\/\/www.sttk.fi\/en\/wp-json\/wp\/v2\/posts\/56775\/revisions"}],"predecessor-version":[{"id":56776,"href":"https:\/\/www.sttk.fi\/en\/wp-json\/wp\/v2\/posts\/56775\/revisions\/56776"}],"wp:featuredmedia":[{"embeddable":true,"href":"https:\/\/www.sttk.fi\/en\/wp-json\/wp\/v2\/media\/48449"}],"wp:attachment":[{"href":"https:\/\/www.sttk.fi\/en\/wp-json\/wp\/v2\/media?parent=56775"}],"wp:term":[{"taxonomy":"category","embeddable":true,"href":"https:\/\/www.sttk.fi\/en\/wp-json\/wp\/v2\/categories?post=56775"},{"taxonomy":"subject","embeddable":true,"href":"https:\/\/www.sttk.fi\/en\/wp-json\/wp\/v2\/subject?post=56775"}],"curies":[{"name":"wp","href":"https:\/\/api.w.org\/{rel}","templated":true}]}}