{"id":56018,"date":"2026-01-21T14:55:49","date_gmt":"2026-01-21T12:55:49","guid":{"rendered":"https:\/\/www.sttk.fi\/?p=56018"},"modified":"2026-01-21T14:55:50","modified_gmt":"2026-01-21T12:55:50","slug":"joint-nfs-nordic-trade-union-statement-greenland-january-2026","status":"publish","type":"post","link":"https:\/\/www.sttk.fi\/en\/2026\/01\/21\/joint-nfs-nordic-trade-union-statement-greenland-january-2026\/","title":{"rendered":"Joint NFS Nordic Trade Union Statement &#8211; Greenland January 2026"},"content":{"rendered":"\n<p class=\"lead-paragraph\">Once again, the Trump administration has raised the idea of asserting control over<br>Greenland. And once again, the people of Greenland have reaffirmed their<br>determination to decide their own future &#8211; free from external pressure or threats.<\/p>\n\n\n\n<p class=\"lead-paragraph\">The Nordic trade union movement expresses its full support and solidarity with our<br>member organisation, the National Confederation of Trade Unions of Greenland (SIK),<br>and with the people of Greenland. Greenland is an integral part of the Nordic<br>community, and its people have an unquestionable right to determine their own future.<br>This includes the fundamental right to live in safety, free from external pressure or<br>threats.<\/p>\n\n\n\n<p class=\"lead-paragraph\">No country has the right to interfere with Greenland\u2019s self-determination. Any attempt to<br>exert influence through intimidation and coercion, or through economic or political<br>pressure is unacceptable.<\/p>\n\n\n\n<p class=\"lead-paragraph\">SIK President Jess Berthelsen has underlined the importance of responding to external<br>pressure through closer, but equal, cooperation with Denmark. As he stated to the<br>Greenlandic newspaper Sermitsiaq:<br>\u201cNow our politicians must do everything to safeguard the country, and not least the<br>population, and this should be done through even closer cooperation with Denmark,<br>naturally based on mutual respect.\u201d<\/p>\n\n\n\n<p class=\"lead-paragraph\">The will of the Greenlandic people has been clearly and unmistakably expressed. Large<br>public mobilisations against foreign interference have demonstrated a strong and united<br>commitment to sovereignty, dignity, and democratic choice. This is also reflected in<br>public opinion: according to a recent opinion poll, 85% of Greenlanders want to remain<br>in the Danish Realm. Only 6 % have expressed a wish to become a part of the United<br>States.<\/p>\n\n\n\n<p class=\"lead-paragraph\">The Nordic trade union movement stands firmly with Greenland. We will continue to<br>support the right of the Greenlandic people to decide their own path and to be treated<br>with respect as equal members of the international community<\/p>\n\n\n\n<p class=\"lead-paragraph\">In solidarity,<br>The Council of Nordic Trade Unions,<br>Morten Skov Christiansen, President of NFS and FH, Denmark<br>Hans-Erik Skj\u00e6ggerud, Vice President of NFS and President of YS, Norway<br>Tomas Kepler, President of Akademikerne, Denmark<br>Jarkko Eloranta, President of SAK, Finland,<br>Else-Mai Kirvesniemi, President of STTK. Finland<br>Sonja J\u00f3gvansd\u00f3ttir, President of Verkaf\u00f3lk, Faroe Islands<br>Finnbj\u00f6rn A. Hermannsson, President of AS\u00cd, Iceland<br>Sonja \u00ddr \u00deorbergsd\u00f3ttir, President of BSRB, Iceland<br>Kolbr\u00fan Halld\u00f3rsd\u00f3ttir, President of BHM, Iceland<br>Kine Asper Vistnes, President of LO, Norway<br>Steffen Handal, President of Unio, Norway<br>Johan Lindholm, President of LO, Sweden<br>Therese Svanstr\u00f6m, President of TCO, Sweden,<br>Sofia Rydgren Stale, President of Saco, Sweden<br>Magnus Gissler, General Secretary of NFS<\/p>\n","protected":false},"excerpt":{"rendered":"Once again, the Trump administration has raised the idea of asserting control overGreenland. And once again, the people&#8230; ","protected":false},"author":3,"featured_media":56011,"comment_status":"closed","ping_status":"closed","sticky":false,"template":"","format":"standard","meta":{"_acf_changed":false,"lead_paragraph":"","footnotes":""},"categories":[131],"subject":[],"class_list":["post-56018","post","type-post","status-publish","format-standard","has-post-thumbnail","hentry","category-news"],"acf":{"lead_paragraph":""},"yoast_head":"<!-- This site is optimized with the Yoast SEO plugin v27.4 - https:\/\/yoast.com\/product\/yoast-seo-wordpress\/ -->\n<title>Joint NFS Nordic Trade Union Statement - Greenland January 2026 - STTK<\/title>\n<meta name=\"robots\" content=\"index, follow, max-snippet:-1, max-image-preview:large, max-video-preview:-1\" \/>\n<link rel=\"canonical\" href=\"https:\/\/www.sttk.fi\/en\/2026\/01\/21\/joint-nfs-nordic-trade-union-statement-greenland-january-2026\/\" \/>\n<meta property=\"og:locale\" content=\"en_US\" \/>\n<meta property=\"og:type\" content=\"article\" \/>\n<meta property=\"og:title\" content=\"Joint NFS Nordic Trade Union Statement - Greenland January 2026 - STTK\" \/>\n<meta property=\"og:description\" content=\"Once again, the Trump administration has raised the idea of asserting control overGreenland. And once again, the people...\" \/>\n<meta property=\"og:url\" content=\"https:\/\/www.sttk.fi\/en\/2026\/01\/21\/joint-nfs-nordic-trade-union-statement-greenland-january-2026\/\" \/>\n<meta property=\"og:site_name\" content=\"STTK\" \/>\n<meta property=\"article:publisher\" content=\"https:\/\/www.facebook.com\/#%21%2fKeskusjarjestoSTTK\" \/>\n<meta property=\"article:published_time\" content=\"2026-01-21T12:55:49+00:00\" \/>\n<meta property=\"article:modified_time\" content=\"2026-01-21T12:55:50+00:00\" \/>\n<meta property=\"og:image\" content=\"https:\/\/www.sttk.fi\/wp-content\/uploads\/sites\/2\/2026\/01\/gronlanti.png\" \/>\n\t<meta property=\"og:image:width\" content=\"1200\" \/>\n\t<meta property=\"og:image:height\" content=\"675\" \/>\n\t<meta property=\"og:image:type\" content=\"image\/png\" \/>\n<meta name=\"twitter:card\" content=\"summary_large_image\" \/>\n<meta name=\"twitter:creator\" content=\"@STTKMikonkatu\" \/>\n<meta name=\"twitter:site\" content=\"@STTKMikonkatu\" \/>\n<meta name=\"twitter:label1\" content=\"Written by\" \/>\n\t<meta name=\"twitter:data1\" content=\"paka\" \/>\n\t<meta name=\"twitter:label2\" content=\"Est. reading time\" \/>\n\t<meta name=\"twitter:data2\" content=\"3 minutes\" \/>\n<script type=\"application\/ld+json\" class=\"yoast-schema-graph\">{\"@context\":\"https:\\\/\\\/schema.org\",\"@graph\":[{\"@type\":\"Article\",\"@id\":\"https:\\\/\\\/www.sttk.fi\\\/en\\\/2026\\\/01\\\/21\\\/joint-nfs-nordic-trade-union-statement-greenland-january-2026\\\/#article\",\"isPartOf\":{\"@id\":\"https:\\\/\\\/www.sttk.fi\\\/en\\\/2026\\\/01\\\/21\\\/joint-nfs-nordic-trade-union-statement-greenland-january-2026\\\/\"},\"author\":{\"name\":\"paka\",\"@id\":\"https:\\\/\\\/www.sttk.fi\\\/#\\\/schema\\\/person\\\/58abb54d7b15ed34e29dc4514a5c1210\"},\"headline\":\"Joint NFS Nordic Trade Union Statement &#8211; Greenland January 2026\",\"datePublished\":\"2026-01-21T12:55:49+00:00\",\"dateModified\":\"2026-01-21T12:55:50+00:00\",\"mainEntityOfPage\":{\"@id\":\"https:\\\/\\\/www.sttk.fi\\\/en\\\/2026\\\/01\\\/21\\\/joint-nfs-nordic-trade-union-statement-greenland-january-2026\\\/\"},\"wordCount\":395,\"publisher\":{\"@id\":\"https:\\\/\\\/www.sttk.fi\\\/#organization\"},\"image\":{\"@id\":\"https:\\\/\\\/www.sttk.fi\\\/en\\\/2026\\\/01\\\/21\\\/joint-nfs-nordic-trade-union-statement-greenland-january-2026\\\/#primaryimage\"},\"thumbnailUrl\":\"https:\\\/\\\/www.sttk.fi\\\/wp-content\\\/uploads\\\/sites\\\/2\\\/2026\\\/01\\\/gronlanti.png\",\"articleSection\":[\"News\"],\"inLanguage\":\"en-US\"},{\"@type\":\"WebPage\",\"@id\":\"https:\\\/\\\/www.sttk.fi\\\/en\\\/2026\\\/01\\\/21\\\/joint-nfs-nordic-trade-union-statement-greenland-january-2026\\\/\",\"url\":\"https:\\\/\\\/www.sttk.fi\\\/en\\\/2026\\\/01\\\/21\\\/joint-nfs-nordic-trade-union-statement-greenland-january-2026\\\/\",\"name\":\"Joint NFS Nordic Trade Union Statement - Greenland January 2026 - STTK\",\"isPartOf\":{\"@id\":\"https:\\\/\\\/www.sttk.fi\\\/#website\"},\"primaryImageOfPage\":{\"@id\":\"https:\\\/\\\/www.sttk.fi\\\/en\\\/2026\\\/01\\\/21\\\/joint-nfs-nordic-trade-union-statement-greenland-january-2026\\\/#primaryimage\"},\"image\":{\"@id\":\"https:\\\/\\\/www.sttk.fi\\\/en\\\/2026\\\/01\\\/21\\\/joint-nfs-nordic-trade-union-statement-greenland-january-2026\\\/#primaryimage\"},\"thumbnailUrl\":\"https:\\\/\\\/www.sttk.fi\\\/wp-content\\\/uploads\\\/sites\\\/2\\\/2026\\\/01\\\/gronlanti.png\",\"datePublished\":\"2026-01-21T12:55:49+00:00\",\"dateModified\":\"2026-01-21T12:55:50+00:00\",\"breadcrumb\":{\"@id\":\"https:\\\/\\\/www.sttk.fi\\\/en\\\/2026\\\/01\\\/21\\\/joint-nfs-nordic-trade-union-statement-greenland-january-2026\\\/#breadcrumb\"},\"inLanguage\":\"en-US\",\"potentialAction\":[{\"@type\":\"ReadAction\",\"target\":[\"https:\\\/\\\/www.sttk.fi\\\/en\\\/2026\\\/01\\\/21\\\/joint-nfs-nordic-trade-union-statement-greenland-january-2026\\\/\"]}]},{\"@type\":\"ImageObject\",\"inLanguage\":\"en-US\",\"@id\":\"https:\\\/\\\/www.sttk.fi\\\/en\\\/2026\\\/01\\\/21\\\/joint-nfs-nordic-trade-union-statement-greenland-january-2026\\\/#primaryimage\",\"url\":\"https:\\\/\\\/www.sttk.fi\\\/wp-content\\\/uploads\\\/sites\\\/2\\\/2026\\\/01\\\/gronlanti.png\",\"contentUrl\":\"https:\\\/\\\/www.sttk.fi\\\/wp-content\\\/uploads\\\/sites\\\/2\\\/2026\\\/01\\\/gronlanti.png\",\"width\":1200,\"height\":675,\"caption\":\"Kuva: Unsplash \\\/ Johannes Plenio\"},{\"@type\":\"BreadcrumbList\",\"@id\":\"https:\\\/\\\/www.sttk.fi\\\/en\\\/2026\\\/01\\\/21\\\/joint-nfs-nordic-trade-union-statement-greenland-january-2026\\\/#breadcrumb\",\"itemListElement\":[{\"@type\":\"ListItem\",\"position\":1,\"name\":\"Home\",\"item\":\"https:\\\/\\\/www.sttk.fi\\\/en\\\/\"},{\"@type\":\"ListItem\",\"position\":2,\"name\":\"Joint NFS Nordic Trade Union Statement &#8211; Greenland January 2026\"}]},{\"@type\":\"WebSite\",\"@id\":\"https:\\\/\\\/www.sttk.fi\\\/#website\",\"url\":\"https:\\\/\\\/www.sttk.fi\\\/\",\"name\":\"STTK\",\"description\":\"\",\"publisher\":{\"@id\":\"https:\\\/\\\/www.sttk.fi\\\/#organization\"},\"potentialAction\":[{\"@type\":\"SearchAction\",\"target\":{\"@type\":\"EntryPoint\",\"urlTemplate\":\"https:\\\/\\\/www.sttk.fi\\\/?s={search_term_string}\"},\"query-input\":{\"@type\":\"PropertyValueSpecification\",\"valueRequired\":true,\"valueName\":\"search_term_string\"}}],\"inLanguage\":\"en-US\"},{\"@type\":\"Organization\",\"@id\":\"https:\\\/\\\/www.sttk.fi\\\/#organization\",\"name\":\"STTK\",\"url\":\"https:\\\/\\\/www.sttk.fi\\\/\",\"logo\":{\"@type\":\"ImageObject\",\"inLanguage\":\"en-US\",\"@id\":\"https:\\\/\\\/www.sttk.fi\\\/#\\\/schema\\\/logo\\\/image\\\/\",\"url\":\"https:\\\/\\\/www.sttk.fi\\\/wp-content\\\/uploads\\\/sites\\\/2\\\/2025\\\/12\\\/vector3.svg\",\"contentUrl\":\"https:\\\/\\\/www.sttk.fi\\\/wp-content\\\/uploads\\\/sites\\\/2\\\/2025\\\/12\\\/vector3.svg\",\"caption\":\"STTK\"},\"image\":{\"@id\":\"https:\\\/\\\/www.sttk.fi\\\/#\\\/schema\\\/logo\\\/image\\\/\"},\"sameAs\":[\"https:\\\/\\\/www.facebook.com\\\/#!\\\/KeskusjarjestoSTTK\",\"https:\\\/\\\/x.com\\\/STTKMikonkatu\",\"http:\\\/\\\/www.youtube.com\\\/user\\\/protoimihenkilot\"]},{\"@type\":\"Person\",\"@id\":\"https:\\\/\\\/www.sttk.fi\\\/#\\\/schema\\\/person\\\/58abb54d7b15ed34e29dc4514a5c1210\",\"name\":\"paka\",\"image\":{\"@type\":\"ImageObject\",\"inLanguage\":\"en-US\",\"@id\":\"https:\\\/\\\/secure.gravatar.com\\\/avatar\\\/4475a9b815f64182a53e96cb5d0f5f7720cc03120a202c52530424ca5902a916?s=96&d=mm&r=g\",\"url\":\"https:\\\/\\\/secure.gravatar.com\\\/avatar\\\/4475a9b815f64182a53e96cb5d0f5f7720cc03120a202c52530424ca5902a916?s=96&d=mm&r=g\",\"contentUrl\":\"https:\\\/\\\/secure.gravatar.com\\\/avatar\\\/4475a9b815f64182a53e96cb5d0f5f7720cc03120a202c52530424ca5902a916?s=96&d=mm&r=g\",\"caption\":\"paka\"},\"url\":\"https:\\\/\\\/www.sttk.fi\\\/en\\\/author\\\/paka\\\/\"}]}<\/script>\n<!-- \/ Yoast SEO plugin. -->","yoast_head_json":{"title":"Joint NFS Nordic Trade Union Statement - Greenland January 2026 - STTK","robots":{"index":"index","follow":"follow","max-snippet":"max-snippet:-1","max-image-preview":"max-image-preview:large","max-video-preview":"max-video-preview:-1"},"canonical":"https:\/\/www.sttk.fi\/en\/2026\/01\/21\/joint-nfs-nordic-trade-union-statement-greenland-january-2026\/","og_locale":"en_US","og_type":"article","og_title":"Joint NFS Nordic Trade Union Statement - Greenland January 2026 - STTK","og_description":"Once again, the Trump administration has raised the idea of asserting control overGreenland. And once again, the people...","og_url":"https:\/\/www.sttk.fi\/en\/2026\/01\/21\/joint-nfs-nordic-trade-union-statement-greenland-january-2026\/","og_site_name":"STTK","article_publisher":"https:\/\/www.facebook.com\/#%21%2fKeskusjarjestoSTTK","article_published_time":"2026-01-21T12:55:49+00:00","article_modified_time":"2026-01-21T12:55:50+00:00","og_image":[{"width":1200,"height":675,"url":"https:\/\/www.sttk.fi\/wp-content\/uploads\/sites\/2\/2026\/01\/gronlanti.png","type":"image\/png"}],"twitter_card":"summary_large_image","twitter_creator":"@STTKMikonkatu","twitter_site":"@STTKMikonkatu","twitter_misc":{"Written by":"paka","Est. reading time":"3 minutes"},"schema":{"@context":"https:\/\/schema.org","@graph":[{"@type":"Article","@id":"https:\/\/www.sttk.fi\/en\/2026\/01\/21\/joint-nfs-nordic-trade-union-statement-greenland-january-2026\/#article","isPartOf":{"@id":"https:\/\/www.sttk.fi\/en\/2026\/01\/21\/joint-nfs-nordic-trade-union-statement-greenland-january-2026\/"},"author":{"name":"paka","@id":"https:\/\/www.sttk.fi\/#\/schema\/person\/58abb54d7b15ed34e29dc4514a5c1210"},"headline":"Joint NFS Nordic Trade Union Statement &#8211; Greenland January 2026","datePublished":"2026-01-21T12:55:49+00:00","dateModified":"2026-01-21T12:55:50+00:00","mainEntityOfPage":{"@id":"https:\/\/www.sttk.fi\/en\/2026\/01\/21\/joint-nfs-nordic-trade-union-statement-greenland-january-2026\/"},"wordCount":395,"publisher":{"@id":"https:\/\/www.sttk.fi\/#organization"},"image":{"@id":"https:\/\/www.sttk.fi\/en\/2026\/01\/21\/joint-nfs-nordic-trade-union-statement-greenland-january-2026\/#primaryimage"},"thumbnailUrl":"https:\/\/www.sttk.fi\/wp-content\/uploads\/sites\/2\/2026\/01\/gronlanti.png","articleSection":["News"],"inLanguage":"en-US"},{"@type":"WebPage","@id":"https:\/\/www.sttk.fi\/en\/2026\/01\/21\/joint-nfs-nordic-trade-union-statement-greenland-january-2026\/","url":"https:\/\/www.sttk.fi\/en\/2026\/01\/21\/joint-nfs-nordic-trade-union-statement-greenland-january-2026\/","name":"Joint NFS Nordic Trade Union Statement - Greenland January 2026 - STTK","isPartOf":{"@id":"https:\/\/www.sttk.fi\/#website"},"primaryImageOfPage":{"@id":"https:\/\/www.sttk.fi\/en\/2026\/01\/21\/joint-nfs-nordic-trade-union-statement-greenland-january-2026\/#primaryimage"},"image":{"@id":"https:\/\/www.sttk.fi\/en\/2026\/01\/21\/joint-nfs-nordic-trade-union-statement-greenland-january-2026\/#primaryimage"},"thumbnailUrl":"https:\/\/www.sttk.fi\/wp-content\/uploads\/sites\/2\/2026\/01\/gronlanti.png","datePublished":"2026-01-21T12:55:49+00:00","dateModified":"2026-01-21T12:55:50+00:00","breadcrumb":{"@id":"https:\/\/www.sttk.fi\/en\/2026\/01\/21\/joint-nfs-nordic-trade-union-statement-greenland-january-2026\/#breadcrumb"},"inLanguage":"en-US","potentialAction":[{"@type":"ReadAction","target":["https:\/\/www.sttk.fi\/en\/2026\/01\/21\/joint-nfs-nordic-trade-union-statement-greenland-january-2026\/"]}]},{"@type":"ImageObject","inLanguage":"en-US","@id":"https:\/\/www.sttk.fi\/en\/2026\/01\/21\/joint-nfs-nordic-trade-union-statement-greenland-january-2026\/#primaryimage","url":"https:\/\/www.sttk.fi\/wp-content\/uploads\/sites\/2\/2026\/01\/gronlanti.png","contentUrl":"https:\/\/www.sttk.fi\/wp-content\/uploads\/sites\/2\/2026\/01\/gronlanti.png","width":1200,"height":675,"caption":"Kuva: Unsplash \/ Johannes Plenio"},{"@type":"BreadcrumbList","@id":"https:\/\/www.sttk.fi\/en\/2026\/01\/21\/joint-nfs-nordic-trade-union-statement-greenland-january-2026\/#breadcrumb","itemListElement":[{"@type":"ListItem","position":1,"name":"Home","item":"https:\/\/www.sttk.fi\/en\/"},{"@type":"ListItem","position":2,"name":"Joint NFS Nordic Trade Union Statement &#8211; Greenland January 2026"}]},{"@type":"WebSite","@id":"https:\/\/www.sttk.fi\/#website","url":"https:\/\/www.sttk.fi\/","name":"STTK","description":"","publisher":{"@id":"https:\/\/www.sttk.fi\/#organization"},"potentialAction":[{"@type":"SearchAction","target":{"@type":"EntryPoint","urlTemplate":"https:\/\/www.sttk.fi\/?s={search_term_string}"},"query-input":{"@type":"PropertyValueSpecification","valueRequired":true,"valueName":"search_term_string"}}],"inLanguage":"en-US"},{"@type":"Organization","@id":"https:\/\/www.sttk.fi\/#organization","name":"STTK","url":"https:\/\/www.sttk.fi\/","logo":{"@type":"ImageObject","inLanguage":"en-US","@id":"https:\/\/www.sttk.fi\/#\/schema\/logo\/image\/","url":"https:\/\/www.sttk.fi\/wp-content\/uploads\/sites\/2\/2025\/12\/vector3.svg","contentUrl":"https:\/\/www.sttk.fi\/wp-content\/uploads\/sites\/2\/2025\/12\/vector3.svg","caption":"STTK"},"image":{"@id":"https:\/\/www.sttk.fi\/#\/schema\/logo\/image\/"},"sameAs":["https:\/\/www.facebook.com\/#!\/KeskusjarjestoSTTK","https:\/\/x.com\/STTKMikonkatu","http:\/\/www.youtube.com\/user\/protoimihenkilot"]},{"@type":"Person","@id":"https:\/\/www.sttk.fi\/#\/schema\/person\/58abb54d7b15ed34e29dc4514a5c1210","name":"paka","image":{"@type":"ImageObject","inLanguage":"en-US","@id":"https:\/\/secure.gravatar.com\/avatar\/4475a9b815f64182a53e96cb5d0f5f7720cc03120a202c52530424ca5902a916?s=96&d=mm&r=g","url":"https:\/\/secure.gravatar.com\/avatar\/4475a9b815f64182a53e96cb5d0f5f7720cc03120a202c52530424ca5902a916?s=96&d=mm&r=g","contentUrl":"https:\/\/secure.gravatar.com\/avatar\/4475a9b815f64182a53e96cb5d0f5f7720cc03120a202c52530424ca5902a916?s=96&d=mm&r=g","caption":"paka"},"url":"https:\/\/www.sttk.fi\/en\/author\/paka\/"}]}},"_links":{"self":[{"href":"https:\/\/www.sttk.fi\/en\/wp-json\/wp\/v2\/posts\/56018","targetHints":{"allow":["GET"]}}],"collection":[{"href":"https:\/\/www.sttk.fi\/en\/wp-json\/wp\/v2\/posts"}],"about":[{"href":"https:\/\/www.sttk.fi\/en\/wp-json\/wp\/v2\/types\/post"}],"author":[{"embeddable":true,"href":"https:\/\/www.sttk.fi\/en\/wp-json\/wp\/v2\/users\/3"}],"replies":[{"embeddable":true,"href":"https:\/\/www.sttk.fi\/en\/wp-json\/wp\/v2\/comments?post=56018"}],"version-history":[{"count":1,"href":"https:\/\/www.sttk.fi\/en\/wp-json\/wp\/v2\/posts\/56018\/revisions"}],"predecessor-version":[{"id":56019,"href":"https:\/\/www.sttk.fi\/en\/wp-json\/wp\/v2\/posts\/56018\/revisions\/56019"}],"wp:featuredmedia":[{"embeddable":true,"href":"https:\/\/www.sttk.fi\/en\/wp-json\/wp\/v2\/media\/56011"}],"wp:attachment":[{"href":"https:\/\/www.sttk.fi\/en\/wp-json\/wp\/v2\/media?parent=56018"}],"wp:term":[{"taxonomy":"category","embeddable":true,"href":"https:\/\/www.sttk.fi\/en\/wp-json\/wp\/v2\/categories?post=56018"},{"taxonomy":"subject","embeddable":true,"href":"https:\/\/www.sttk.fi\/en\/wp-json\/wp\/v2\/subject?post=56018"}],"curies":[{"name":"wp","href":"https:\/\/api.w.org\/{rel}","templated":true}]}}